{"id":4072,"date":"2014-01-27T17:36:34","date_gmt":"2014-01-27T19:36:34","guid":{"rendered":"http:\/\/catolicanet.net\/wp-cnet\/pe-fabio-de-melo-fala-sobre-o-trofeu-louvemos-o-senhor\/"},"modified":"2017-04-04T11:00:28","modified_gmt":"2017-04-04T14:00:28","slug":"pe-fabio-de-melo-fala-sobre-o-trofeu-louvemos-o-senhor","status":"publish","type":"post","link":"https:\/\/catolicanet.net\/wp-cnet\/pe-fabio-de-melo-fala-sobre-o-trofeu-louvemos-o-senhor\/","title":{"rendered":"Pe. F\u00e1bio de Melo fala sobre o Trof\u00e9u Louvemos o Senhor"},"content":{"rendered":"<p style=\"text-align: center;\"><img loading=\"lazy\" decoding=\"async\" src=\"http:\/\/www.catolicanet.com.br\/images\/stories\/pefabiodemelotrofeu.jpg\" border=\"0\" width=\"239\" height=\"400\" align=\"left\" \/><br \/><strong>Cantor e compositor premiado fala sobre expectativas e inscri\u00e7\u00e3o do projeto \u201cQueremos Deus\u201d na 6\u00aa Edi\u00e7\u00e3o do Pr\u00eamio<\/strong><\/p>\n<p style=\"text-align: justify;\">\u201c\u00c9 o maior trof\u00e9u que n\u00f3s temos. \u00c9 a maior premia\u00e7\u00e3o\u201d da m\u00fasica cat\u00f3lica, afirmou Pe. F\u00e1bio de Melo durante entrevista \u00e0 Rede S\u00e9culo 21 sobre o Trof\u00e9u Louvemos o Senhor. Em sua 6\u00aa Edi\u00e7\u00e3o, o pr\u00eamio deve reunir artistas de todo o Brasil, com as inscri\u00e7\u00f5es que buscam valorizar o trabalho desenvolvido pelos cantores cat\u00f3licos e que ser\u00e3o premiados em 31 categorias. <br \/>Em rela\u00e7\u00e3o \u00e0 sua participa\u00e7\u00e3o no Trof\u00e9u Louvemos o Senhor, Pe. F\u00e1bio afirmou que dever\u00e1 se inscrever com o trabalho \u201cQueremos Deus\u201d. \u201cSe ele for indicado vou ficar muito feliz. O novo DVD foi gravado no ano passado (2013). Foi uma alegria muito grande poder realizar este trabalho, o maior de todos que j\u00e1 fiz at\u00e9 hoje\u201d, destacou.<br \/>Pe. F\u00e1bio de Melo j\u00e1 participou das \u00faltimas cinco edi\u00e7\u00f5es do Trof\u00e9u Louvemos, somando dez trof\u00e9us, com destaque para Cantor do Ano em 2012 e 2013. \u201cEstar no Trofeu Louvemos o Senhor todos os anos \u00e9 um reconhecimento que recebo com muita responsabilidade, por saber que o povo que nos assiste \u00e9 o povo que vota, que ajuda a indicar tamb\u00e9m. Ficarei muito feliz em participar\u201d, e acrescentou: \u201cum orgulho ver todos os trof\u00e9us que ganhei, mas lembrar que cada reconhecimento daqueles precisa me tornar ainda mais respons\u00e1vel por aquilo que eu fa\u00e7o\u201d.<br \/>Ao longo da hist\u00f3ria, o Trof\u00e9u Louvemos o Senhor j\u00e1 recebeu mais de 800 inscri\u00e7\u00f5es, e premiou mais de cem artistas cat\u00f3licos, em diferentes categorias, que valorizam todos os aspectos e estilos da m\u00fasica crist\u00e3, que sempre contribui para a evangeliza\u00e7\u00e3o.<br \/>Para Pe. F\u00e1bio de Melo, este \u201c\u00e9 o maior trof\u00e9u que n\u00f3s temos. \u00c9 a maior premia\u00e7\u00e3o. Eu acredito que \u00e9 uma forma de valorizar quem est\u00e1 chegando. Porque o Trof\u00e9u Louvemos n\u00e3o valoriza e nem premia somente quem est\u00e1 em destaque h\u00e1 tanto tempo, mas o Trof\u00e9u Louvemos d\u00e1 um jeito de ir l\u00e1 buscar quem esta iniciando. Cria categorias para que a gente tenha a oportunidade de conhecer novas m\u00fasicas, novos compositores, novos cantores\u201d.<br \/>Para finalizar a entrevista, Pe. F\u00e1bio de Melo falou sobre a representatividade que o Trof\u00e9u Louvemos o Senhor tem para a m\u00fasica cat\u00f3lica. \u201cEu acho que o grande m\u00e9rito do trof\u00e9u \u00e9 este: n\u00e3o s\u00f3 premiar, mas \u00e9 premiar quem est\u00e1 come\u00e7ando\u201d, conclui.<\/p>\n<p style=\"text-align: justify;\">\n<p><strong>Local: S\u00e3o Paulo (SP)<br \/>Fonte: Assessoria de Imprensa<br \/><\/strong><\/p>\n","protected":false},"excerpt":{"rendered":"<p>Cantor e compositor premiado fala sobre expectativas e inscri\u00e7\u00e3o do projeto \u201cQueremos Deus\u201d na 6\u00aa Edi\u00e7\u00e3o do Pr\u00eamio \u201c\u00c9 o maior trof\u00e9u que n\u00f3s temos. \u00c9 a maior premia\u00e7\u00e3o\u201d da m\u00fasica cat\u00f3lica, afirmou Pe. F\u00e1bio de Melo durante entrevista \u00e0 Rede S\u00e9culo 21 sobre o Trof\u00e9u Louvemos o Senhor. Em sua 6\u00aa Edi\u00e7\u00e3o, o pr\u00eamio [&hellip;]<\/p>\n","protected":false},"author":1,"featured_media":0,"comment_status":"closed","ping_status":"closed","sticky":false,"template":"","format":"standard","meta":{"footnotes":""},"categories":[4],"tags":[],"class_list":["post-4072","post","type-post","status-publish","format-standard","hentry","category-cotidiano"],"_links":{"self":[{"href":"https:\/\/catolicanet.net\/wp-cnet\/wp-json\/wp\/v2\/posts\/4072","targetHints":{"allow":["GET"]}}],"collection":[{"href":"https:\/\/catolicanet.net\/wp-cnet\/wp-json\/wp\/v2\/posts"}],"about":[{"href":"https:\/\/catolicanet.net\/wp-cnet\/wp-json\/wp\/v2\/types\/post"}],"author":[{"embeddable":true,"href":"https:\/\/catolicanet.net\/wp-cnet\/wp-json\/wp\/v2\/users\/1"}],"replies":[{"embeddable":true,"href":"https:\/\/catolicanet.net\/wp-cnet\/wp-json\/wp\/v2\/comments?post=4072"}],"version-history":[{"count":1,"href":"https:\/\/catolicanet.net\/wp-cnet\/wp-json\/wp\/v2\/posts\/4072\/revisions"}],"predecessor-version":[{"id":8959,"href":"https:\/\/catolicanet.net\/wp-cnet\/wp-json\/wp\/v2\/posts\/4072\/revisions\/8959"}],"wp:attachment":[{"href":"https:\/\/catolicanet.net\/wp-cnet\/wp-json\/wp\/v2\/media?parent=4072"}],"wp:term":[{"taxonomy":"category","embeddable":true,"href":"https:\/\/catolicanet.net\/wp-cnet\/wp-json\/wp\/v2\/categories?post=4072"},{"taxonomy":"post_tag","embeddable":true,"href":"https:\/\/catolicanet.net\/wp-cnet\/wp-json\/wp\/v2\/tags?post=4072"}],"curies":[{"name":"wp","href":"https:\/\/api.w.org\/{rel}","templated":true}]}}