{"id":4062,"date":"2014-01-27T15:29:11","date_gmt":"2014-01-27T17:29:11","guid":{"rendered":"http:\/\/catolicanet.net\/wp-cnet\/papa-a-rabino-qque-o-horror-do-holocausto-jamais-se-repitaq\/"},"modified":"2017-04-04T11:05:18","modified_gmt":"2017-04-04T14:05:18","slug":"papa-a-rabino-qque-o-horror-do-holocausto-jamais-se-repitaq","status":"publish","type":"post","link":"https:\/\/catolicanet.net\/wp-cnet\/papa-a-rabino-qque-o-horror-do-holocausto-jamais-se-repitaq\/","title":{"rendered":"Papa a rabino: &#8220;Que o horror do Holocausto jamais se repita&#8221;"},"content":{"rendered":"<p style=\"text-align: justify;\"><img decoding=\"async\" src=\"http:\/\/www.catolicanet.com.br\/images\/stories\/papaarabino.jpg\" border=\"0\" align=\"left\" \/>Nesta segunda-feira, 27 de janeiro, \u00e9 celebrado o Dia Internacional de comemora\u00e7\u00e3o em mem\u00f3ria das v\u00edtimas do Holocausto. A data foi escolhida para recordar o genoc\u00eddio dos judeus na Europa no dia em que, em 1945, as tropas sovi\u00e9ticas abateram os port\u00f5es do campo de concentra\u00e7\u00e3o de Auschwitz.<\/p>\n<p>Nesta ocasi\u00e3o, o Papa Francisco escreveu uma carta a seu amigo, rabino de Buenos Aires, Avraham Skorka, com o qual publicou em 2010 o livro \u201cO c\u00e9u e a terra\u201d. A mensagem, escrita a m\u00e3o, ser\u00e1 lida na noite do dia 27, antes do concerto musical \u201cOs violinos da esperan\u00e7a\u201d, no audit\u00f3rio da cidade de Roma.<\/p>\n<p>\u201cQue todos os que participem deste evento possam se identificar nas l\u00e1grimas hist\u00f3ricas que nos chegam atrav\u00e9s dos violinos, e sintam o desejo de se comprometer para que aquele horror n\u00e3o mais se repita, porque constitui uma vergonha para a humanidade\u201d, diz a carta.<\/p>\n<p>\u201cEstou espiritualmente com voc\u00eas neste evento, que \u00e9 por si s\u00f3, uma mensagem\u201d, assegura Francisco ao amigo, que est\u00e1 em Roma justamente para encontrar o Santo Padre, com uma delega\u00e7\u00e3o de l\u00edderes da sua comunidade e decidiu prolongar sua estada em Roma para assistir ao concerto.<\/p>\n<p>\u201cAgrade\u00e7o o Papa por suas palavras, e espero que o di\u00e1logo entre judeus e crist\u00e3os possa continuar progredindo e dando frutos, num clima de respeito pelas diferentes culturas e tradi\u00e7\u00f5es, das quais as amig\u00e1veis palavras de Francisco s\u00e3o testemunho\u201d, comentou o Presidente das Comunidades Judaicas Italianas, Renzo Cattegna.<\/p>\n<p>Por sua vez, o rabino argentino Skorka se disse satisfeito com a carta e pelo fato que o Papa o autorizou a divulg\u00e1-la publicamente, como demonstra\u00e7\u00e3o dos sentimentos compartilhados por ambos.<\/p>\n<p style=\"text-align: justify;\"><strong><br \/><\/strong><\/p>\n<p style=\"text-align: justify;\"><strong>Local: Cidade do Vaticano<br \/>Fonte: R\u00e1dio Vaticano<\/strong><\/p>\n","protected":false},"excerpt":{"rendered":"<p>Nesta segunda-feira, 27 de janeiro, \u00e9 celebrado o Dia Internacional de comemora\u00e7\u00e3o em mem\u00f3ria das v\u00edtimas do Holocausto. A data foi escolhida para recordar o genoc\u00eddio dos judeus na Europa no dia em que, em 1945, as tropas sovi\u00e9ticas abateram os port\u00f5es do campo de concentra\u00e7\u00e3o de Auschwitz. Nesta ocasi\u00e3o, o Papa Francisco escreveu uma [&hellip;]<\/p>\n","protected":false},"author":1,"featured_media":4061,"comment_status":"closed","ping_status":"closed","sticky":false,"template":"","format":"standard","meta":{"footnotes":""},"categories":[3],"tags":[],"class_list":["post-4062","post","type-post","status-publish","format-standard","has-post-thumbnail","hentry","category-vaticano"],"_links":{"self":[{"href":"https:\/\/catolicanet.net\/wp-cnet\/wp-json\/wp\/v2\/posts\/4062","targetHints":{"allow":["GET"]}}],"collection":[{"href":"https:\/\/catolicanet.net\/wp-cnet\/wp-json\/wp\/v2\/posts"}],"about":[{"href":"https:\/\/catolicanet.net\/wp-cnet\/wp-json\/wp\/v2\/types\/post"}],"author":[{"embeddable":true,"href":"https:\/\/catolicanet.net\/wp-cnet\/wp-json\/wp\/v2\/users\/1"}],"replies":[{"embeddable":true,"href":"https:\/\/catolicanet.net\/wp-cnet\/wp-json\/wp\/v2\/comments?post=4062"}],"version-history":[{"count":1,"href":"https:\/\/catolicanet.net\/wp-cnet\/wp-json\/wp\/v2\/posts\/4062\/revisions"}],"predecessor-version":[{"id":8963,"href":"https:\/\/catolicanet.net\/wp-cnet\/wp-json\/wp\/v2\/posts\/4062\/revisions\/8963"}],"wp:featuredmedia":[{"embeddable":true,"href":"https:\/\/catolicanet.net\/wp-cnet\/wp-json\/wp\/v2\/media\/4061"}],"wp:attachment":[{"href":"https:\/\/catolicanet.net\/wp-cnet\/wp-json\/wp\/v2\/media?parent=4062"}],"wp:term":[{"taxonomy":"category","embeddable":true,"href":"https:\/\/catolicanet.net\/wp-cnet\/wp-json\/wp\/v2\/categories?post=4062"},{"taxonomy":"post_tag","embeddable":true,"href":"https:\/\/catolicanet.net\/wp-cnet\/wp-json\/wp\/v2\/tags?post=4062"}],"curies":[{"name":"wp","href":"https:\/\/api.w.org\/{rel}","templated":true}]}}