{"id":40595,"date":"2018-05-07T13:33:42","date_gmt":"2018-05-07T16:33:42","guid":{"rendered":"http:\/\/catolicanet.net\/wp-cnet\/?p=40595"},"modified":"2018-05-07T13:33:42","modified_gmt":"2018-05-07T16:33:42","slug":"comunhao-com-deus","status":"publish","type":"post","link":"https:\/\/catolicanet.net\/wp-cnet\/comunhao-com-deus\/","title":{"rendered":"Comunh\u00e3o com Deus!"},"content":{"rendered":"<p>A Solenidade da Ascens\u00e3o de Jesus que hoje celebramos sugere que, no final do caminho percorrido no amor e na doa\u00e7\u00e3o, est\u00e1 a vida definitiva, a comunh\u00e3o com Deus. Sugere tamb\u00e9m que Jesus nos deixou o testemunho e que somos n\u00f3s, seus seguidores, que devemos continuar a realizar o projeto libertador de Deus para os homens e para o mundo.<\/p>\n<p>No Evangelho(Mc 16,15-20), Jesus ressuscitado aparece aos disc\u00edpulos, ajuda-os a vencer a desilus\u00e3o e o comodismo e envia-os em miss\u00e3o, como testemunhas do projeto de salva\u00e7\u00e3o de Deus. De junto do Pai, Jesus continuar\u00e1 a acompanhar os disc\u00edpulos e, atrav\u00e9s deles, a oferecer aos homens a vida nova e definitiva. Quando os disc\u00edpulos pensavam: \u201cAgora que Jesus venceu a morte, ele veio para ficar\u201d, eis que Jesus some, desaparece diante de seus olhos. E some para sempre. Ou melhor, sobe para sempre. Pois o desaparecimento de Jesus n\u00e3o \u00e9 qualquer desaparecimento. \u00c9 a sua Ascens\u00e3o. Sem a qual \u2013 como ele mesmo nos diz \u2013 o Esp\u00edrito Santo n\u00e3o poderia ser concedido.<\/p>\n<p>O que a Ascen\u00e7\u00e3o nos ensina?\u00a0 A primeira li\u00e7\u00e3o \u00e9 que a Ascens\u00e3o de Jesus ao c\u00e9u nos faz reviver a Paix\u00e3o. Por isso, nesta semana precedente da Ascens\u00e3o de Jesus ao c\u00e9u ouvimos v\u00e1rias vezes: \u201cSubo para meu Pai e vosso Pai, meu Deus e vosso Deus\u201d(Jo 20,17) e \u201cEu vou para o Pai\u201d(Jo 14,28.16,28.20,17). A segunda li\u00e7\u00e3o \u00e9 que Jesus, subindo para o Pai, n\u00e3o nos deixa sozinhos, mas nos leva consigo. Jesus, na ascens\u00e3o se despede da humanidade que o abra\u00e7ara na Encarna\u00e7\u00e3o, no Natal. Jesus, sendo Deus, encarnou-se para fazer-se homem e Jesus ascende aos c\u00e9us para fazer dos homens, outros deuses(Sl 81,6).<\/p>\n<p>Na primeira leitura(At 1,1-11), repete-se a mensagem essencial desta festa: Jesus, depois de ter apresentado ao mundo o projeto do Pai, entrou na vida definitiva da comunh\u00e3o com Deus \u2013 a mesma vida que espera todos os que percorrem o mesmo \u201ccaminho\u201d que Jesus percorreu. Quanto aos disc\u00edpulos: eles n\u00e3o podem ficar a olhar para o c\u00e9u, numa passividade alienante; mas t\u00eam de ir para o meio dos homens continuar o projeto de Jesus.<\/p>\n<p>A segunda leitura(Ef 1,17-23) convida os disc\u00edpulos a terem consci\u00eancia da esperan\u00e7a a que foram chamados (a vida plena de comunh\u00e3o com Deus). Devem caminhar ao encontro dessa \u201cesperan\u00e7a\u201d de m\u00e3os dadas com os irm\u00e3os \u2013 membros do mesmo \u201ccorpo\u201d \u2013 e em comunh\u00e3o com Cristo, a \u201ccabe\u00e7a\u201d desse \u201ccorpo\u201d. Cristo reside no seu \u201ccorpo\u201d que \u00e9 a Igreja; e \u00e9 nela que se torna hoje presente no meio dos homens.<\/p>\n<p>O Papa Bento XVI resumiu bem a solenidade de hoje: \u201cA Ascens\u00e3o \u00e9 o \u00faltimo ato da nossa liberta\u00e7\u00e3o do peso do pecado\u201d, disse o Papa, que acrescentou: \u201cPor isso os disc\u00edpulos, quando viram o Mestre levantar-se da terra e elevar-se para o alto, n\u00e3o foram tomados pelo desconforto, mas sentiram uma grande alegria e sentiram-se encorajados a proclamar a vit\u00f3ria de Cristo sobre a morte&#8221; (cfr Mc 16,20). Sobre o significado da Ascens\u00e3o, o Santo Padre explicou que esse gesto do senhor, revela que &#8220;em Cristo a nossa humanidade \u00e9 levada \u00e0s alturas de Deus, assim, a cada vez que rezamos, a terra une-se ao C\u00e9u. E como o incenso, queimando, faz subir \u00e0s alturas a sua fuma\u00e7a de suave perfume, de forma que, quando elevamos ao Senhor a nossa fervorosa e confiante ora\u00e7\u00e3o, em Cristo, ela atravessa os c\u00e9us e alcan\u00e7a o Reino de Deus, \u00e9 por ele ouvida e atendida\u201d. (<a href=\"https:\/\/noticias.cancaonova.com\/papa\/bento-xvi-explica-solenidade-da-ascensao-do-senhor\/\">https:\/\/noticias.cancaonova.com\/papa\/bento-xvi-explica-solenidade-da-ascensao-do-senhor\/<\/a>, \u00faltimo acesso em 07 de maio de 2018).<\/p>\n<p>A Ascens\u00e3o do Senhor significa que Cristo n\u00e3o se afastou de n\u00f3s, mas que agora, gra\u00e7as ao Seu ser com o Pai, est\u00e1 pr\u00f3ximo de cada um de n\u00f3s, para sempre. Cada um de n\u00f3s pode cham\u00e1-Lo por tu; todos os podem chamar. O Senhor ouve-nos sempre. Podemos afastar-nos dele interiormente podemos viver voltando-lhe as costas. Mas Ele espera-nos sempre, e est\u00e1 sempre perto de n\u00f3s.<\/p>\n","protected":false},"excerpt":{"rendered":"<p>A Solenidade da Ascens\u00e3o de Jesus que hoje celebramos sugere que, no final do caminho percorrido no amor e na doa\u00e7\u00e3o, est\u00e1 a vida definitiva, a comunh\u00e3o com Deus. Sugere tamb\u00e9m que Jesus nos deixou o testemunho e que somos n\u00f3s, seus seguidores, que devemos continuar a realizar o projeto libertador de Deus para os [&hellip;]<\/p>\n","protected":false},"author":10,"featured_media":32785,"comment_status":"open","ping_status":"closed","sticky":false,"template":"","format":"standard","meta":{"footnotes":""},"categories":[9],"tags":[],"class_list":["post-40595","post","type-post","status-publish","format-standard","has-post-thumbnail","hentry","category-artigos"],"_links":{"self":[{"href":"https:\/\/catolicanet.net\/wp-cnet\/wp-json\/wp\/v2\/posts\/40595","targetHints":{"allow":["GET"]}}],"collection":[{"href":"https:\/\/catolicanet.net\/wp-cnet\/wp-json\/wp\/v2\/posts"}],"about":[{"href":"https:\/\/catolicanet.net\/wp-cnet\/wp-json\/wp\/v2\/types\/post"}],"author":[{"embeddable":true,"href":"https:\/\/catolicanet.net\/wp-cnet\/wp-json\/wp\/v2\/users\/10"}],"replies":[{"embeddable":true,"href":"https:\/\/catolicanet.net\/wp-cnet\/wp-json\/wp\/v2\/comments?post=40595"}],"version-history":[{"count":1,"href":"https:\/\/catolicanet.net\/wp-cnet\/wp-json\/wp\/v2\/posts\/40595\/revisions"}],"predecessor-version":[{"id":40596,"href":"https:\/\/catolicanet.net\/wp-cnet\/wp-json\/wp\/v2\/posts\/40595\/revisions\/40596"}],"wp:featuredmedia":[{"embeddable":true,"href":"https:\/\/catolicanet.net\/wp-cnet\/wp-json\/wp\/v2\/media\/32785"}],"wp:attachment":[{"href":"https:\/\/catolicanet.net\/wp-cnet\/wp-json\/wp\/v2\/media?parent=40595"}],"wp:term":[{"taxonomy":"category","embeddable":true,"href":"https:\/\/catolicanet.net\/wp-cnet\/wp-json\/wp\/v2\/categories?post=40595"},{"taxonomy":"post_tag","embeddable":true,"href":"https:\/\/catolicanet.net\/wp-cnet\/wp-json\/wp\/v2\/tags?post=40595"}],"curies":[{"name":"wp","href":"https:\/\/api.w.org\/{rel}","templated":true}]}}