{"id":4059,"date":"2014-01-26T03:00:00","date_gmt":"2014-01-26T05:00:00","guid":{"rendered":"http:\/\/catolicanet.net\/wp-cnet\/a-luz-que-brilha-sobre-a-divisao-e-nos-une\/"},"modified":"2017-04-04T11:07:17","modified_gmt":"2017-04-04T14:07:17","slug":"a-luz-que-brilha-sobre-a-divisao-e-nos-une","status":"publish","type":"post","link":"https:\/\/catolicanet.net\/wp-cnet\/a-luz-que-brilha-sobre-a-divisao-e-nos-une\/","title":{"rendered":"A luz que brilha sobre a divis\u00e3o e nos une!"},"content":{"rendered":"<p style=\"text-align: justify;\">A liturgia deste terceiro domingo do tempo comum nos introduz na din\u00e2mica do Reino de Deus e no chamado dos primeiros disc\u00edpulos.<br \/>Como comunidade eclesial nos reunimos todos os domingos em nome de Nosso Senhor Jesus Cristo, luz que ilumina a humanidade. \u00c9 esta luz divina que ilumina os caminhos da nossa comunidade, a conviv\u00eancia, a miss\u00e3o e o trabalho nossos de cada dia. Atendendo ao chamado do Senhor para segui-lo, tornamo-nos seus disc\u00edpulos no an\u00fancio e na propaga\u00e7\u00e3o do Reino de Deus.<br \/>S\u00e3o Paulo, neste domingo, nos chama a viver a conc\u00f3rdia e que n\u00e3o se tenha divis\u00f5es na comunidade eclesial. S\u00e3o palavras oportunas, sempre repetidas pelo Papa Francisco, as do Ap\u00f3stolo Paulo \u00e0 Comunidade de Corinto: &#8220;Irm\u00e3os, eu vos exorto, pelo nome do Senhor nosso, Jesus Cristo, a que sejais todos concordes uns com os outros e n\u00e3o admitais divis\u00f5es entre v\u00f3s. Pelo contr\u00e1rio, sede bem unidos e concordes no pensar e no falar. Com efeito, pessoas da fam\u00edlia de Clo\u00e9 informaram-me a vosso respeito, meus irm\u00e3os, que est\u00e1 havendo contendas entre v\u00f3s. Digo isso porque cada um de v\u00f3s afirma: &#8220;Eu sou de Paulo&#8221;, ou &#8220;eu sou de Apolo&#8221;, ou &#8220;eu sou de Cefas&#8221;, ou &#8220;eu sou de Cristo&#8221;. Ser\u00e1 que Cristo est\u00e1 dividido? Acaso Paulo \u00e9 que foi crucificado por amor de v\u00f3s? Ou \u00e9 no nome de Paulo que fostes batizados?&#8221; Fica claro que as disputas de poder, na Igreja, causam grande sofrimento. Infelizmente vendo alguns pregando o culto de si pr\u00f3prio e n\u00e3o a doutrina completa e integral de Cristo Ressuscitado.<br \/>Por isso, Jesus come\u00e7a a sua prega\u00e7\u00e3o nas periferias existenciais do seu pa\u00eds. Inicia a sua vida p\u00fablica, na Galil\u00e9ia dos Pag\u00e3os. Lugar que n\u00e3o tinha nenhuma import\u00e2ncia econ\u00f4mica, nem pol\u00edtica e nem social, foi neste lugar in\u00f3spito que Jesus anunciou o Reino de Deus, com a chamada universal \u00e0 santidade:&#8221;Convertei-vos, porque o Reino dos c\u00e9us est\u00e1 pr\u00f3ximo&#8221;(cf. Mt 4, 17), &#8220;porque o povo que vivia nas trevas viu uma grande luz, e para os que viviam na regi\u00e3o escura da morte brilhou uma luz&#8221;(cf. Mt 4,16).<br \/>Neste momento em que Jesus chama os dois filhos de\u00a0 Zebedeu, Sim\u00e3o e seu irm\u00e3o Andr\u00e9, o Senhor demonstra que usa dos pecadores, dos menores, dos mais rejeitados e dos mais maltratados para manifestar o Reino de Deus, que \u00e9 mist\u00e9rio de amor e de doa\u00e7\u00e3o pela humanidade.<br \/>Cantemos, pois, nesta semana pedindo que o Senhor seja a nossa luz e a nossa salva\u00e7\u00e3o.O senhor \u00e9 a prote\u00e7\u00e3o de minha vida, nenhum mal temeremos!<\/p>\n","protected":false},"excerpt":{"rendered":"<p>A liturgia deste terceiro domingo do tempo comum nos introduz na din\u00e2mica do Reino de Deus e no chamado dos primeiros disc\u00edpulos.Como comunidade eclesial nos reunimos todos os domingos em nome de Nosso Senhor Jesus Cristo, luz que ilumina a humanidade. \u00c9 esta luz divina que ilumina os caminhos da nossa comunidade, a conviv\u00eancia, a [&hellip;]<\/p>\n","protected":false},"author":10,"featured_media":0,"comment_status":"closed","ping_status":"closed","sticky":false,"template":"","format":"standard","meta":{"footnotes":""},"categories":[9],"tags":[],"class_list":["post-4059","post","type-post","status-publish","format-standard","hentry","category-artigos"],"_links":{"self":[{"href":"https:\/\/catolicanet.net\/wp-cnet\/wp-json\/wp\/v2\/posts\/4059","targetHints":{"allow":["GET"]}}],"collection":[{"href":"https:\/\/catolicanet.net\/wp-cnet\/wp-json\/wp\/v2\/posts"}],"about":[{"href":"https:\/\/catolicanet.net\/wp-cnet\/wp-json\/wp\/v2\/types\/post"}],"author":[{"embeddable":true,"href":"https:\/\/catolicanet.net\/wp-cnet\/wp-json\/wp\/v2\/users\/10"}],"replies":[{"embeddable":true,"href":"https:\/\/catolicanet.net\/wp-cnet\/wp-json\/wp\/v2\/comments?post=4059"}],"version-history":[{"count":1,"href":"https:\/\/catolicanet.net\/wp-cnet\/wp-json\/wp\/v2\/posts\/4059\/revisions"}],"predecessor-version":[{"id":8967,"href":"https:\/\/catolicanet.net\/wp-cnet\/wp-json\/wp\/v2\/posts\/4059\/revisions\/8967"}],"wp:attachment":[{"href":"https:\/\/catolicanet.net\/wp-cnet\/wp-json\/wp\/v2\/media?parent=4059"}],"wp:term":[{"taxonomy":"category","embeddable":true,"href":"https:\/\/catolicanet.net\/wp-cnet\/wp-json\/wp\/v2\/categories?post=4059"},{"taxonomy":"post_tag","embeddable":true,"href":"https:\/\/catolicanet.net\/wp-cnet\/wp-json\/wp\/v2\/tags?post=4059"}],"curies":[{"name":"wp","href":"https:\/\/api.w.org\/{rel}","templated":true}]}}