{"id":40577,"date":"2018-05-02T16:01:30","date_gmt":"2018-05-02T19:01:30","guid":{"rendered":"http:\/\/catolicanet.net\/wp-cnet\/?p=40577"},"modified":"2018-05-04T16:05:00","modified_gmt":"2018-05-04T19:05:00","slug":"a-vida-eremitica-em-pleno-seculo-xxi","status":"publish","type":"post","link":"https:\/\/catolicanet.net\/wp-cnet\/a-vida-eremitica-em-pleno-seculo-xxi\/","title":{"rendered":"A vida erem\u00edtica em pleno s\u00e9culo XXI"},"content":{"rendered":"<p><strong>&#8220;Retirar-se para o deserto para passar ali a inteira exist\u00eancia \u00e9 uma decis\u00e3o que s\u00f3 pode tomar-se quando no cora\u00e7\u00e3o arde a \u00edntima certeza, mais ou menos bem formulada, de que no seio da solid\u00e3o se esconde um AMOR incompar\u00e1vel que n\u00e3o pode ser igualado por nenhum outro amor&#8221; (Monjas Cartuxas).<\/strong><\/p>\n<p>Falar de vida erem\u00edtica evoca tempos passados, ainda que seja uma voca\u00e7\u00e3o que com o passar dos anos se abandonou, ainda hoje, em pleno s\u00e9culo XXI, \u00e9 poss\u00edvel encontrar religiosos que optam por este estilo de vida.<\/p>\n<p>Uma op\u00e7\u00e3o vocacional que est\u00e1 reconhecida pela Igreja Cat\u00f3lica, como o recorda o C\u00f3digo de Direito Can\u00f4nico em seu n\u00famero 603: &#8220;A Igreja reconhece a vida erem\u00edtica ou anacor\u00e9tica, na qual os fi\u00e9is, com um apartamento mais estrito do mundo, o sil\u00eancio da solid\u00e3o, a ora\u00e7\u00e3o ass\u00eddua e a penit\u00eancia, dedicam sua vida o louvor de Deus e salva\u00e7\u00e3o do mundo&#8221;.<\/p>\n<p>&#8220;Um ermit\u00e3o \u00e9 reconhecido pelo direito como entregue a Deus dentro da vida consagrada, se professa publicamente os tr\u00eas conselhos evang\u00e9licos corroborados mediante voto ou outro v\u00ednculo sagrado, em m\u00e3os do Bispo diocesano, e segue sua forma pr\u00f3pria de vida sob a dire\u00e7\u00e3o deste&#8221;, explica o C\u00f3digo de Direito Can\u00f4nico.<\/p>\n<p>Foi este estilo de vida que chamou a aten\u00e7\u00e3o do Irm\u00e3o Rex, eremita da Irmandade &#8216;Little Portion&#8217; da Diocese de Portland, Estados Unidos, quem fala de sua voca\u00e7\u00e3o e rompe alguns mitos sobre os ermit\u00e3os de hoje.<\/p>\n<p>&#8220;A gra\u00e7a me atraiu a esta forma particular de discipulado. O exemplo dos Pais e M\u00e3es do Deserto me atraiu a esta vida. Tamb\u00e9m o exemplo de muitos dos grandes Santos ao longo da hist\u00f3ria, como Francisco de Assis, um santo conhecido que viveu como eremita por um tempo antes de ser chamado a fundar uma fraternidade religiosa de Irm\u00e3os&#8221;, assinalou o religioso eremita em uma entrevista ao &#8216;Catholic News Agency&#8217; (CNA).<\/p>\n<p>Em um mundo onde o sil\u00eancio \u00e9 escasso, onde h\u00e1 um constante movimento, e uma sociedade hiperconectada com as novas tecnologias, \u00e9 estranho ter uma vida ermit\u00e3, mas a ora\u00e7\u00e3o, o contato com Deus a partir da natureza \u00e9 o que anima ao Irm\u00e3o Rex a viver sua voca\u00e7\u00e3o, por isso n\u00e3o duvida em assinalar que o que mais lhe d\u00e1 alegria \u00e9 poder &#8220;passar longas temporadas no sil\u00eancio da solid\u00e3o&#8221;, e &#8220;estar na presen\u00e7a de Deus e do pr\u00f3ximo atrav\u00e9s da ora\u00e7\u00e3o&#8221;.<\/p>\n<p>Justamente um fator que enche a vida do religioso eremita \u00e9 a ora\u00e7\u00e3o, como narra o Irm\u00e3o Rex: &#8220;Um aspecto alegre da minha voca\u00e7\u00e3o \u00e9 que tenho a b\u00ean\u00e7\u00e3o de ser parte das vidas de outras pessoas, j\u00e1 que me convidam a unir-me a elas ao longo de sua vida atrav\u00e9s do minist\u00e9rio da ora\u00e7\u00e3o intercessora&#8221;.<\/p>\n<p>Por isso, se levanta muito cedo, \u00e0s 04h da manh\u00e3, para participar da Hora Santa entre as 05h e as 06h, e posteriormente assistir a Missa das 07h em uma par\u00f3quia local. Ap\u00f3s tomar caf\u00e9 da manh\u00e3, dedica o que lhe resta da manh\u00e3 a Lectio Divina, e, em certas ocasi\u00f5es, atender alguma pessoa para dire\u00e7\u00e3o espiritual.<\/p>\n<p>Conta que ora pelos cat\u00f3licos, pelos crist\u00e3os n\u00e3o cat\u00f3licos e a sociedade em geral: &#8220;Eles, como eu, viemos experimentar a liberdade, a felicidade e o gozo que prov\u00eam do submeter \u00e0 pr\u00f3pria vontade e vida ao amoroso senhorio de Jesus Cristo&#8221;.<\/p>\n<p>A tarde, ap\u00f3s a ora\u00e7\u00e3o do meio-dia e o almo\u00e7o, o Irm\u00e3o Rex dedica um tempo de trabalho, no qual responde e-mails e recebe pedidos de ora\u00e7\u00e3o. \u00c0s 17h, reza as v\u00e9speras, janta cedo -\u00e0s 17h30- e realiza a ora\u00e7\u00e3o da noite \u00e0s 19h, para ir descansar \u00e0s 20h.<\/p>\n<p>Como assegurou o eremita \u00e0 CNA, &#8220;este hor\u00e1rio \u00e9 suficientemente r\u00edgido para proporcionar estabilidade \u00e0 minha voca\u00e7\u00e3o no sil\u00eancio da solid\u00e3o, mas suficientemente flex\u00edvel como para fazer recados, encontros com o m\u00e9dico e realizar tarefas na ermita&#8221;.<\/p>\n<p>A vida erem\u00edtica \u00e9 uma voca\u00e7\u00e3o toda especial. Sua pr\u00e1tica \u00e9 abissal na ora\u00e7\u00e3o, jejum, medita\u00e7\u00e3o, leitura, contempla\u00e7\u00e3o, sil\u00eancio, solid\u00e3o e nos mist\u00e9rios do deserto em \u00edntima comunh\u00e3o com Deus. Numa sociedade ansiosa e depressiva, ocupada e preocupada com mil coisas, ou seja, sem Deus, ou sem tempo para Deus, o eremita ocupa esse espa\u00e7o na profunda uni\u00e3o com Deus intercedendo pela humanidade para que a paz, o amor, a solidariedade e a justi\u00e7a sejam fundamentos do bem comum para todos. O mais importante que as pessoas tenham o bom Deus no centro de suas vidas.<\/p>\n<p>O eremita \u00e9 chamado ao deserto n\u00e3o apenas em prol da sua salva\u00e7\u00e3o e da ardente busca de Deus, mas tamb\u00e9m em favor da salva\u00e7\u00e3o da humanidade.<\/p>\n<p><strong>Disse o eremita do Deserto do Saara Charles de Foucauld: \u201cO amor de Deus, o amor dos homens \u00e9 toda a minha vida e ser\u00e1 sempre a minha vida&#8230; eis o que espero\u201d (Carta a Henri Duveyrier, 24\/04\/1892).<\/strong><\/p>\n<p>Frei In\u00e1cio Jos\u00e9 do Vale<\/p>\n<p>Professor e Conferencista<\/p>\n<p>Soci\u00f3logo em Ci\u00eancia da Religi\u00e3o<\/p>\n<p>Fraternidade do Bem-aventurado Charles de Foucauld<\/p>\n<p>&nbsp;<\/p>\n<p>Fontes:<\/p>\n<p><a href=\"http:\/\/www.gaudiumpress.org\/content\/94799\">http:\/\/www.gaudiumpress.org\/content\/94799<\/a><\/p>\n<p>https:\/\/sites.google.com\/site\/vivendonazare\/fraternidades\/pe-carlos-de-foucauld\/meditacoes-do-ir-c-de-foucauld\/2-1<\/p>\n<p>&nbsp;<\/p>\n","protected":false},"excerpt":{"rendered":"<p>&#8220;Retirar-se para o deserto para passar ali a inteira exist\u00eancia \u00e9 uma decis\u00e3o que s\u00f3 pode tomar-se quando no cora\u00e7\u00e3o arde a \u00edntima certeza, mais ou menos bem formulada, de que no seio da solid\u00e3o se esconde um AMOR incompar\u00e1vel que n\u00e3o pode ser igualado por nenhum outro amor&#8221; (Monjas Cartuxas). Falar de vida erem\u00edtica [&hellip;]<\/p>\n","protected":false},"author":16,"featured_media":32788,"comment_status":"open","ping_status":"closed","sticky":false,"template":"","format":"standard","meta":{"footnotes":""},"categories":[9],"tags":[],"class_list":["post-40577","post","type-post","status-publish","format-standard","has-post-thumbnail","hentry","category-artigos"],"_links":{"self":[{"href":"https:\/\/catolicanet.net\/wp-cnet\/wp-json\/wp\/v2\/posts\/40577","targetHints":{"allow":["GET"]}}],"collection":[{"href":"https:\/\/catolicanet.net\/wp-cnet\/wp-json\/wp\/v2\/posts"}],"about":[{"href":"https:\/\/catolicanet.net\/wp-cnet\/wp-json\/wp\/v2\/types\/post"}],"author":[{"embeddable":true,"href":"https:\/\/catolicanet.net\/wp-cnet\/wp-json\/wp\/v2\/users\/16"}],"replies":[{"embeddable":true,"href":"https:\/\/catolicanet.net\/wp-cnet\/wp-json\/wp\/v2\/comments?post=40577"}],"version-history":[{"count":1,"href":"https:\/\/catolicanet.net\/wp-cnet\/wp-json\/wp\/v2\/posts\/40577\/revisions"}],"predecessor-version":[{"id":40578,"href":"https:\/\/catolicanet.net\/wp-cnet\/wp-json\/wp\/v2\/posts\/40577\/revisions\/40578"}],"wp:featuredmedia":[{"embeddable":true,"href":"https:\/\/catolicanet.net\/wp-cnet\/wp-json\/wp\/v2\/media\/32788"}],"wp:attachment":[{"href":"https:\/\/catolicanet.net\/wp-cnet\/wp-json\/wp\/v2\/media?parent=40577"}],"wp:term":[{"taxonomy":"category","embeddable":true,"href":"https:\/\/catolicanet.net\/wp-cnet\/wp-json\/wp\/v2\/categories?post=40577"},{"taxonomy":"post_tag","embeddable":true,"href":"https:\/\/catolicanet.net\/wp-cnet\/wp-json\/wp\/v2\/tags?post=40577"}],"curies":[{"name":"wp","href":"https:\/\/api.w.org\/{rel}","templated":true}]}}