{"id":4056,"date":"2023-01-27T00:00:00","date_gmt":"2023-01-27T03:00:00","guid":{"rendered":"http:\/\/catolicanet.net\/wp-cnet\/santa-angela-de-merici\/"},"modified":"2023-01-02T18:13:32","modified_gmt":"2023-01-02T21:13:32","slug":"santa-angela-de-merici-2","status":"publish","type":"post","link":"https:\/\/catolicanet.net\/wp-cnet\/santa-angela-de-merici-2\/","title":{"rendered":"Santa \u00c2ngela de M\u00e9rici"},"content":{"rendered":"<p style=\"text-align: justify;\">\u00c2ngela M\u00e9rici nasceu em 1470, na cidade de Desenzano, no norte da It\u00e1lia. O per\u00edodo hist\u00f3rico era o do Renascimento e da Reforma da Igreja, provocada pela doutrina luterana. Os pais eram camponeses pobres e muito religiosos. E desde pequena, ela teve seu cora\u00e7\u00e3o inclinado pela vida religiosa, preferindo a leitura da vida dos Santos.<\/p>\n<p>De fato, sua prova\u00e7\u00e3o come\u00e7ou muito cedo, na inf\u00e2ncia, quando ficou \u00f3rf\u00e3 de pai. Logo em seguida perdeu a m\u00e3e e a irm\u00e3zinha, com quem se identificava muito. Assim, ela foi viver na casa de um tio, que a havia adotado, mas que tamb\u00e9m veio a falecer. Voltou \u00e0 terra natal. Depois de passar dias e dias chorando, com apenas treze anos, pediu para ingressar num convento, entrando para a Ordem Terceira de S\u00e3o Francisco de Assis.<\/p>\n<p>\u00c2ngela tinha apenas o curso prim\u00e1rio e chegou a ser &#8220;conselheira&#8221; de governadores, bispos, doutores e sacerdotes. Os seus sofrimentos, sua entrega \u00e0 Deus e a vida meditativa de penit\u00eancia lhe trouxeram, atrav\u00e9s do Esp\u00edrito Santo, o dom do conselho, que consiste em saber ponderar as solu\u00e7\u00f5es adequadas para todas as situa\u00e7\u00e3o da vida.<\/p>\n<p>Ela tamb\u00e9m, percebeu que naquele momento hist\u00f3rico, as meninas n\u00e3o tinham quem as educassem e livrassem dos perigos morais, e que as novas teorias levavam as pessoas a querer organizar a vida como se Deus n\u00e3o existisse. Para lutar contra o paganismo, era preciso restaurar a c\u00e9lula familiar. Inspirada pela Virgem Maria, fundou a Comunidade das irm\u00e3s Ursulinas, em homenagem a santa \u00darsula, a m\u00e1rtir do s\u00e9culo IV, que dirigia o grupo das mo\u00e7as virgens, que morreram por defender sua religi\u00e3o e sua castidade.<\/p>\n<p>\u00c2ngela acabou se tornando a portadora de uma mensagem inovadora para sua \u00e9poca. Organizou um grupo de vinte e oito mo\u00e7as, para ensinar catecismo em cada bairro e vila da regi\u00e3o. As &#8220;Ursulinas&#8221; tinham como finalidade a forma\u00e7\u00e3o das futuras m\u00e3es, segundo os dogmas crist\u00e3os. \u00c2ngela teve uma concep\u00e7\u00e3o bastante revolucion\u00e1ria para sua \u00e9poca, quando se dizia que uma s\u00f3lida educa\u00e7\u00e3o crist\u00e3 para as mo\u00e7as s\u00f3 seria poss\u00edvel dentro das grades de uma clausura.<\/p>\n<p>Decidiu que era a hora de fazer a comunidade se tornar uma Congrega\u00e7\u00e3o religiosa.Consta, pela tradi\u00e7\u00e3o, que antes de ir \u00e0 Roma para dar in\u00edcio a esse projeto, quis fazer uma peregrina\u00e7\u00e3o em Jerusal\u00e9m. Assim que chegou, ficou cega. Visitou os Lugares Sagrados e os viu com o esp\u00edrito, n\u00e3o com os olhos. S\u00f3 recobrou a vis\u00e3o, na volta, quando parou numa pequena cidade onde existia um crucifixo milagroso, foi at\u00e9 ele, rezou e se curou. Anos depois, foi recebida pelo papa Clemente VII, durante o Jubileu de 1525, que deu in\u00edcio ao processo de funda\u00e7\u00e3o da Congrega\u00e7\u00e3o, que ela desejava.<\/p>\n<p>\u00c2ngela a implantou na Br\u00e9scia, dez anos depois, quando saiu a aprova\u00e7\u00e3o definitiva. E al\u00ed, a fundadora morreu aos setenta e cinco anos, em 27 de janeiro de 1540 e foi canonizada, em 1807. Santa \u00c2ngela de M\u00e9rici, atualmente, recebe as homenagens no dia de sua morte.<\/p>\n<p style=\"text-align: justify;\">Santa \u00c2ngela de M\u00e9rici, rogai por n\u00f3s!<\/p>\n<p><strong>Outros santos e beatos:<\/strong><\/p>\n<p style=\"text-align: justify;\"><strong>Santo Avito<\/strong> \u2014 m\u00e1rtir, evangelizador e primeiro bispo das ilhas Can\u00e1rias, em \u00e9poca imprecisa.<\/p>\n<p style=\"text-align: justify;\"><strong>Santa C\u00e2ndida<\/strong> (\u2020798) \u2014 vi\u00fava, m\u00e3e de santo Em\u00e9rio, da diocese espanhola de Gerona.<\/p>\n<p style=\"text-align: justify;\"><strong>Santos D\u00e1cio, Reatro, Dativo, Juliano, Vicente e companheiros<\/strong> \u2014 martirizados na \u00c1frica durante a persegui\u00e7\u00e3o promovida pelos v\u00e2ndalos arianos.<\/p>\n<p style=\"text-align: justify;\"><strong>Santa Devota<\/strong> (\u2020303) \u2014 virgem martirizada na C\u00f3rsega, onde \u00e9 venerada como padroeira. Seus despojos mortais encontram-se conservados no principado de M\u00f4naco.<\/p>\n<p style=\"text-align: justify;\"><strong>Santo Em\u00e9rio<\/strong> \u2014 abade beneditino de Santo Est\u00eav\u00e3o, na Catalunha espanhola, no s\u00e9culo VIII.<\/p>\n<p style=\"text-align: justify;\"><strong>S\u00e3o Gamelberto<\/strong> (720-800) \u2014 sacerdote b\u00e1varo, p\u00e1roco em Michaelsbuch.<\/p>\n<p style=\"text-align: justify;\"><strong>S\u00e3o Gildu\u00edno<\/strong> (1052-1077) \u2014 bret\u00e3o, recusou a sagra\u00e7\u00e3o episcopal oferecida por Greg\u00f3rio VII; morreu durante a viagem de regresso a Roma. Sua sepultura \u00e9 visitada por peregrinos.<\/p>\n<p style=\"text-align: justify;\"><strong>S\u00e3o Juliano de Le Mans<\/strong> \u2014 bispo do s\u00e9culo III.<\/p>\n<p style=\"text-align: justify;\"><strong>S\u00e3o Juliano de Sora<\/strong> \u2014 m\u00e1rtir do s\u00e9culo II. Origin\u00e1rio da Dalm\u00e1cia, foi torturado e decapitado em Sora, na prov\u00edncia de Frosinone, durante o reinado de Antonino Pio.<\/p>\n<p style=\"text-align: justify;\"><strong>S\u00e3o Lobo de Chalon-sur-Sa\u00f4ne<\/strong> (\u2020610) \u2014 bispo. C\u00e9lebre por sua grande caridade e tamb\u00e9m em virtude de uma carta que recebeu de Greg\u00f3rio Magno.<\/p>\n<p style=\"text-align: justify;\"><strong>S\u00e3o Mauro ou M\u00e1rio<\/strong> (\u2020555) \u2014 abade em Bodon, local pr\u00f3ximo a Sisteron, na Fran\u00e7a.<\/p>\n<p style=\"text-align: justify;\"><strong>Beato Miguel Pini<\/strong> (1445-1522) \u2014 tornou-se eremita camaldulense, ap\u00f3s haver abandonado os faustos da corte dos M\u00e9dici, em Floren\u00e7a, cidade onde nascera.<\/p>\n<p style=\"text-align: justify;\"><strong>S\u00e3o Natal ou Naal<\/strong> \u2014 abade do s\u00e9culo VI, auxiliou o trabalho de s\u00e3o Columbano na Irlanda do Norte.<\/p>\n<p style=\"text-align: justify;\"><strong>S\u00e3o Teodorico II de Orl\u00e9ans<\/strong> (\u20201022) \u2014 bispo beneditino e conselheiro do rei da Fran\u00e7a.<\/p>\n<p style=\"text-align: justify;\"><strong>S\u00e3o Vitalino<\/strong> (\u2020672) \u2014 papa em 657. Empenhou-se em promover a pacifica\u00e7\u00e3o da Igreja, dividida por causa do edito monotelista promulgado pelo imperador Const\u00e2ncio II. Nomeou arcebispo de Cantu\u00e1ria o monge grego s\u00e3o Teodoro.<\/p>\n","protected":false},"excerpt":{"rendered":"<p>\u00c2ngela M\u00e9rici nasceu em 1470, na cidade de Desenzano, no norte da It\u00e1lia. O per\u00edodo hist\u00f3rico era o do Renascimento e da Reforma da Igreja, provocada pela doutrina luterana. Os pais eram camponeses pobres e muito religiosos. E desde pequena, ela teve seu cora\u00e7\u00e3o inclinado pela vida religiosa, preferindo a leitura da vida dos Santos. [&hellip;]<\/p>\n","protected":false},"author":1,"featured_media":22053,"comment_status":"closed","ping_status":"closed","sticky":false,"template":"","format":"standard","meta":{"footnotes":""},"categories":[32],"tags":[],"class_list":["post-4056","post","type-post","status-publish","format-standard","has-post-thumbnail","hentry","category-santo-do-dia"],"_links":{"self":[{"href":"https:\/\/catolicanet.net\/wp-cnet\/wp-json\/wp\/v2\/posts\/4056","targetHints":{"allow":["GET"]}}],"collection":[{"href":"https:\/\/catolicanet.net\/wp-cnet\/wp-json\/wp\/v2\/posts"}],"about":[{"href":"https:\/\/catolicanet.net\/wp-cnet\/wp-json\/wp\/v2\/types\/post"}],"author":[{"embeddable":true,"href":"https:\/\/catolicanet.net\/wp-cnet\/wp-json\/wp\/v2\/users\/1"}],"replies":[{"embeddable":true,"href":"https:\/\/catolicanet.net\/wp-cnet\/wp-json\/wp\/v2\/comments?post=4056"}],"version-history":[{"count":3,"href":"https:\/\/catolicanet.net\/wp-cnet\/wp-json\/wp\/v2\/posts\/4056\/revisions"}],"predecessor-version":[{"id":22054,"href":"https:\/\/catolicanet.net\/wp-cnet\/wp-json\/wp\/v2\/posts\/4056\/revisions\/22054"}],"wp:featuredmedia":[{"embeddable":true,"href":"https:\/\/catolicanet.net\/wp-cnet\/wp-json\/wp\/v2\/media\/22053"}],"wp:attachment":[{"href":"https:\/\/catolicanet.net\/wp-cnet\/wp-json\/wp\/v2\/media?parent=4056"}],"wp:term":[{"taxonomy":"category","embeddable":true,"href":"https:\/\/catolicanet.net\/wp-cnet\/wp-json\/wp\/v2\/categories?post=4056"},{"taxonomy":"post_tag","embeddable":true,"href":"https:\/\/catolicanet.net\/wp-cnet\/wp-json\/wp\/v2\/tags?post=4056"}],"curies":[{"name":"wp","href":"https:\/\/api.w.org\/{rel}","templated":true}]}}