{"id":4054,"date":"2014-01-27T11:06:22","date_gmt":"2014-01-27T13:06:22","guid":{"rendered":"http:\/\/catolicanet.net\/wp-cnet\/mensagem-final-do-2o-seminario-sobre-formacao-presbiteral\/"},"modified":"2017-04-04T11:06:24","modified_gmt":"2017-04-04T14:06:24","slug":"mensagem-final-do-2o-seminario-sobre-formacao-presbiteral","status":"publish","type":"post","link":"https:\/\/catolicanet.net\/wp-cnet\/mensagem-final-do-2o-seminario-sobre-formacao-presbiteral\/","title":{"rendered":"Mensagem final do 2\u00ba Semin\u00e1rio sobre Forma\u00e7\u00e3o Presbiteral"},"content":{"rendered":"<p style=\"text-align: justify;\"><img decoding=\"async\" src=\"http:\/\/www.catolicanet.com.br\/images\/stories\/formaopresbiteral.jpg\" border=\"0\" align=\"left\" \/>\u201cEm nossa miss\u00e3o, sejamos perseverantes e n\u00e3o nos deixemos abater pelos desafios, pois Cristo \u00e9 nossa vida e nosso guia, nossa esperan\u00e7a e nosso fim, nossa \u00fanica refer\u00eancia\u201d, afirmam os participantes do 2\u00ba Semin\u00e1rio Nacional sobre Forma\u00e7\u00e3o Presbiteral, em mensagem final do encontro, ocorrido de 20 a 25 de janeiro, em Aparecida (SP). O evento, promovido pela Comiss\u00e3o Episcopal Pastoral para os Minist\u00e9rios Ordenados e a Vida Consagrada e pela Organiza\u00e7\u00e3o de Semin\u00e1rios e Institutos Filos\u00f3fico-Teol\u00f3gicos do Brasil (Osib), reuniu 232 pessoas, entre reitores de semin\u00e1rios, seminaristas, diretores de institutos, professores, psic\u00f3logos, padres, bispos, religiosos (as) que refletiram sobre o tema \u201cPresb\u00edteros segundo o cora\u00e7\u00e3o de Jesus para o mundo de hoje\u201d e lema \u201cCorramos com perseveran\u00e7a com os olhos fixos em Jesus\u201d (Hb 12, 1-2). Leia, na \u00edntegra, a mensagem final do semin\u00e1rio.<\/p>\n<p style=\"text-align: center;\"><strong>MENSAGEM FINAL<\/p>\n<p>DO II SEMIN\u00c1RIO NACIONAL SOBRE A FORMA\u00c7\u00c3O PRESBITERAL (20-25\/01\/2014)<\/p>\n<p>\u201cPresb\u00edteros segundo o cora\u00e7\u00e3o de Jesus, para o mundo de hoje\u201d<\/p>\n<p>\u201cCorramos com perseveran\u00e7a com os olhos fixos em Jesus\u201d (Hb 12, 1-2)<\/strong><\/p>\n<p style=\"text-align: justify;\">\u00a0<\/p>\n<p style=\"text-align: justify;\">1. N\u00f3s, 232 participantes do II Semin\u00e1rio Nacional sobre a Forma\u00e7\u00e3o Presbiteral, formadores, formandos e leigos comprometidos com a forma\u00e7\u00e3o presbiteral em nossas Dioceses, nos reunimos aos p\u00e9s de Nossa Senhora Aparecida, \u201cM\u00e3e do Evangelho vivente, manancial de alegria para os pequeninos\u201d (Papa Francisco), neste momento eclesial caracter\u00edstico, para em atitude de escuta, ora\u00e7\u00e3o e di\u00e1logo, sondar indica\u00e7\u00f5es para que nossos Semin\u00e1rios se tornem sempre mais lugar de vida e vida plena (cf. Jo 10, 14).<\/p>\n<p>2. A voca\u00e7\u00e3o ao minist\u00e9rio ordenado \u00e9 dom e tarefa. Dom, pois, sua origem n\u00e3o est\u00e1 em n\u00f3s mesmos. Ao in\u00edcio do nosso ser crist\u00e3o, seminarista e presb\u00edtero, est\u00e1 o encontro com a Pessoa de Jesus e seu projeto: \u201cN\u00e3o fostes v\u00f3s que me escolhestes, fui eu que vos escolhi\u201d (Jo 15,16). E \u00e9 tarefa, pois, cada um \u00e9 convocado a fazer crescer e frutificar o dom recebido na comunh\u00e3o do presbit\u00e9rio. A vida se fortalece em se doando (cf. Papa Francisco. Evangelii Gaudium, n. 10).<\/p>\n<p>3. Com o cora\u00e7\u00e3o pulsante, dispostos para \u201co bom combate da f\u00e9\u201d (2Tm 4,7), queremos ter sempre os \u201colhos fixos em Jesus\u201d (Hb 12,2). Apressamo-nos na corrida \u201cdo certame que nos \u00e9 proposto\u201d (Hb 12,1b), at\u00e9 o dia em que o Senhor, por sua gra\u00e7a e miseric\u00f3rdia, nos chamar para o conv\u00edvio definitivo.<\/p>\n<p>4. Reconhecemos as fragilidades, as dificuldades e os desafios nossos e de nossas institui\u00e7\u00f5es formativas. Isto nos conscientiza de que precisamos ainda melhor qualificar o processo formativo. Dispomo-nos, como formadores, a esse minist\u00e9rio por amor ao Senhor, \u00e0 Igreja, a nossos presbit\u00e9rios e ao nosso povo. Sabemos que o testemunho de pessoas apaixonadas pelo Crucificado-Ressuscitado \u00e9 fundamental neste nosso servi\u00e7o. \u201cEle \u00e9 a fonte da nossa esperan\u00e7a, e n\u00e3o nos faltar\u00e1 a sua ajuda para a miss\u00e3o que nos foi confiada\u201d (Papa Francisco. Evangelii Gaudium, n. 278).<\/p>\n<p>5. O minist\u00e9rio ordenado, como participa\u00e7\u00e3o no sacerd\u00f3cio de Cristo, fiel \u00e0 vontade do Pai, misericordioso e solid\u00e1rio, s\u00f3 pode ser compreendido \u00e0 luz da f\u00e9. Para viver generosamente esse dom, precisamos cuidar do cora\u00e7\u00e3o, tornando-o pleno de ardor e fervor, deixando de lado tudo que atrapalha \u00e0 configura\u00e7\u00e3o com Jesus Cristo.<\/p>\n<p>6. Em nossa miss\u00e3o, sejamos perseverantes e n\u00e3o nos deixemos abater pelos desafios, pois Cristo \u00e9 nossa vida e nosso guia, nossa esperan\u00e7a e nosso fim, nossa \u00fanica refer\u00eancia. Como disc\u00edpulos-mission\u00e1rios, queremos lan\u00e7ar-nos na miss\u00e3o de proclamar a \u201cboa nova da parte de Deus\u201d (Cf. Mc 1, 38), na alegria da \u201cloucura da Cruz\u201d (1Cor 1,18).<\/p>\n<p>7. Na arte de formar presb\u00edteros segundo o cora\u00e7\u00e3o de Jesus, somos exortados a sair de nossas comodidades e autorrefer\u00eancias e, sem medo, ir \u00e0s periferias existenciais que marcam nosso tempo. Dispomo-nos \u00e0 missionariedade caracter\u00edstica dos disc\u00edpulos daquele \u201cque passou por entre n\u00f3s fazendo o bem\u201d (At 10,38), e que \u201cfazia bem todas as coisas\u201d (Mc 7,36).<\/p>\n<p>8. Queremos ser como Jesus: homens de vigor espiritual, pobres e zelosos no exerc\u00edcio da caridade pastoral. Que a intimidade com a sua Palavra viva e eficaz e com a Eucaristia, ilumine e alimente nossa voca\u00e7\u00e3o e nosso minist\u00e9rio.<\/p>\n<p>9. Agradecidos por este II Semin\u00e1rio, invocamos a intercess\u00e3o de S\u00e3o Luiz Gonzaga e S\u00e3o Jo\u00e3o Maria Vianney, padroeiros dos seminaristas e dos padres, para que possamos sempre e de novo responder ao convite do Senhor \u2013 \u201cVem e segue-me\u201d (Mt 19,21) \u2013 e permanecer no seu amor (cf. Jo 15,9).<\/p>\n<p>Aparecida (SP), 25 de janeiro de 2014<\/p>\n<p style=\"text-align: justify;\">\u00a0<\/p>\n<p style=\"text-align: justify;\"><strong>Local: Bras\u00edlia (DF)<br \/>Fonte: CNBB<\/strong><\/p>\n","protected":false},"excerpt":{"rendered":"<p>\u201cEm nossa miss\u00e3o, sejamos perseverantes e n\u00e3o nos deixemos abater pelos desafios, pois Cristo \u00e9 nossa vida e nosso guia, nossa esperan\u00e7a e nosso fim, nossa \u00fanica refer\u00eancia\u201d, afirmam os participantes do 2\u00ba Semin\u00e1rio Nacional sobre Forma\u00e7\u00e3o Presbiteral, em mensagem final do encontro, ocorrido de 20 a 25 de janeiro, em Aparecida (SP). O evento, [&hellip;]<\/p>\n","protected":false},"author":1,"featured_media":4053,"comment_status":"closed","ping_status":"closed","sticky":false,"template":"","format":"standard","meta":{"footnotes":""},"categories":[7],"tags":[],"class_list":["post-4054","post","type-post","status-publish","format-standard","has-post-thumbnail","hentry","category-cnbb"],"_links":{"self":[{"href":"https:\/\/catolicanet.net\/wp-cnet\/wp-json\/wp\/v2\/posts\/4054","targetHints":{"allow":["GET"]}}],"collection":[{"href":"https:\/\/catolicanet.net\/wp-cnet\/wp-json\/wp\/v2\/posts"}],"about":[{"href":"https:\/\/catolicanet.net\/wp-cnet\/wp-json\/wp\/v2\/types\/post"}],"author":[{"embeddable":true,"href":"https:\/\/catolicanet.net\/wp-cnet\/wp-json\/wp\/v2\/users\/1"}],"replies":[{"embeddable":true,"href":"https:\/\/catolicanet.net\/wp-cnet\/wp-json\/wp\/v2\/comments?post=4054"}],"version-history":[{"count":1,"href":"https:\/\/catolicanet.net\/wp-cnet\/wp-json\/wp\/v2\/posts\/4054\/revisions"}],"predecessor-version":[{"id":8965,"href":"https:\/\/catolicanet.net\/wp-cnet\/wp-json\/wp\/v2\/posts\/4054\/revisions\/8965"}],"wp:featuredmedia":[{"embeddable":true,"href":"https:\/\/catolicanet.net\/wp-cnet\/wp-json\/wp\/v2\/media\/4053"}],"wp:attachment":[{"href":"https:\/\/catolicanet.net\/wp-cnet\/wp-json\/wp\/v2\/media?parent=4054"}],"wp:term":[{"taxonomy":"category","embeddable":true,"href":"https:\/\/catolicanet.net\/wp-cnet\/wp-json\/wp\/v2\/categories?post=4054"},{"taxonomy":"post_tag","embeddable":true,"href":"https:\/\/catolicanet.net\/wp-cnet\/wp-json\/wp\/v2\/tags?post=4054"}],"curies":[{"name":"wp","href":"https:\/\/api.w.org\/{rel}","templated":true}]}}