{"id":4048,"date":"2014-01-24T13:45:40","date_gmt":"2014-01-24T15:45:40","guid":{"rendered":"http:\/\/catolicanet.net\/wp-cnet\/cardeal-claudio-hummes-fala-sobre-a-formacao-dos-presbiteros\/"},"modified":"2017-04-04T11:13:38","modified_gmt":"2017-04-04T14:13:38","slug":"cardeal-claudio-hummes-fala-sobre-a-formacao-dos-presbiteros","status":"publish","type":"post","link":"https:\/\/catolicanet.net\/wp-cnet\/cardeal-claudio-hummes-fala-sobre-a-formacao-dos-presbiteros\/","title":{"rendered":"Cardeal Cl\u00e1udio Hummes fala sobre a forma\u00e7\u00e3o dos presb\u00edteros"},"content":{"rendered":"<p style=\"text-align: justify;\"><img decoding=\"async\" src=\"http:\/\/www.catolicanet.com.br\/images\/stories\/cardealdomclaudio.jpg\" border=\"0\" align=\"left\" \/>O presidente da Comiss\u00e3o Episcopal para a Amaz\u00f4nia da CNBB, cardeal Cl\u00e1udio Hummes, foi o conferencista do terceiro dia do 2\u00ba Semin\u00e1rio sobre a Forma\u00e7\u00e3o Presbiteral, que \u00e9 realizado em Aparecida (SP).<\/p>\n<p>Em sua fala, o cardeal recordou as palavras do papa Francisco dirigidas aos bispos brasileiros durante a JMJ Rio 2013 e tamb\u00e9m destacou a sua simplicidade como pastor da Igreja.\u00a0 \u201cTudo isso s\u00e3o grandes interpela\u00e7\u00f5es para a forma\u00e7\u00e3o de nossos seminaristas. O papa ensina a sermos pastores. Ensina com seu exemplo e sua palavra\u201d, disse dom Cl\u00e1udio.<\/p>\n<p>Citando o discurso de Francisco, o cardeal lembrou que \u00e9 preciso rever a forma\u00e7\u00e3o dos padres. \u201cO papa faz um apelo a n\u00f3s quando disse que \u2018se n\u00e3o formarmos ministros capazes de aquecer o cora\u00e7\u00e3o das pessoas, de caminhar na noite com elas, de dialogar com as suas ilus\u00f5es e desilus\u00f5es, de recompor as suas desintegra\u00e7\u00f5es, o que poderemos esperar para o caminho presente e futuro?\u2019\u2019.<br \/><strong><br \/>Igreja mission\u00e1ria<br \/><\/strong><br \/>Sobre a escassez de padres, dom Cl\u00e1udio observou que o crescimento dos sacerdotes n\u00e3o est\u00e1 acompanhando n\u00famero dos cat\u00f3licos e da popula\u00e7\u00e3o. Para ele \u00e9 necess\u00e1rio reformular a articula\u00e7\u00e3o pastoral no contexto atual de forma que a Igreja esteja mais pr\u00f3xima do povo, em estado permanente de miss\u00e3o.<\/p>\n<p><img decoding=\"async\" src=\"http:\/\/www.catolicanet.com.br\/images\/stories\/seminarioosib.jpg\" border=\"0\" align=\"left\" \/>O papa quer uma Igreja que saia \u201cem busca dos desvalidos e dos mergulhados na mis\u00e9ria, na fome, no descaso, no abandono, na noite da desesperan\u00e7a seja material seja espiritual. Portanto, uma Igreja misericordiosa e mission\u00e1ria, uma Igreja pr\u00f3xima, capaz de aquecer os cora\u00e7\u00f5es, como Jesus aqueceu os cora\u00e7\u00f5es dos disc\u00edpulos desesperan\u00e7ados de Ema\u00fas\u201d, destacou dom Cl\u00e1udio.<\/p>\n<p>Ao final de sua fala, o cardeal deixou um questionamento para ser refletido pelos participantes do Semin\u00e1rio Nacional: \u201cComo formar o seminarista para que n\u00e3o aspire a uma vida c\u00f4moda, tranquila, na futura casa paroquial, n\u00e3o busque o dinheiro, a boa comida, o luxo, n\u00e3o queira ter o melhor carro, n\u00e3o veja os par\u00e2mentos como enfeite do padre, mas como s\u00edmbolo religioso e por isso evite paramentos esplendorosos, cheios de bijuterias, de brilhos, de rendas?\u201d<\/p>\n<p>O 2\u00ba Semin\u00e1rio sobre a Forma\u00e7\u00e3o Presbiteral prossegue at\u00e9 s\u00e1bado, 25. Acompanhe pela internet: <a href=\"https:\/\/www.facebook.com\/formadores.osib.9?fref=ts\" target=\"_blank\">Osib Forma\u00e7\u00e3o<\/a><\/p>\n<p style=\"text-align: justify;\">\u00a0<\/p>\n<p style=\"text-align: justify;\"><strong>Local: Bras\u00edlia (DF)<br \/>Fonte: CNBB<\/strong><\/p>\n","protected":false},"excerpt":{"rendered":"<p>O presidente da Comiss\u00e3o Episcopal para a Amaz\u00f4nia da CNBB, cardeal Cl\u00e1udio Hummes, foi o conferencista do terceiro dia do 2\u00ba Semin\u00e1rio sobre a Forma\u00e7\u00e3o Presbiteral, que \u00e9 realizado em Aparecida (SP). Em sua fala, o cardeal recordou as palavras do papa Francisco dirigidas aos bispos brasileiros durante a JMJ Rio 2013 e tamb\u00e9m destacou [&hellip;]<\/p>\n","protected":false},"author":1,"featured_media":4047,"comment_status":"closed","ping_status":"closed","sticky":false,"template":"","format":"standard","meta":{"footnotes":""},"categories":[7],"tags":[],"class_list":["post-4048","post","type-post","status-publish","format-standard","has-post-thumbnail","hentry","category-cnbb"],"_links":{"self":[{"href":"https:\/\/catolicanet.net\/wp-cnet\/wp-json\/wp\/v2\/posts\/4048","targetHints":{"allow":["GET"]}}],"collection":[{"href":"https:\/\/catolicanet.net\/wp-cnet\/wp-json\/wp\/v2\/posts"}],"about":[{"href":"https:\/\/catolicanet.net\/wp-cnet\/wp-json\/wp\/v2\/types\/post"}],"author":[{"embeddable":true,"href":"https:\/\/catolicanet.net\/wp-cnet\/wp-json\/wp\/v2\/users\/1"}],"replies":[{"embeddable":true,"href":"https:\/\/catolicanet.net\/wp-cnet\/wp-json\/wp\/v2\/comments?post=4048"}],"version-history":[{"count":1,"href":"https:\/\/catolicanet.net\/wp-cnet\/wp-json\/wp\/v2\/posts\/4048\/revisions"}],"predecessor-version":[{"id":8975,"href":"https:\/\/catolicanet.net\/wp-cnet\/wp-json\/wp\/v2\/posts\/4048\/revisions\/8975"}],"wp:featuredmedia":[{"embeddable":true,"href":"https:\/\/catolicanet.net\/wp-cnet\/wp-json\/wp\/v2\/media\/4047"}],"wp:attachment":[{"href":"https:\/\/catolicanet.net\/wp-cnet\/wp-json\/wp\/v2\/media?parent=4048"}],"wp:term":[{"taxonomy":"category","embeddable":true,"href":"https:\/\/catolicanet.net\/wp-cnet\/wp-json\/wp\/v2\/categories?post=4048"},{"taxonomy":"post_tag","embeddable":true,"href":"https:\/\/catolicanet.net\/wp-cnet\/wp-json\/wp\/v2\/tags?post=4048"}],"curies":[{"name":"wp","href":"https:\/\/api.w.org\/{rel}","templated":true}]}}