{"id":4046,"date":"2014-01-24T13:38:29","date_gmt":"2014-01-24T15:38:29","guid":{"rendered":"http:\/\/catolicanet.net\/wp-cnet\/frei-evaldo-xavier-e-eleito-prior-provincial\/"},"modified":"2017-04-04T11:14:22","modified_gmt":"2017-04-04T14:14:22","slug":"frei-evaldo-xavier-e-eleito-prior-provincial","status":"publish","type":"post","link":"https:\/\/catolicanet.net\/wp-cnet\/frei-evaldo-xavier-e-eleito-prior-provincial\/","title":{"rendered":"Frei Evaldo Xavier \u00e9 eleito prior provincial"},"content":{"rendered":"<p style=\"text-align: justify;\"><img decoding=\"async\" src=\"http:\/\/www.catolicanet.com.br\/images\/stories\/freievaldo.jpg\" border=\"0\" align=\"left\" \/>O assessor can\u00f4nico e jur\u00eddico da CNBB, frei Evaldo Xavier, foi eleito prior provincial da Prov\u00edncia Carmelitana de Santo Elias. A elei\u00e7\u00e3o ocorreu durante o cap\u00edtulo provincial, no dia 22 de janeiro, em Belo Horizonte (MG).<\/p>\n<p>Atualmente, frei Evaldo tamb\u00e9m \u00e9 p\u00e1roco da par\u00f3quia Nossa Senhora do Carmo, em Belo Horizonte (MG), e ser\u00e1 prior provincial de 2014 a 2017.<\/p>\n<p>O governo da prov\u00edncia \u00e9 composto pelos freis: Alexandre Cortez, Adailson Quintino, Paulo Goulart e Eduardo Ferreira.<\/p>\n<p style=\"text-align: justify;\">\u00a0<\/p>\n<p style=\"text-align: justify;\"><strong>Local: Bras\u00edlia (DF)<br \/>Fonte: CNBB<\/strong><\/p>\n","protected":false},"excerpt":{"rendered":"<p>O assessor can\u00f4nico e jur\u00eddico da CNBB, frei Evaldo Xavier, foi eleito prior provincial da Prov\u00edncia Carmelitana de Santo Elias. A elei\u00e7\u00e3o ocorreu durante o cap\u00edtulo provincial, no dia 22 de janeiro, em Belo Horizonte (MG). Atualmente, frei Evaldo tamb\u00e9m \u00e9 p\u00e1roco da par\u00f3quia Nossa Senhora do Carmo, em Belo Horizonte (MG), e ser\u00e1 prior [&hellip;]<\/p>\n","protected":false},"author":1,"featured_media":4045,"comment_status":"closed","ping_status":"closed","sticky":false,"template":"","format":"standard","meta":{"footnotes":""},"categories":[7],"tags":[],"class_list":["post-4046","post","type-post","status-publish","format-standard","has-post-thumbnail","hentry","category-cnbb"],"_links":{"self":[{"href":"https:\/\/catolicanet.net\/wp-cnet\/wp-json\/wp\/v2\/posts\/4046","targetHints":{"allow":["GET"]}}],"collection":[{"href":"https:\/\/catolicanet.net\/wp-cnet\/wp-json\/wp\/v2\/posts"}],"about":[{"href":"https:\/\/catolicanet.net\/wp-cnet\/wp-json\/wp\/v2\/types\/post"}],"author":[{"embeddable":true,"href":"https:\/\/catolicanet.net\/wp-cnet\/wp-json\/wp\/v2\/users\/1"}],"replies":[{"embeddable":true,"href":"https:\/\/catolicanet.net\/wp-cnet\/wp-json\/wp\/v2\/comments?post=4046"}],"version-history":[{"count":1,"href":"https:\/\/catolicanet.net\/wp-cnet\/wp-json\/wp\/v2\/posts\/4046\/revisions"}],"predecessor-version":[{"id":8976,"href":"https:\/\/catolicanet.net\/wp-cnet\/wp-json\/wp\/v2\/posts\/4046\/revisions\/8976"}],"wp:featuredmedia":[{"embeddable":true,"href":"https:\/\/catolicanet.net\/wp-cnet\/wp-json\/wp\/v2\/media\/4045"}],"wp:attachment":[{"href":"https:\/\/catolicanet.net\/wp-cnet\/wp-json\/wp\/v2\/media?parent=4046"}],"wp:term":[{"taxonomy":"category","embeddable":true,"href":"https:\/\/catolicanet.net\/wp-cnet\/wp-json\/wp\/v2\/categories?post=4046"},{"taxonomy":"post_tag","embeddable":true,"href":"https:\/\/catolicanet.net\/wp-cnet\/wp-json\/wp\/v2\/tags?post=4046"}],"curies":[{"name":"wp","href":"https:\/\/api.w.org\/{rel}","templated":true}]}}