{"id":40432,"date":"2018-04-30T11:16:56","date_gmt":"2018-04-30T14:16:56","guid":{"rendered":"http:\/\/catolicanet.net\/wp-cnet\/?p=40432"},"modified":"2018-04-30T11:19:18","modified_gmt":"2018-04-30T14:19:18","slug":"papa-francisco-solidariedade-ate-mesmo-na-doenca","status":"publish","type":"post","link":"https:\/\/catolicanet.net\/wp-cnet\/papa-francisco-solidariedade-ate-mesmo-na-doenca\/","title":{"rendered":"Papa Francisco: solidariedade at\u00e9 mesmo na doen\u00e7a"},"content":{"rendered":"<div class=\"article__subTitle\">&#8220;Fico feliz de encontrar associa\u00e7\u00f5es para pesquisa e solidariedade sobre doen\u00e7as raras&#8221;, disse Francisco.<\/div>\n<div class=\"title__separator\"><\/div>\n<div class=\"article__text\">\n<p><b>Cidade do Vaticano<\/b><\/p>\n<p>O Papa Francisco recebeu na Sala Clementina, no Vaticano, nesta segunda-feira (30\/04), os membros da associa\u00e7\u00e3o \u201cUma vida rara\u201d.<\/p>\n<p>O Pont\u00edfice agradeceu ao presidente da associa\u00e7\u00e3o que apresentou a hist\u00f3ria de seu filho Davi. Os pais sentiram dentro de si o desejo de fazer algo pelo filho e pelas pessoas que sofrem de uma doen\u00e7a rara e por suas fam\u00edlias.<\/p>\n<p>\u201cFico feliz de encontrar associa\u00e7\u00f5es para pesquisa e solidariedade sobre doen\u00e7as raras. \u00c9 claro que h\u00e1 a dor do sofrimento e das dificuldades, mas sempre me impressiona o desejo das fam\u00edlias de se unirem para enfrentar essa realidade e fazer algo para melhor\u00e1-la.\u201d<\/p>\n<p>Segundo o Papa, o nome dado a essa associa\u00e7\u00e3o \u201cUma vida rara\u201d, diz muito, pois expressa a realidade de Davi, mas tamb\u00e9m a vida De seus pais com ele, de forma positiva, n\u00e3o negativa.<\/p>\n<p>\u201cO negativo existe, como sabemos, \u00e9 realidade cotidiana. Mas esse nome diz que voc\u00eas sabem olhar o positivo: que toda vida humana \u00e9 \u00fanica, e que se a doen\u00e7a \u00e9 rara ou rar\u00edssima, em primeiro lugar\u00a0 est\u00e1 a vida.\u201d<\/p>\n<p>Esse olhar positivo \u00e9 um \u201cmilagre\u201d t\u00edpico do amor. O amor faz isso: \u201csabe ver o bem numa situa\u00e7\u00e3o negativa, sabe proteger a pequena chama no meio da noite escura.\u201d<\/p>\n<p>O amor faz outro milagre: \u201cAjuda a permanecer abertos aos outros, capazes de partilhar, ser solid\u00e1rios at\u00e9 mesmo quando se sofre de uma doen\u00e7a ou uma condi\u00e7\u00e3o pesada e cansativa na vida cotidiana.\u201d<\/p>\n<p>O casal percorreu 700 quil\u00f4metros de sua casa at\u00e9 Roma, atitude definida pelo Papa como \u201cuma corrida pela vida e esperan\u00e7a\u201d.<\/p>\n<div>\n<div class=\"article__embed article__embed--unwrap article__embed--dark\">\n<div class=\"article__innerTitle\">Papa recebe associa\u00e7\u00e3o &#8220;Uma vida rara&#8221;<\/div>\n<div>\n<!--[if lt IE 9]><script>document.createElement('audio');<\/script><![endif]-->\n<audio class=\"wp-audio-shortcode\" id=\"audio-40432-1\" preload=\"none\" style=\"width: 100%;\" controls=\"controls\"><source type=\"audio\/mpeg\" src=\"https:\/\/media.vaticannews.va\/media\/audio\/s1\/2018\/4\/30\/14\/134411709_F134411709.mp3?_=1\" \/><a href=\"https:\/\/media.vaticannews.va\/media\/audio\/s1\/2018\/4\/30\/14\/134411709_F134411709.mp3\">https:\/\/media.vaticannews.va\/media\/audio\/s1\/2018\/4\/30\/14\/134411709_F134411709.mp3<\/a><\/audio>\n<\/div>\n<p>Fonte: R\u00e1dio Vaticano<\/p>\n<\/div>\n<div><\/div>\n<\/div>\n<\/div>\n","protected":false},"excerpt":{"rendered":"<p>&#8220;Fico feliz de encontrar associa\u00e7\u00f5es para pesquisa e solidariedade sobre doen\u00e7as raras&#8221;, disse Francisco. Cidade do Vaticano O Papa Francisco recebeu na Sala Clementina, no Vaticano, nesta segunda-feira (30\/04), os membros da associa\u00e7\u00e3o \u201cUma vida rara\u201d. O Pont\u00edfice agradeceu ao presidente da associa\u00e7\u00e3o que apresentou a hist\u00f3ria de seu filho Davi. Os pais sentiram dentro [&hellip;]<\/p>\n","protected":false},"author":1,"featured_media":40433,"comment_status":"open","ping_status":"closed","sticky":false,"template":"","format":"standard","meta":{"footnotes":""},"categories":[3],"tags":[],"class_list":["post-40432","post","type-post","status-publish","format-standard","has-post-thumbnail","hentry","category-vaticano"],"_links":{"self":[{"href":"https:\/\/catolicanet.net\/wp-cnet\/wp-json\/wp\/v2\/posts\/40432","targetHints":{"allow":["GET"]}}],"collection":[{"href":"https:\/\/catolicanet.net\/wp-cnet\/wp-json\/wp\/v2\/posts"}],"about":[{"href":"https:\/\/catolicanet.net\/wp-cnet\/wp-json\/wp\/v2\/types\/post"}],"author":[{"embeddable":true,"href":"https:\/\/catolicanet.net\/wp-cnet\/wp-json\/wp\/v2\/users\/1"}],"replies":[{"embeddable":true,"href":"https:\/\/catolicanet.net\/wp-cnet\/wp-json\/wp\/v2\/comments?post=40432"}],"version-history":[{"count":2,"href":"https:\/\/catolicanet.net\/wp-cnet\/wp-json\/wp\/v2\/posts\/40432\/revisions"}],"predecessor-version":[{"id":40435,"href":"https:\/\/catolicanet.net\/wp-cnet\/wp-json\/wp\/v2\/posts\/40432\/revisions\/40435"}],"wp:featuredmedia":[{"embeddable":true,"href":"https:\/\/catolicanet.net\/wp-cnet\/wp-json\/wp\/v2\/media\/40433"}],"wp:attachment":[{"href":"https:\/\/catolicanet.net\/wp-cnet\/wp-json\/wp\/v2\/media?parent=40432"}],"wp:term":[{"taxonomy":"category","embeddable":true,"href":"https:\/\/catolicanet.net\/wp-cnet\/wp-json\/wp\/v2\/categories?post=40432"},{"taxonomy":"post_tag","embeddable":true,"href":"https:\/\/catolicanet.net\/wp-cnet\/wp-json\/wp\/v2\/tags?post=40432"}],"curies":[{"name":"wp","href":"https:\/\/api.w.org\/{rel}","templated":true}]}}