{"id":40416,"date":"2018-04-30T09:26:35","date_gmt":"2018-04-30T12:26:35","guid":{"rendered":"http:\/\/catolicanet.net\/wp-cnet\/?p=40416"},"modified":"2018-04-30T09:26:35","modified_gmt":"2018-04-30T12:26:35","slug":"sao-jose-operario-3","status":"publish","type":"post","link":"https:\/\/catolicanet.net\/wp-cnet\/sao-jose-operario-3\/","title":{"rendered":"S\u00e3o Jos\u00e9 Oper\u00e1rio"},"content":{"rendered":"<p>O dia 1\u00ba de maio, mem\u00f3ria de S\u00e3o Jos\u00e9, carpinteiro de Nazar\u00e9 e protetor dos oper\u00e1rios, faz-nos perceber o valor do trabalho, querendo Deus a realiza\u00e7\u00e3o da criatura humana. \u00c9 a Igreja que reconhece a dignidade do trabalho humano, em concomit\u00e2ncia com o crescimento e realiza\u00e7\u00e3o das pessoas, pelo exerc\u00edcio do trabalho, tendo diante dos olhos, na mente e no cora\u00e7\u00e3o, o plano salv\u00edfico de Deus. A esperan\u00e7a do Reino de Deus motiva-nos, faz-nos descruzar os bra\u00e7os, desinstalarmo-nos e n\u00e3o ficar alheios diante dos concretos desafios da vida, sejam eles na ordem material ou espiritual.<\/p>\n<p>Foi o Papa Pio XII que, em 1955, instituiu tal mem\u00f3ria lit\u00fargica, no contexto da Festa dos Trabalhadores, em todo o mundo, comemorada no dia 1\u00ba de maio, que tem sua origem no ano de 1886, na industrializada cidade de Chicago (Estados Unidos). Por longo tempo, na simbologia da luta do Dia do Trabalho, pelas manifesta\u00e7\u00f5es, assumiu-se um car\u00e1ter contestat\u00f3rio e ideol\u00f3gico, alheio e hostil ao esp\u00edrito crist\u00e3o. A partir da referida data de 1\u00ba de maio de 1955, com a decis\u00e3o de Pio XII, no entanto, consagrou-se a Festa dos Trabalhadores, com uma \u00edndole crist\u00e3, dando-lhe um padroeiro: S\u00e3o Jos\u00e9 Oper\u00e1rio.<\/p>\n<p>A esperan\u00e7a proclamada por Jesus de Nazar\u00e9 transcende e vai muito al\u00e9m da esperan\u00e7a terrena. Evidentemente, ela ser\u00e1 abundante e ter\u00e1 sua plenitude com o esplendor da gl\u00f3ria de Deus, no final dos tempos. Na mesma esperan\u00e7a, o Papa, ao instituir o Dia de S\u00e3o Jos\u00e9 Oper\u00e1rio no mundo cat\u00f3lico, o quis como protetor e modelo de todos os trabalhadores, enaltecendo-os com a \u201cdignidade do trabalho\u201d.<\/p>\n<p>A vida requer coragem, colocando, evidentemente, os frutos do trabalho de mulheres e homens no esfor\u00e7o constante pelo sustento \u00e0 vida, dom e gra\u00e7a de Deus. Que n\u00e3o esque\u00e7amos jamais do cumprimento da esperan\u00e7a terrena, na busca por justi\u00e7a, solidariedade e paz, sendo Deus mesmo o condutor da hist\u00f3ria das pessoas de boa vontade, conduzindo-as, na esperan\u00e7a, ao definitivo: o Reino de Deus.<\/p>\n<p>S\u00e3o Jos\u00e9 Oper\u00e1rio quer ensinar as mulheres e os homens do nosso tempo a se convencerem de que est\u00e3o no caminho certo, pela \u00e1rdua tarefa do trabalho, respeitando e preservando a obra da cria\u00e7\u00e3o. O desejo de Pio XII claro que ia em dire\u00e7\u00e3o \u00e0 conquista da paz social, na sonhada busca dos ideais crist\u00e3os, no respeito pela criatura humana, imagem e semelhan\u00e7a de Deus. Am\u00e9m!<\/p>\n","protected":false},"excerpt":{"rendered":"<p>O dia 1\u00ba de maio, mem\u00f3ria de S\u00e3o Jos\u00e9, carpinteiro de Nazar\u00e9 e protetor dos oper\u00e1rios, faz-nos perceber o valor do trabalho, querendo Deus a realiza\u00e7\u00e3o da criatura humana. \u00c9 a Igreja que reconhece a dignidade do trabalho humano, em concomit\u00e2ncia com o crescimento e realiza\u00e7\u00e3o das pessoas, pelo exerc\u00edcio do trabalho, tendo diante dos [&hellip;]<\/p>\n","protected":false},"author":6,"featured_media":32779,"comment_status":"open","ping_status":"closed","sticky":false,"template":"","format":"standard","meta":{"footnotes":""},"categories":[9],"tags":[],"class_list":["post-40416","post","type-post","status-publish","format-standard","has-post-thumbnail","hentry","category-artigos"],"_links":{"self":[{"href":"https:\/\/catolicanet.net\/wp-cnet\/wp-json\/wp\/v2\/posts\/40416","targetHints":{"allow":["GET"]}}],"collection":[{"href":"https:\/\/catolicanet.net\/wp-cnet\/wp-json\/wp\/v2\/posts"}],"about":[{"href":"https:\/\/catolicanet.net\/wp-cnet\/wp-json\/wp\/v2\/types\/post"}],"author":[{"embeddable":true,"href":"https:\/\/catolicanet.net\/wp-cnet\/wp-json\/wp\/v2\/users\/6"}],"replies":[{"embeddable":true,"href":"https:\/\/catolicanet.net\/wp-cnet\/wp-json\/wp\/v2\/comments?post=40416"}],"version-history":[{"count":1,"href":"https:\/\/catolicanet.net\/wp-cnet\/wp-json\/wp\/v2\/posts\/40416\/revisions"}],"predecessor-version":[{"id":40418,"href":"https:\/\/catolicanet.net\/wp-cnet\/wp-json\/wp\/v2\/posts\/40416\/revisions\/40418"}],"wp:featuredmedia":[{"embeddable":true,"href":"https:\/\/catolicanet.net\/wp-cnet\/wp-json\/wp\/v2\/media\/32779"}],"wp:attachment":[{"href":"https:\/\/catolicanet.net\/wp-cnet\/wp-json\/wp\/v2\/media?parent=40416"}],"wp:term":[{"taxonomy":"category","embeddable":true,"href":"https:\/\/catolicanet.net\/wp-cnet\/wp-json\/wp\/v2\/categories?post=40416"},{"taxonomy":"post_tag","embeddable":true,"href":"https:\/\/catolicanet.net\/wp-cnet\/wp-json\/wp\/v2\/tags?post=40416"}],"curies":[{"name":"wp","href":"https:\/\/api.w.org\/{rel}","templated":true}]}}