{"id":40410,"date":"2018-04-30T08:39:15","date_gmt":"2018-04-30T11:39:15","guid":{"rendered":"http:\/\/catolicanet.net\/wp-cnet\/?p=40410"},"modified":"2018-04-30T08:39:15","modified_gmt":"2018-04-30T11:39:15","slug":"a-dignidade-do-trabalho","status":"publish","type":"post","link":"https:\/\/catolicanet.net\/wp-cnet\/a-dignidade-do-trabalho\/","title":{"rendered":"A dignidade do trabalho."},"content":{"rendered":"<p>Iniciamos o m\u00eas de maio. Neste m\u00eas em que celebramos a presen\u00e7a de Nossa Senhora na vida da Igreja o m\u00eas \u00e9 inaugurado com a celebra\u00e7\u00e3o de S\u00e3o Jos\u00e9 Oper\u00e1rio, padroeiro de todos os trabalhadores e trabalhadoras, em que colocamos nas m\u00e3os do Carpinteiro de Nazar\u00e9 todos os que, diuturnamente, enfrentam as jornadas de trabalho.<\/p>\n<p>Gostaria, no in\u00edcio deste m\u00eas em que pedimos a prote\u00e7\u00e3o de Nossa Senhora, M\u00e3e de Deus, M\u00e3e da Igreja e nossa M\u00e3e, que tiv\u00e9ssemos presente de que \u00e9 necess\u00e1rio rezar o ter\u00e7o diariamente. Quem j\u00e1 experimentou, em sua vida, a rezar o ter\u00e7o enquanto trabalha? Desde os meus tempos de semin\u00e1rio, quando eu ingressei na Congrega\u00e7\u00e3o Mariana, rezo o ter\u00e7o que aprendi, ainda na simplicidade e santidade da vida de meus pais e irm\u00e3os. J\u00e1 rez\u00e1vamos o ter\u00e7o em casa, momento principal da nossa vida familiar, e continue durante toda a minha vida, particularmente enquanto executo algum trabalho, a unir-me a Cristo e a Virgem Maria meditando os mist\u00e9rios da salva\u00e7\u00e3o.<\/p>\n<p>O trabalho \u00e9 sublime: \u00a0o trabalho n\u00e3o \u00e9 uma penalidade, mas sim a colabora\u00e7\u00e3o do homem e da mulher com Deus no aperfei\u00e7oamento da cria\u00e7\u00e3o vis\u00edvel (Catecismo da Igreja Cat\u00f3lica, CIC \u00a7 378).<\/p>\n<p>O trabalho \u00e9, pois, um dever: \u201cQuem n\u00e3o quer trabalhar, tamb\u00e9m n\u00e3o h\u00e1 de comer\u201d (2Ts 3,10). \u201cO trabalho honra os dons do Criador e os talentos recebidos. Suportando a pena do trabalho unido a Jesus, o artes\u00e3o de Nazar\u00e9 e o crucificado do Calv\u00e1rio, o homem colabora de certa maneira com o Filho de Deus na Sua obra redentora\u201d (CIC \u00a7 2427).<\/p>\n<p>O Ap\u00f3stolo S\u00e3o Paulo ensinou como devemos trabalhar: \u201cTudo quanto fizerdes, por palavra ou por obra, fazei-o em nome do Senhor Jesus, dando por ele gra\u00e7as a Deus Pai\u201d (Colossenses 3,17). Por isso devemos trabalhar alegres, agradecidos e felizes. Seja qual for o seu trabalho, manual, pesado ou sofisticado, de varrer a casa ou de varrer a rua, de tirar leite ou de trabalhar numa grande empresa, de cuidar dos doentes, na enfermaria ou como m\u00e9dico, como advogado ou no trabalho da evangeliza\u00e7\u00e3o, na cozinha ou nas f\u00e1bricas, a gra\u00e7a de Deus se manifesta no trabalho que voc\u00ea desenvolve. Todos os trabalhos s\u00e3o indispens\u00e1veis e agrad\u00e1veis a Deus.<\/p>\n<p>S\u00e3o Jo\u00e3o Paulo II, na sua Enc\u00edclica Laborem Exercens ensina que: \u201c\u00c9 mediante o trabalho que o homem deve procurar-se o p\u00e3o quotidiano e contribuir para o progresso cont\u00ednuo das ci\u00eancias e da t\u00e9cnica, e sobretudo para a incessante eleva\u00e7\u00e3o cultural e moral da sociedade, na qual vive em comunidade com os pr\u00f3prios irm\u00e3os. E com a palavra trabalho \u00e9 indicada toda a atividade realizada pelo mesmo homem, tanto manual como intelectual, independentemente das suas caracter\u00edsticas e das circunst\u00e2ncias, quer dizer toda a atividade humana que se pode e deve reconhecer como trabalho, no meio de toda aquela riqueza de atividades para as quais o homem tem capacidade e est\u00e1 predisposto pela pr\u00f3pria natureza, em virtude da sua humanidade\u201d inicia o discurso magisterial do Papa.<\/p>\n<p>Pe\u00e7amos a Nossa Senhora, neste m\u00eas que se inicia todo dedicado a ela, que possamos, como nos pede a Igreja e recorda sempre o Papa Francisco, a trabalhar e rezar. Se S\u00e3o Bento nos legou o \u201cora et labora\u201d, ou seja, \u201co orar e trabalhar\u201d fa\u00e7amos de nossas jornadas de di\u00e1ria um louvor cont\u00ednuo a Deus e uma entrega da nossa vida, na espiritualidade do trabalho em favor da edifica\u00e7\u00e3o da sociedade do amor e da nossa santifica\u00e7\u00e3o pessoal.<\/p>\n<p>N\u00e3o vamos esquecer de agradecer a Deus o trabalho e o sal\u00e1rio que temos. Deus seja louvado por esta d\u00e1diva. Mas, tamb\u00e9m, n\u00e3o vamos esquecer de rezar pelos que est\u00e3o desempregados e que passam necessidades b\u00e1sicas para sobreviver. A estes vamos nos unir na ora\u00e7\u00e3o e na, medida do poss\u00edvel, na ajuda material para que possam ser restabelecidos no mercado de trabalho.<\/p>\n<p>Agrade\u00e7amos a Deus por tantas pessoas que trabalham para que em nossas mesas cheguem o nosso p\u00e3o cotidiano. Deus os aben\u00e7oe!<\/p>\n<p>Fa\u00e7a a experi\u00eancia, pelo menos um dia por semana, de na hora de seu almo\u00e7o reunir no ambiente de seu trabalho seus colegas de servi\u00e7o parra a reza do ter\u00e7o. Que Nossa Senhora de F\u00e1tima ilumine, aben\u00e7oe e guarde a todos os trabalhadores e trabalhadoras, am\u00e9m!<\/p>\n","protected":false},"excerpt":{"rendered":"<p>Iniciamos o m\u00eas de maio. Neste m\u00eas em que celebramos a presen\u00e7a de Nossa Senhora na vida da Igreja o m\u00eas \u00e9 inaugurado com a celebra\u00e7\u00e3o de S\u00e3o Jos\u00e9 Oper\u00e1rio, padroeiro de todos os trabalhadores e trabalhadoras, em que colocamos nas m\u00e3os do Carpinteiro de Nazar\u00e9 todos os que, diuturnamente, enfrentam as jornadas de trabalho. [&hellip;]<\/p>\n","protected":false},"author":10,"featured_media":32785,"comment_status":"open","ping_status":"closed","sticky":false,"template":"","format":"standard","meta":{"footnotes":""},"categories":[9],"tags":[],"class_list":["post-40410","post","type-post","status-publish","format-standard","has-post-thumbnail","hentry","category-artigos"],"_links":{"self":[{"href":"https:\/\/catolicanet.net\/wp-cnet\/wp-json\/wp\/v2\/posts\/40410","targetHints":{"allow":["GET"]}}],"collection":[{"href":"https:\/\/catolicanet.net\/wp-cnet\/wp-json\/wp\/v2\/posts"}],"about":[{"href":"https:\/\/catolicanet.net\/wp-cnet\/wp-json\/wp\/v2\/types\/post"}],"author":[{"embeddable":true,"href":"https:\/\/catolicanet.net\/wp-cnet\/wp-json\/wp\/v2\/users\/10"}],"replies":[{"embeddable":true,"href":"https:\/\/catolicanet.net\/wp-cnet\/wp-json\/wp\/v2\/comments?post=40410"}],"version-history":[{"count":1,"href":"https:\/\/catolicanet.net\/wp-cnet\/wp-json\/wp\/v2\/posts\/40410\/revisions"}],"predecessor-version":[{"id":40411,"href":"https:\/\/catolicanet.net\/wp-cnet\/wp-json\/wp\/v2\/posts\/40410\/revisions\/40411"}],"wp:featuredmedia":[{"embeddable":true,"href":"https:\/\/catolicanet.net\/wp-cnet\/wp-json\/wp\/v2\/media\/32785"}],"wp:attachment":[{"href":"https:\/\/catolicanet.net\/wp-cnet\/wp-json\/wp\/v2\/media?parent=40410"}],"wp:term":[{"taxonomy":"category","embeddable":true,"href":"https:\/\/catolicanet.net\/wp-cnet\/wp-json\/wp\/v2\/categories?post=40410"},{"taxonomy":"post_tag","embeddable":true,"href":"https:\/\/catolicanet.net\/wp-cnet\/wp-json\/wp\/v2\/tags?post=40410"}],"curies":[{"name":"wp","href":"https:\/\/api.w.org\/{rel}","templated":true}]}}