{"id":40406,"date":"2018-04-27T14:23:26","date_gmt":"2018-04-27T17:23:26","guid":{"rendered":"http:\/\/catolicanet.net\/wp-cnet\/?p=40406"},"modified":"2018-04-27T14:23:26","modified_gmt":"2018-04-27T17:23:26","slug":"santuario-anuncia-mais-uma-novidade-fieis-poderao-visitar-a-cupula","status":"publish","type":"post","link":"https:\/\/catolicanet.net\/wp-cnet\/santuario-anuncia-mais-uma-novidade-fieis-poderao-visitar-a-cupula\/","title":{"rendered":"Santu\u00e1rio anuncia mais uma novidade: Fi\u00e9is poder\u00e3o visitar a C\u00fapula"},"content":{"rendered":"<p>Data marcar\u00e1 ainda o lan\u00e7amento do livro \u201cSantu\u00e1rio de Aparecida\u201d, de autoria do fot\u00f3grafo F\u00e1bio Colombini<\/p>\n<p>O local oferece vis\u00e3o privilegiada da Bas\u00edlica.<\/p>\n<p>A inaugura\u00e7\u00e3o da C\u00fapula Central, no \u00faltimo dia 11, sem d\u00favidas surpreendeu os fi\u00e9is presentes na Bas\u00edlica. Foram momentos de emo\u00e7\u00e3o profunda, e que, certamente ficar\u00e3o eternizados na mem\u00f3ria dos que participaram da celebra\u00e7\u00e3o de revela\u00e7\u00e3o desta obra no Santu\u00e1rio Nacional de Aparecida. Foram anos de projeto, j\u00e1 que o processo de constru\u00e7\u00e3o dos mosaicos \u00e9 minucioso.<\/p>\n<p>Para o pr\u00f3ximo dia 18, \u00e0s 18h o Santu\u00e1rio de Aparecida apresenta mais uma novidade: a C\u00fapula poder\u00e1 ser visitada pelos fi\u00e9is que passarem pelo Santu\u00e1rio. O local oferece vis\u00e3o privilegiada da Bas\u00edlica, e a possibilidade de estar pr\u00f3ximo da grande obra de arte idealizada pelo artista sacro Cl\u00e1udio Pastro, falecido em outubro de 2016.<\/p>\n<p>::Entenda toda a simbologia da C\u00fapula Central do Santu\u00e1rio de Aparecida::<\/p>\n<p>A inaugura\u00e7\u00e3o tem in\u00edcio com a celebra\u00e7\u00e3o no Altar Central, e posterior solenidade no subsolo do Santu\u00e1rio Nacional. Al\u00e9m da presen\u00e7a do arcebispo de Aparecida Dom Orlando Brandes, do reitor do Santu\u00e1rio padre Jo\u00e3o Batista e do administrador-ec\u00f4nomo, padre Daniel, far\u00e3o parte da solenidade o fot\u00f3grafo F\u00e1bio Colombini, autor do livro &#8216;Santu\u00e1rio de Aparecida&#8217;.<\/p>\n<p>Localizada a 72 metros do ch\u00e3o, toda a circunfer\u00eancia da C\u00fapula est\u00e1 composta por pain\u00e9is com textos e imagens relativos \u00e0s comemora\u00e7\u00f5es dos 300 Anos, bem como os principais eventos promovidos pelo Santu\u00e1rio Nacional. Entre eles: peregrina\u00e7\u00e3o da imagem, carimbo comemorativo, coleta da terra em todas as capitais, coleta das \u00e1guas dos principais rios do Brasil, selo comemorativo, monumentos do tricenten\u00e1rio, memorial dos construtores, campan\u00e1rio, etc.<\/p>\n<p>Segundo a muse\u00f3loga Gisele Peixe, os visitantes certamente ir\u00e3o se surpreender, j\u00e1 que ainda estar\u00e3o dispon\u00edveis uma infinidade de objetos representativos desses eventos: mantos de Nossa Senhora, coroa jubilar, frascos com terra de todos os estados, frascos com \u00e1guas de todas as bacias hidrogr\u00e1ficas do Brasil, recolhidas pela Marinha Brasileira, paramentos, medalhas, etc.<\/p>\n<p>\u201cNa galeria que circunda a c\u00fapula, h\u00e1 uma s\u00e9rie de 52 pain\u00e9is explicativos da simbologia do projeto art\u00edstico de Claudio Pastro, detalhando todos os desenhos e as \u00e1reas do grande baldaquino. Haver\u00e1 vitrines com amostras dos azulejos e pastilhas de vidro que comp\u00f5em o mosaico da c\u00fapula e as paredes do baldaquino e seu capitel. Alguns pain\u00e9is trazem informa\u00e7\u00f5es sobre a constru\u00e7\u00e3o da c\u00fapula, que se iniciou na d\u00e9cada de 1960\u201d, explica Gisele.<\/p>\n<p>No total s\u00e3o dois mil metros quadrados de mosaico na c\u00fapula. As pastilhas de vidro, chamadas de t\u00e9sseras, vieram da It\u00e1lia e no total, s\u00e3o quase cinco milh\u00f5es de pe\u00e7as escolhidas e coladas uma a uma.<\/p>\n<p>Lan\u00e7amento do Livro<\/p>\n<p>\u201cO Santu\u00e1rio, mesmo vazio, continua rezando atrav\u00e9s da arte\u201d, diz autor do livro Santu\u00e1rio de Aparecida.<\/p>\n<p>No total s\u00e3o 148 p\u00e1ginas com fotografias que emocionam a cada olhar. A perfei\u00e7\u00e3o de cada enquadramento, das cores e de cada contorno das imagens mostram o apurad\u00edssimo olhar do fot\u00f3grafo Cl\u00e1udio Pastro no livro \u201cSantu\u00e1rio de Aparecida\u201d.<\/p>\n<p>Os textos, em portugu\u00eas e ingl\u00eas, que acompanham as imagens do livro de sua autoria \u00e9 um verdadeiro guia da obra de arte do artista sacro Cl\u00e1udio Pastro, falecido em outubro de 2016.<\/p>\n<p>Pastro afirma, em um dos seus textos do livro, que a Bas\u00edlica Nacional de Aparecida, por sua forma e simbologia, \u00e9 um espa\u00e7o que une o C\u00e9u e a Terra.<\/p>\n<p>\u201cA Bas\u00edlica \u00e9 um espa\u00e7o universal (cat\u00f3lico) que abrange o homem todo, do nascer ao morrer, e todos os homens de todos os lugares e de todos os tempos. Por sua fun\u00e7\u00e3o e identidade, \u00e9 um edif\u00edcio sacro, isto \u00e9, n\u00e3o cuida das banalidades e interesses do cotidiano, do profano, mas existe para a gratuidade e ess\u00eancia da vida, para a escuta de seu \u00fanico Senhor e Deus\u201d, escreveu.<\/p>\n<p>O livro conta com 311 imagens e tiragem de 5 mil exemplares. Assina como autor, junto com Colombini o artista Cl\u00e1udio Pastro.<\/p>\n<p>Orienta\u00e7\u00e3o: Os jornalistas que vierem participar da inaugura\u00e7\u00e3o no dia 18, devem confirmar presen\u00e7a junto \u00e0 Assessoria de Imprensa do Santu\u00e1rio, atrav\u00e9s do telefone (12) 31041042 e e-mail imprensa2@santuarionacional.com. Ap\u00f3s a inaugura\u00e7\u00e3o, haver\u00e1 visita \u00e0 C\u00fapula, seguida de Coletiva de Imprensa com Dom Orlando, arcebispo de Aparecida, padre Daniel, administrador-ec\u00f4nomo e F\u00e1bio Colombini, autor do livro. A muse\u00f3loga Gisele Peixe tamb\u00e9m estar\u00e1 dispon\u00edvel para conversar com os jornalistas.<\/p>\n<p>Fonte: Santu\u00e1rio Nacional<\/p>\n","protected":false},"excerpt":{"rendered":"<p>Data marcar\u00e1 ainda o lan\u00e7amento do livro \u201cSantu\u00e1rio de Aparecida\u201d, de autoria do fot\u00f3grafo F\u00e1bio Colombini O local oferece vis\u00e3o privilegiada da Bas\u00edlica. A inaugura\u00e7\u00e3o da C\u00fapula Central, no \u00faltimo dia 11, sem d\u00favidas surpreendeu os fi\u00e9is presentes na Bas\u00edlica. Foram momentos de emo\u00e7\u00e3o profunda, e que, certamente ficar\u00e3o eternizados na mem\u00f3ria dos que participaram [&hellip;]<\/p>\n","protected":false},"author":1,"featured_media":40407,"comment_status":"open","ping_status":"closed","sticky":false,"template":"","format":"standard","meta":{"footnotes":""},"categories":[13],"tags":[],"class_list":["post-40406","post","type-post","status-publish","format-standard","has-post-thumbnail","hentry","category-featured"],"_links":{"self":[{"href":"https:\/\/catolicanet.net\/wp-cnet\/wp-json\/wp\/v2\/posts\/40406","targetHints":{"allow":["GET"]}}],"collection":[{"href":"https:\/\/catolicanet.net\/wp-cnet\/wp-json\/wp\/v2\/posts"}],"about":[{"href":"https:\/\/catolicanet.net\/wp-cnet\/wp-json\/wp\/v2\/types\/post"}],"author":[{"embeddable":true,"href":"https:\/\/catolicanet.net\/wp-cnet\/wp-json\/wp\/v2\/users\/1"}],"replies":[{"embeddable":true,"href":"https:\/\/catolicanet.net\/wp-cnet\/wp-json\/wp\/v2\/comments?post=40406"}],"version-history":[{"count":1,"href":"https:\/\/catolicanet.net\/wp-cnet\/wp-json\/wp\/v2\/posts\/40406\/revisions"}],"predecessor-version":[{"id":40408,"href":"https:\/\/catolicanet.net\/wp-cnet\/wp-json\/wp\/v2\/posts\/40406\/revisions\/40408"}],"wp:featuredmedia":[{"embeddable":true,"href":"https:\/\/catolicanet.net\/wp-cnet\/wp-json\/wp\/v2\/media\/40407"}],"wp:attachment":[{"href":"https:\/\/catolicanet.net\/wp-cnet\/wp-json\/wp\/v2\/media?parent=40406"}],"wp:term":[{"taxonomy":"category","embeddable":true,"href":"https:\/\/catolicanet.net\/wp-cnet\/wp-json\/wp\/v2\/categories?post=40406"},{"taxonomy":"post_tag","embeddable":true,"href":"https:\/\/catolicanet.net\/wp-cnet\/wp-json\/wp\/v2\/tags?post=40406"}],"curies":[{"name":"wp","href":"https:\/\/api.w.org\/{rel}","templated":true}]}}