{"id":40354,"date":"2018-04-26T10:38:54","date_gmt":"2018-04-26T13:38:54","guid":{"rendered":"http:\/\/catolicanet.net\/wp-cnet\/?p=40354"},"modified":"2018-04-30T08:52:58","modified_gmt":"2018-04-30T11:52:58","slug":"eutanasia-igreja-catolica-publica-folheto-com-perguntas-e-respostas-para-um-debate-mais-esclarecido","status":"publish","type":"post","link":"https:\/\/catolicanet.net\/wp-cnet\/eutanasia-igreja-catolica-publica-folheto-com-perguntas-e-respostas-para-um-debate-mais-esclarecido\/","title":{"rendered":"Eutan\u00e1sia: Igreja Cat\u00f3lica publica folheto com perguntas e respostas para \u00abum debate mais esclarecido\u00bb"},"content":{"rendered":"<p>Secret\u00e1rio da Confer\u00eancia Episcopal Portuguesa real\u00e7a que \u00abn\u00e3o est\u00e1 em causa uma quest\u00e3o de religi\u00e3o, mas de vida e sociedade\u00bb<\/p>\n<p>Lisboa, 26 abr 2018 (Ecclesia) \u2013 A Confer\u00eancia Episcopal Portuguesa publicou um folheto com \u2018perguntas e respostas sobre a Eutan\u00e1sia\u2019, para informar a sociedade e \u2018esclarecer d\u00favidas\u2019 que possam existir, numa altura em que a legaliza\u00e7\u00e3o desta pr\u00e1tica est\u00e1 em debate no pa\u00eds.<\/p>\n<p>O secret\u00e1rio da CEP salienta, em declara\u00e7\u00f5es \u00e0 Ag\u00eancia ECCLESIA, uma iniciativa que pretende ser um acr\u00e9scimo \u201cpedag\u00f3gico\u201d para toda a discuss\u00e3o em curso.<\/p>\n<p>\u201cNeste folheto colocamos as quest\u00f5es que nos pareceram que s\u00e3o essenciais para que as pessoas estejam informadas, para que na sua consci\u00eancia estejam sempre pela defesa da vida\u201d, real\u00e7a o padre Manuel Barbosa.<\/p>\n<p>O lan\u00e7amento deste trabalho surge numa altura em que a Igreja Cat\u00f3lica est\u00e1 a assinalar at\u00e9 ao pr\u00f3ximo domingo a \u2018Semana da Vida\u2019, subordinada precisamente ao tema \u2018Eutan\u00e1sia\u2026 o que est\u00e1 em jogo?\u2019<\/p>\n<p>Uma semana preparada pela Comiss\u00e3o Episcopal do Laicado e Fam\u00edlia, atrav\u00e9s do seu Departamento Nacional da Pastoral Familiar.<\/p>\n<p>No folheto podemos encontrar a defini\u00e7\u00e3o n\u00e3o s\u00f3 de eutan\u00e1sia mas tamb\u00e9m de outros conceitos que t\u00eam vindo a p\u00fablico, como \u2018suic\u00eddio assistido\u2019, \u2018obstina\u00e7\u00e3o terap\u00eautica\u2019, e \u2018cuidados paliativos\u2019.<\/p>\n<p>O objetivo foi ainda enquadrar v\u00e1rias perguntas que, na opini\u00e3o da Igreja Cat\u00f3lica, devem ser respondidas quando se fala em legalizar ou n\u00e3o a pr\u00e1tica da eutan\u00e1sia.<\/p>\n<p>Como \u2018\u00e9 l\u00edcito provocar a morte de uma pessoa a seu pedido?\u2019, ou se \u2018\u00e9 l\u00edcito provocar a morte para eliminar o sofrimento?\u2019, e ainda \u2018quais as consequ\u00eancias da legaliza\u00e7\u00e3o da eutan\u00e1sia\u2019.<\/p>\n<p>Preparado pela Confer\u00eancia Episcopal Portuguesa em conjunto com a Associa\u00e7\u00e3o dos M\u00e9dicos cat\u00f3licos, a Comiss\u00e3o Nacional Justi\u00e7a e Paz, e v\u00e1rios organismos da sociedade civil, este folheto \u00e9 inspirado num documento \u201cmais longo\u201d, que j\u00e1 tinha sido lan\u00e7ado pela Igreja Cat\u00f3lica em Portugal.<\/p>\n<p>O padre Manuel Barbosa salienta que a posi\u00e7\u00e3o assumida pela Igreja Cat\u00f3lica, \u201ccontra a eutan\u00e1sia\u201d, n\u00e3o vai nem mais longe nem acrescenta mais nenhuma posi\u00e7\u00e3o do que aquela que \u201cest\u00e1 tamb\u00e9m consagrada na pr\u00f3pria Constitui\u00e7\u00e3o da Rep\u00fablica Portuguesa\u201d.<\/p>\n<p>\u201cNo artigo 24 \u00e9 dito que a vida humana \u00e9 inviol\u00e1vel. E a quest\u00e3o da luta contra a eutan\u00e1sia \u00e9 uma quest\u00e3o de vida, \u00e9 uma quest\u00e3o de sociedade, n\u00e3o \u00e9 uma quest\u00e3o de religi\u00e3o\u201d, frisa o secret\u00e1rio da CEP.<\/p>\n<p>Atualmente est\u00e3o na Assembleia da Rep\u00fablica Portuguesa quatro propostas legislativas relacionadas com a eutan\u00e1sia: Bloco de Esquerda, Partido Socialista, Partido Ecologista \u2018Os Verdes\u2019 e PAN \u2013 Partido Animais e Natureza.<\/p>\n<p>Para o padre Manuel Barbosa, \u00e9 essencial que a Igreja Cat\u00f3lica \u201ccontribua para um debate mais esclarecido\u201d, at\u00e9 porque est\u00e1 em causa o modelo de sociedade que se quer para o futuro, para as futuras gera\u00e7\u00f5es.<\/p>\n<p>\u201c\u00c9 preciso lutar pela vida, pelos cuidados paliativos, h\u00e1 muito a fazer nesse sentido, pelo cuidado por todos e pela vida no seu todo. At\u00e9 porque h\u00e1 sempre o perigo de cairmos numa rampa deslizante, como vimos com o caso holand\u00eas. Por isso \u00e9 que num dos pontos do folheto temos presente o risco do aumento generalizado da eutan\u00e1sia\u201d, apontou.<\/p>\n<p>Aquele respons\u00e1vel estava a referir-se a um encontro sobre este tema que decorreu ter\u00e7a-feira na Universidade Cat\u00f3lica Portuguesa.<\/p>\n<p>Theo A. Boer, especialista holand\u00eas em \u00c9tica nos Cuidados de Sa\u00fade, que participou num comit\u00e9 de an\u00e1lise \u00e0 aplica\u00e7\u00e3o da eutan\u00e1sia no seu pa\u00eds, alertou para a necessidade de um debate cuidado, a partir de crit\u00e9rios bem definidos.<\/p>\n<p>Caso contr\u00e1rio, a legaliza\u00e7\u00e3o desta pr\u00e1tica poder\u00e1 resultar numa \u201crampa deslizante\u201d, num \u201cterreno pantanoso\u201d em que a eutan\u00e1sia \u00e9 vista como \u201csolu\u00e7\u00e3o para tudo\u201d, para todo o tipo de sofrimento.<\/p>\n<p>Na Holanda, a eutan\u00e1sia foi aprovada em 2002 e em pouco mais de 10 anos, o n\u00famero de pedidos de eutan\u00e1sia passou de cerca de 2 mil para 8 mil casos.<\/p>\n<p>\u201cAs decis\u00f5es que o vosso Parlamento tomar agora v\u00e3o influenciar a forma como os vossos filhos e netos ir\u00e3o morrer dentro de 30 ou 40 anos\u201d, alertou Theo A. Boer.<\/p>\n<p>A interven\u00e7\u00e3o do professor holand\u00eas, feita durante a confer\u00eancia \u2018A Eutan\u00e1sia e a Cultura do Cuidado\u2019 que decorreu na UCP, poder\u00e1 ser escutada no pr\u00f3ximo domingo, integrada num Programa ECCLESIA dedicado a esta mat\u00e9ria, a partir das 6h00, na Antena 1.<\/p>\n<p>Em destaque estar\u00e3o tamb\u00e9m interven\u00e7\u00f5es do cardeal-patriarca de Lisboa, D. Manuel Clemente; do presidente da Associa\u00e7\u00e3o dos M\u00e9dicos Cat\u00f3licos Portugueses, Pedro Afonso; do professor e cirurgi\u00e3o Gentil Martins; de Isabel Galri\u00e7a Neto e Eva Serra Palha, especialistas em Cuidados Paliativos; e de Germano de Sousa, antigo baston\u00e1rio da Ordem dos M\u00e9dicos.<\/p>\n<p><iframe loading=\"lazy\" width=\"696\" height=\"392\" src=\"https:\/\/www.youtube.com\/embed\/nI-HHIN2l4g?feature=oembed\" frameborder=\"0\" allow=\"autoplay; encrypted-media\" allowfullscreen><\/iframe><\/p>\n<p>Fonte: Agencia Ecclesia<\/p>\n","protected":false},"excerpt":{"rendered":"<p>Secret\u00e1rio da Confer\u00eancia Episcopal Portuguesa real\u00e7a que \u00abn\u00e3o est\u00e1 em causa uma quest\u00e3o de religi\u00e3o, mas de vida e sociedade\u00bb Lisboa, 26 abr 2018 (Ecclesia) \u2013 A Confer\u00eancia Episcopal Portuguesa publicou um folheto com \u2018perguntas e respostas sobre a Eutan\u00e1sia\u2019, para informar a sociedade e \u2018esclarecer d\u00favidas\u2019 que possam existir, numa altura em que a [&hellip;]<\/p>\n","protected":false},"author":1,"featured_media":40355,"comment_status":"open","ping_status":"closed","sticky":false,"template":"","format":"standard","meta":{"footnotes":""},"categories":[13],"tags":[],"class_list":["post-40354","post","type-post","status-publish","format-standard","has-post-thumbnail","hentry","category-featured"],"_links":{"self":[{"href":"https:\/\/catolicanet.net\/wp-cnet\/wp-json\/wp\/v2\/posts\/40354","targetHints":{"allow":["GET"]}}],"collection":[{"href":"https:\/\/catolicanet.net\/wp-cnet\/wp-json\/wp\/v2\/posts"}],"about":[{"href":"https:\/\/catolicanet.net\/wp-cnet\/wp-json\/wp\/v2\/types\/post"}],"author":[{"embeddable":true,"href":"https:\/\/catolicanet.net\/wp-cnet\/wp-json\/wp\/v2\/users\/1"}],"replies":[{"embeddable":true,"href":"https:\/\/catolicanet.net\/wp-cnet\/wp-json\/wp\/v2\/comments?post=40354"}],"version-history":[{"count":1,"href":"https:\/\/catolicanet.net\/wp-cnet\/wp-json\/wp\/v2\/posts\/40354\/revisions"}],"predecessor-version":[{"id":40356,"href":"https:\/\/catolicanet.net\/wp-cnet\/wp-json\/wp\/v2\/posts\/40354\/revisions\/40356"}],"wp:featuredmedia":[{"embeddable":true,"href":"https:\/\/catolicanet.net\/wp-cnet\/wp-json\/wp\/v2\/media\/40355"}],"wp:attachment":[{"href":"https:\/\/catolicanet.net\/wp-cnet\/wp-json\/wp\/v2\/media?parent=40354"}],"wp:term":[{"taxonomy":"category","embeddable":true,"href":"https:\/\/catolicanet.net\/wp-cnet\/wp-json\/wp\/v2\/categories?post=40354"},{"taxonomy":"post_tag","embeddable":true,"href":"https:\/\/catolicanet.net\/wp-cnet\/wp-json\/wp\/v2\/tags?post=40354"}],"curies":[{"name":"wp","href":"https:\/\/api.w.org\/{rel}","templated":true}]}}