{"id":40350,"date":"2018-04-26T10:20:29","date_gmt":"2018-04-26T13:20:29","guid":{"rendered":"http:\/\/catolicanet.net\/wp-cnet\/?p=40350"},"modified":"2018-04-26T10:20:29","modified_gmt":"2018-04-26T13:20:29","slug":"autoridade-vaticana-na-arabia-saudita-os-cristaos-nao-sao-cidadaos-de-segunda","status":"publish","type":"post","link":"https:\/\/catolicanet.net\/wp-cnet\/autoridade-vaticana-na-arabia-saudita-os-cristaos-nao-sao-cidadaos-de-segunda\/","title":{"rendered":"Autoridade vaticana na Ar\u00e1bia Saudita: Os crist\u00e3os n\u00e3o s\u00e3o cidad\u00e3os de segunda"},"content":{"rendered":"<p>O Presidente do Pontif\u00edcio Conselho para o Di\u00e1logo Inter-religioso, Cardeal Jean Louis Tauran, realizou recentemente uma visita hist\u00f3rica \u00e0 Ar\u00e1bia Saudita, onde pediu para que os n\u00e3o mu\u00e7ulmanos e crist\u00e3os sejam bem tratados e que \u201cestes n\u00e3o sejam considerados cidad\u00e3os de \u2018segunda classe\u201d\u2019.<\/p>\n<p>O Cardeal Tauran visitou Riad, capital da Ar\u00e1bia Saudita, entre os dias 13 e 20 de abril. Tratou-se um evento considerado hist\u00f3rico por ser a primeira vez que um chefe de um dicast\u00e9rio do Vaticano visitou o pa\u00eds mu\u00e7ulmano; e em cujo territ\u00f3rio est\u00e3o localizadas Meca e Medina, os dois lugares sagrados do Isl\u00e3.<\/p>\n<p>Em entrevista a Vatican News, em 24 de abril, o Cardeal contou sobre a sua visita \u00e0 monarquia mu\u00e7ulmana e seus encontros com as autoridades.<\/p>\n<p>\u201cAcredito que todas as religi\u00f5es se encontram diante de dois perigos: o terrorismo e a ignor\u00e2ncia. O futuro est\u00e1 na educa\u00e7\u00e3o, n\u00e3o h\u00e1 outros meios. E durante meus encontros insisti muito sobre este ponto: para que nas escolas se fale bem dos crist\u00e3os, dos n\u00e3o mu\u00e7ulmanos e que estes n\u00e3o sejam considerados cidad\u00e3os de \u2018segunda classe\u2019\u201d, assinalou.<\/p>\n<p>Na Ar\u00e1bia Saudita, o Cardeal encontrou v\u00e1rias autoridades, como o rei Salman bin Abdulaziz; e o secret\u00e1rio da Liga Mu\u00e7ulmana Mundial, Mohammed bin Abdul Karim al-Isa.<\/p>\n<p>Neste \u00faltimo encontro, informou o seman\u00e1rio cat\u00f3lico \u2018Alfa e Omega\u2019, o Purpurado expressou a sua preocupa\u00e7\u00e3o pelas restri\u00e7\u00f5es que a Igreja sofre em rela\u00e7\u00e3o \u00e0 liberdade religiosa e, por isso, pediu para que estabele\u00e7am \u201cregras comuns para a constru\u00e7\u00e3o de lugares de culto\u201d e que todos os credos sejam tratados desta maneira.<\/p>\n<p>Segundo Vatican News, na Ar\u00e1bia Saudita, o Cardeal presidiu uma Missa para alguns membros da pequena comunidade cat\u00f3lica no pa\u00eds, na qual considerou \u201ccomo gra\u00e7a, o di\u00e1logo inter-religioso praticado na vida cotidiana: todos experimentamos o fato de devermos nos confrontar com as mesmas provas e assim, como crentes, somos chamados a ser obedientes a Deus e a construir a paz l\u00e1 onde vivemos e trabalhamos\u201d.<\/p>\n<p>A partir disso, convidou \u201ca defender sempre a dignidade da pessoa humana e tutelar a liberdade religiosa para que, com o aux\u00edlio do Papa, seja sempre cada vez mais uma realidade\u201d.<\/p>\n<p>Em entrevista ao Vatican News na ter\u00e7a-feira, 24, o Cardeal destacou a inten\u00e7\u00e3o das autoridades de mostrar que na Ar\u00e1bia Saudita h\u00e1 a possibilidade de discuss\u00e3o e, portanto de \u201cmudar a imagem do pa\u00eds\u201d.<\/p>\n<p>Sobre a audi\u00eancia com o rei, o Cardeal franc\u00eas sublinhou que \u201c\u00e9 a primeira vez, desde que me dedico a esta regi\u00e3o, que vejo uma abertura midi\u00e1tica t\u00e3o ampla e ao mesmo tempo, diria, t\u00e3o equilibrada\u201d. No dia da sua chegada \u00e0 Ar\u00e1bia Saudita, disse que \u201coito jornais em \u00e1rabe colocaram a minha visita como manchete\u201d.<\/p>\n<p>O Cardeal manifestou sua esperan\u00e7a de que a educa\u00e7\u00e3o dos jovens ajude a mudar a mentalidade do pa\u00eds. \u201cTudo o que fizermos dever\u00e1 ser concreto: palavras e textos j\u00e1 temos em demasia. Deve-se sentir que alguma coisa est\u00e1 acontecendo\u201d, indicou.<\/p>\n<p>\u201cOs mu\u00e7ulmanos e os crist\u00e3os s\u00e3o capazes de se ouvir, olhar-se, trabalhar e construir algo juntos. O mundo muda, a hist\u00f3ria demonstra isso. Portanto, se isso foi poss\u00edvel nos s\u00e9culos anteriores, por que n\u00e3o pode ser tamb\u00e9m agora?\u201d, questionou.<\/p>\n<p>&nbsp;<\/p>\n<p>Fonte: Acidital<\/p>\n","protected":false},"excerpt":{"rendered":"<p>O Presidente do Pontif\u00edcio Conselho para o Di\u00e1logo Inter-religioso, Cardeal Jean Louis Tauran, realizou recentemente uma visita hist\u00f3rica \u00e0 Ar\u00e1bia Saudita, onde pediu para que os n\u00e3o mu\u00e7ulmanos e crist\u00e3os sejam bem tratados e que \u201cestes n\u00e3o sejam considerados cidad\u00e3os de \u2018segunda classe\u201d\u2019. O Cardeal Tauran visitou Riad, capital da Ar\u00e1bia Saudita, entre os dias [&hellip;]<\/p>\n","protected":false},"author":1,"featured_media":40351,"comment_status":"open","ping_status":"closed","sticky":false,"template":"","format":"standard","meta":{"footnotes":""},"categories":[4],"tags":[],"class_list":["post-40350","post","type-post","status-publish","format-standard","has-post-thumbnail","hentry","category-cotidiano"],"_links":{"self":[{"href":"https:\/\/catolicanet.net\/wp-cnet\/wp-json\/wp\/v2\/posts\/40350","targetHints":{"allow":["GET"]}}],"collection":[{"href":"https:\/\/catolicanet.net\/wp-cnet\/wp-json\/wp\/v2\/posts"}],"about":[{"href":"https:\/\/catolicanet.net\/wp-cnet\/wp-json\/wp\/v2\/types\/post"}],"author":[{"embeddable":true,"href":"https:\/\/catolicanet.net\/wp-cnet\/wp-json\/wp\/v2\/users\/1"}],"replies":[{"embeddable":true,"href":"https:\/\/catolicanet.net\/wp-cnet\/wp-json\/wp\/v2\/comments?post=40350"}],"version-history":[{"count":1,"href":"https:\/\/catolicanet.net\/wp-cnet\/wp-json\/wp\/v2\/posts\/40350\/revisions"}],"predecessor-version":[{"id":40352,"href":"https:\/\/catolicanet.net\/wp-cnet\/wp-json\/wp\/v2\/posts\/40350\/revisions\/40352"}],"wp:featuredmedia":[{"embeddable":true,"href":"https:\/\/catolicanet.net\/wp-cnet\/wp-json\/wp\/v2\/media\/40351"}],"wp:attachment":[{"href":"https:\/\/catolicanet.net\/wp-cnet\/wp-json\/wp\/v2\/media?parent=40350"}],"wp:term":[{"taxonomy":"category","embeddable":true,"href":"https:\/\/catolicanet.net\/wp-cnet\/wp-json\/wp\/v2\/categories?post=40350"},{"taxonomy":"post_tag","embeddable":true,"href":"https:\/\/catolicanet.net\/wp-cnet\/wp-json\/wp\/v2\/tags?post=40350"}],"curies":[{"name":"wp","href":"https:\/\/api.w.org\/{rel}","templated":true}]}}