{"id":4035,"date":"2014-01-22T03:00:00","date_gmt":"2014-01-22T05:00:00","guid":{"rendered":"http:\/\/catolicanet.net\/wp-cnet\/vergonha-da-igreja\/"},"modified":"2017-04-04T11:28:17","modified_gmt":"2017-04-04T14:28:17","slug":"vergonha-da-igreja","status":"publish","type":"post","link":"https:\/\/catolicanet.net\/wp-cnet\/vergonha-da-igreja\/","title":{"rendered":"Vergonha da Igreja"},"content":{"rendered":"<p style=\"text-align: justify;\">Ao ouvir\u00a0 que\u00a0 o\u00a0 Papa\u00a0 Francisco\u00a0 disse sobre \u201cpadres\u00a0\u00a0 ped\u00f3filos\u201d\u00a0 que\u00a0 \u00e9\u00a0 a \u201cvergonha\u00a0 da\u00a0 Igreja,\u201d\u00a0 julgo\u00a0 ter\u00a0 muitos\u00a0 outros\u00a0 fatos\u00a0 ou muitas\u00a0\u00a0 outras\u00a0 atitudes,\u00a0 acontecendo\u00a0 nesta\u00a0 mesma\u00a0\u00a0 Igreja, que\u00a0 merecem\u00a0 ser\u00a0 qualificados\u00a0 e\u00a0 qualificadas\u00a0 tamb\u00e9m\u00a0 como \u201c vergonha\u00a0 da\u00a0 Igreja\u201d.<br \/>Infelizmente, constatamos nos meios\u00a0 eclesi\u00e1sticos\u00a0 e\u00a0 laicais\u00a0\u00a0 certas\u00a0 atitudes\u00a0 que\u00a0 se\u00a0 n\u00e3o\u00a0 s\u00e3o,\u00a0\u00a0 parecem\u00a0 ser\u00a0 t\u00e3o\u00a0 vergonhosas\u00a0 quanto\u00a0 a\u00a0 que o Papa Francisco qualificou, mesmo\u00a0 sendo\u00a0 elas\u00a0 frutos\u00a0 de personalidades\u00a0 doentias ou at\u00e9\u00a0 mesmo\u00a0 de\u00a0\u00a0 \u201cpsicopatas\u201d.<br \/>Deus nos\u00a0 fala\u00a0 por diversos\u00a0 modos,\u00a0 entre\u00a0 eles,\u00a0 pelas\u00a0 pessoas e\u00a0 pelos\u00a0 acontecimentos. Hoje, tamb\u00e9m\u00a0 vem\u00a0 nos\u00a0 falando\u00a0 pelo Papa\u00a0 Francisco\u00a0 que\u00a0 nos\u00a0 leva\u00a0 a\u00a0 fazer\u00a0 uma\u00a0 revis\u00e3o\u00a0 corajosa\u00a0 no\u00a0 nosso\u00a0 seguimento\u00a0 a\u00a0 Jesus\u00a0 Cristo, o enviado\u00a0 do\u00a0 Pai, e\u00a0 a\u00a0 dar\u00a0 testemunho d\u2019Ele, a\u00a0 sermos\u00a0 verdadeiramente\u00a0 Igreja, novo\u00a0\u00a0 Povo\u00a0 de\u00a0 Deus,\u201d povo\u00a0 santo\u00a0 e\u00a0 fiel\u201d, como\u00a0 disse o referido\u00a0 Papa , recordando\u00a0 LG n\u00ba 12.: A\u00a0 Igreja\u00a0 \u00e9\u00a0 a\u00a0 totalidade\u00a0 do\u00a0\u00a0 povo\u00a0 de\u00a0 Deus.<br \/>Os\u00a0\u00a0 crist\u00e3os:\u00a0 leigos\u00a0\u00a0 cat\u00f3licos, agentes\u00a0 de\u00a0 pastoral, ministros\u00a0 ordenados:\u00a0 di\u00e1conos,\u00a0 presb\u00edteros\u00a0 e\u00a0 bispos\u00a0 s\u00e3o\u00a0 convidados e\u00a0 at\u00e9\u00a0 mesmo\u00a0 convocados\u00a0 a\u00a0\u00a0 um\u00a0\u00a0 s\u00e9rio\u00a0 e\u00a0 profundo\u00a0 exame\u00a0 de\u00a0 consci\u00eancia, e a fazer\u00a0 uma\u00a0 revis\u00e3o\u00a0\u00a0\u00a0 corajosa,\u00a0 leal,\u00a0 sincera e\u00a0 humilde, confrontando\u00a0 sua\u00a0 vida\u00a0 di\u00e1ria e\u00a0 seu\u00a0 testemunho\u00a0\u00a0 com\u00a0 a\u00a0 Palavra\u00a0\u00a0 e\u00a0 o\u00a0 ensinamento\u00a0 de Jesus. Outrora,\u00a0 Ele\u00a0 \u201csacudiu\u201d a consci\u00eancia\u00a0 de\u00a0 seus\u00a0 contempor\u00e2neos. Hoje,\u00a0 Ele\u00a0 est\u00e1\u00a0 no\u00a0 meio\u00a0 de\u00a0 n\u00f3s\u00a0\u00a0 e\u00a0\u00a0 tamb\u00e9m\u00a0 nos\u00a0 chama\u00a0 a\u00a0 aten\u00e7\u00e3o.\u00a0 principalmente\u00a0 pelo\u00a0 sucessor\u00a0 de\u00a0 Pedro, o\u00a0 Papa\u00a0 Francisco,\u00a0 fazendo\u00a0 eco\u00a0 \u00e0s\u00a0 palavras e\u00a0 ao\u00a0\u00a0 ensinamento\u00a0 do\u00a0 Cristo\u00a0 Jesus. Compete a n\u00f3s,\u00a0 como\u00a0 seguidores\u00a0 e\u00a0 imitadores\u00a0 de\u00a0 Jesus, estarmos\u00a0 atentos,\u00a0 pois temos\u00a0\u00a0 ouvidos\u00a0 para ouvir, escutar, olhos\u00a0 para\u00a0 ver, enxergar e\u00a0 boca\u00a0 para falar ou\u00a0 mesmo\u00a0 calar,\u00a0 uma\u00a0 vez\u00a0 que\u00a0 n\u00e3o\u00a0 somos\u00a0 e\u00a0 nem\u00a0 estamos\u00a0 prontos,\u00a0 perfeitos\u00a0 e\u00a0 acabados.<br \/>E\u00a0 a Igreja, povo de\u00a0 Deus,\u00a0 pela\u00a0 boca\u00a0 do\u00a0 Papa\u00a0\u00a0 Francisco, diz\u00a0 que\u00a0 \u201cse\u00a0 sente\u00a0 vergonha\u201d\u00a0 de\u00a0 alguns\u00a0 ou\u00a0 de\u00a0 muitos\u00a0 de\u00a0\u00a0\u00a0 seus\u00a0 membros que\u00a0 n\u00e3o\u00a0 deram\u00a0 ou\u00a0 n\u00e3o\u00a0 d\u00e3o\u00a0 testemunho\u00a0 de\u00a0 Jesus\u00a0 Cristo. Por\u00a0 que?\u00a0\u00a0 Porque\u00a0 o\u00a0 agir do ser\u00a0 humano, batizado, crist\u00e3o, cat\u00f3lico, ministro\u00a0 ordenado, n\u00e3o\u00a0 est\u00e1\u00a0 em\u00a0 conformidade no\u00a0 que\u00a0 implica e\u00a0 exige o\u00a0 seu\u00a0 \u201cser\u201d\u00a0 crist\u00e3o\u00a0 como\u00a0 membro ordenado (di\u00e1cono, padre, bispo) ou n\u00e3o. O\u00a0 seguimento a Jesus sup\u00f5e\u00a0 imita\u00e7\u00e3o d\u2019Ele, praticando\u00a0 o que Ele\u00a0 ensinou visando uma\u00a0 nova\u00a0 proposta\u00a0 de\u00a0 vida, num\u00a0 Reino de\u00a0 justi\u00e7a, de\u00a0 amor, de\u00a0 miseric\u00f3rdia,de\u00a0 fraternidade, de solidariedade, de\u00a0 santidade,\u00a0 de\u00a0 igualdade, de\u00a0 simplicidade, de\u00a0 sinceridade, de respeito\u00a0 e de paz. A\u00a0 conduta\u00a0 dos\u00a0 que \u201c envergonham\u00a0 a\u00a0 Igreja\u201d est\u00e1\u00a0 fora desta\u00a0 proposta\u00a0 de\u00a0 Jesus,<br \/>Jesus, em\u00a0 determinados\u00a0 momentos\u00a0 de\u00a0 sua\u00a0 prega\u00e7\u00e3o, de\u00a0 seus\u00a0 ensinamentos, se\u00a0 dirigia, n\u00e3o \u00e0\u00a0\u00a0 multid\u00e3o,\u00a0 mas especialmente\u00a0 aos\u00a0 seus\u00a0 disc\u00edpulos, \u00e0queles\u00a0 que\u00a0 tinham\u00a0 a\u00a0\u00a0 fun\u00e7\u00e3o\u00a0 de\u00a0 guiar, de\u00a0 orientar a\u00a0 outras pessoas e\u00a0 faz\u00ea-las disc\u00edpulas, disc\u00edpulos,\u00a0\u00a0 irm\u00e3os e\u00a0 irm\u00e3s.\u00a0 Jesus\u00a0 chama\u00a0 a\u00a0 aten\u00e7\u00e3o\u00a0\u00a0 deles\u00a0 porque\u00a0 naquela \u00e9poca j\u00e1\u00a0 havia tamb\u00e9m\u00a0 falsos\u00a0 guias no\u00a0 caminho\u00a0 da\u00a0 verdade,\u00a0 da\u00a0 justi\u00e7a, do\u00a0 respeito e\u00a0 da\u00a0 miseric\u00f3rdia, com\u00a0 suas a\u00e7\u00f5es\u00a0\u00a0 vergonhosas.<br \/>Jesus\u00a0 nos\u00a0 ensina\u00a0 que o\u00a0 verdadeiro\u00a0 guia\u00a0 deve\u00a0 ser\u00a0 sincero e\u00a0 agir com muita sinceridade, transpar\u00eancia,\u00a0 sem\u00a0 m\u00e1scara,<br \/>\u00c9\u00a0 desses\u00a0 falsos\u00a0 guias, ministros\u00a0 ordenados, di\u00e1conos, padres\u00a0 e\u00a0 bispos, disc\u00edpulos\u00a0 mascarados\u00a0 de\u00a0 hoje, que\u00a0 o\u00a0 Papa\u00a0 Francisco\u00a0 chamou\u00a0 aten\u00e7\u00e3o\u00a0 e\u00a0 disse\u00a0\u00a0 ser\u00a0 eles\u00a0\u00a0 \u201cvergonha\u00a0\u00a0 da\u00a0 Igreja\u201d<br \/>Existe\u00a0 uma\u00a0 grande\u00a0 tenta\u00e7\u00e3o para\u00a0 o\u00a0 ser\u00a0 humano: a\u00a0 de aparecer. Infelizmente, at\u00e9\u00a0 mesmo\u00a0 dentro\u00a0 da\u00a0 Igreja,\u00a0 isto\u00a0 acontece. S\u00e3o\u00a0 guias\u00a0 \u201cmascarados\u201d e\u00a0 querem\u00a0 parecer\u00a0 o\u00a0 que\u00a0 na\u00a0 realidade\u00a0 n\u00e3o s\u00e3o . Todos queremos\u00a0 dos\u00a0 outros e, \u00e0s\u00a0 vezes at\u00e9 exigimos: transpar\u00eancia, veracidade,\u00a0 sinceridade, justi\u00e7a, bondade e\u00a0 miseric\u00f3rdia. Muitas\u00a0 vezes tais\u00a0 qualidades\u00a0 ou\u00a0 atitudes, em\u00a0 n\u00f3s,\u00a0 est\u00e3o\u00a0 somente\u00a0\u00a0 nos\u00a0 discursos,\u00a0 nas\u00a0 prega\u00e7\u00f5es,\u00a0 e\u00a0 n\u00e3o\u00a0 em\u00a0 nossas\u00a0 vidas. Isso\u00a0 tamb\u00e9m\u00a0 \u00e9\u00a0 vergonhoso.<br \/>Bento XVI\u00a0 chegou\u00a0\u00a0 mesmo\u00a0 a\u00a0\u00a0 dizer\u00a0\u00a0 que\u00a0 no\u00a0 Vaticano\u00a0 havia \u201cdisputa\u00a0 de\u00a0 poder,\u00a0 ci\u00fame,\u00a0 inveja,\u00a0 corrup\u00e7\u00e3o\u201d. Onde\u00a0 est\u00e1\u00a0 o\u00a0 ser\u00a0 humano\u00a0 h\u00e1\u00a0 possibilidade\u00a0 de tudo\u00a0 isso\u00a0 acontecer, pois\u00a0 a Igreja\u00a0 \u00e9 humana\u00a0 e\u00a0 divina, santa\u00a0 e\u00a0 pecadora. Por\u00e9m,\u00a0 se\u00a0 h\u00e1\u00a0 possibilidade\u00a0 n\u00e3o\u00a0 significa\u00a0 que\u00a0 deva\u00a0 haver\u00a0 conformidade ou\u00a0 at\u00e9\u00a0 mesmo\u00a0 toler\u00e2ncia de\u00a0 tais\u201d enfermidades. N\u00e3o podemos aceitar\u00a0 atitudes, atos\u00a0\u00a0 ou\u00a0 a\u00e7\u00f5es\u00a0 contr\u00e1rias ao Evangelho ou\u00a0 nos\u00a0 conformar\u00a0 com\u00a0 elas, como: mentira, injusti\u00e7a, desrespeitos,\u00a0 cal\u00fanias, persegui\u00e7\u00f5es,\u00a0 preconceitos,\u00a0 acusa\u00e7\u00f5es, at\u00e9\u00a0 mesmo\u00a0 dentro\u00a0 de\u00a0 nossos\u00a0 presbit\u00e9rios.\u00a0 Isso\u00a0 tamb\u00e9m \u00e9 \u201cvergonha\u00a0 da\u00a0 Igreja\u201d.<br \/>Em\u00a0 nome\u00a0 da\u00a0 verdade e\u00a0 do\u00a0 amor, da\u00a0 justi\u00e7a\u00a0 e\u00a0 da\u00a0 miseric\u00f3rdia tamb\u00e9m\u00a0 questionamos\u00a0 essas\u00a0 atitudes, na\u00a0 busca\u00a0 da\u00a0 convers\u00e3o,\u00a0 de\u00a0 criar\u00a0 uma\u00a0 conviv\u00eancia\u00a0 humana, uma verdadeira\u00a0 comunidade\u00a0 crist\u00e3, uma\u00a0 fraternidade onde\u00a0 todos\u00a0 s\u00e3o\u00a0 respeitados,\u00a0 convivendo\u00a0 como\u00a0 irm\u00e3os, na\u00a0 humildade\u00a0 e\u00a0 no amor.<br \/>Os\u00a0 bispos\u00a0 e\u00a0 os\u00a0 presb\u00edteros\u00a0 devem\u00a0 recordar\u00a0 sempre\u00a0\u00a0 suas\u00a0 posi\u00e7\u00f5es\u00a0 de\u00a0 guias\u00a0 escolhidos\u00a0 para\u00a0 ajudar\u00a0 e\u00a0 orientar\u00a0 o\u00a0 povo\u00a0 de\u00a0 Deus, a Igreja,\u00a0 na\u00a0 sua\u00a0 caminhada querida\u00a0 por\u00a0 Jesus. Guiar outras\u00a0 pessoas deve\u00a0 ser\u00a0 gesto\u00a0 de\u00a0 amor, de\u00a0 gratuidade, de\u00a0 carinho e\u00a0 de\u00a0 solidariedade e\u00a0 n\u00e3o\u00a0 gesto\u00a0 de ego\u00edsmo. \u201c Ser semelhante\u00a0 ao\u00a0 Mestre\u00a0 e\u00a0 nunca\u00a0 acima\u00a0 d\u2019Ele\u201d.(Jo,3,17)<br \/>Tamb\u00e9m devem tomar muito cuidado\u00a0 e\u00a0 estarem\u00a0 atentos a\u00a0 certas\u00a0 manifesta\u00e7\u00f5es que\u00a0 podem\u00a0 vir \u00e0\u00a0 tona, em\u00a0 nossas\u00a0 Igrejas\u00a0 particulares, em\u00a0 nossos\u00a0 Presbit\u00e9rios, n\u00e3o\u00a0 para\u00a0 serem\u00a0 imitadas, pois\u00a0 s\u00e3o\u00a0 conseq\u00fc\u00eancias\u00a0 de\u00a0 uma\u00a0 afetividade\u00a0 n\u00e3o\u00a0 bem trabalhada, n\u00e3o\u00a0 bem\u00a0 cuidada,\u00a0 n\u00e3o\u00a0 bem\u00a0 administrada, trazendo\u00a0 certos\u00a0 desvios\u00a0 que igualmente, s\u00e3o\u00a0 manifesta\u00e7\u00f5es n\u00e3o\u00a0 de\u00a0 integra\u00e7\u00e3o, frutos\u00a0 de\u00a0 uma\u00a0 personalidade\u00a0 at\u00e9\u00a0 mesmo\u00a0 doentia\u00a0\u00a0 e\u00a0 que\u00a0 chegam\u00a0 at\u00e9\u00a0 mesmo a\u00a0 provocar\u00a0 sombras na Comunidade Igreja, no\u00a0 Presbit\u00e9rio, trazendo\u00a0 muitas\u00a0 interroga\u00e7\u00f5es provindas\u00a0 de\u00a0 problemas sexuais\u00a0\u00a0 e\u00a0 afetivos, n\u00e3o\u00a0 solucionados, danosos no\u00a0 ponto\u00a0 de\u00a0 vista\u00a0 psicol\u00f3gico\u00a0 e\u00a0 pastoral,\u00a0\u00a0\u00a0\u00a0\u00a0 motivos\u00a0\u00a0 e\u00a0 sinais\u00a0 evidentes\u00a0 de\u00a0 desintegra\u00e7\u00e3o\u00a0 na\u00a0 vida\u00a0 em\u00a0 comum, na\u00a0 vida da\u00a0 Comunidade,\u00a0 no\u00a0\u00a0 Presbit\u00e9rio ,na\u00a0 pr\u00f3pria\u00a0 Igreja\u00a0\u00a0\u00a0 particular. Neste\u00a0 casos\u00a0 a\u00a0 Corre\u00e7\u00e3o\u00a0\u00a0 Fraterna\u00a0\u00a0 se\u00a0 torna\u00a0 mais\u00a0 dif\u00edcil\u00a0 em raz\u00e3o\u00a0 da inveja , do\u00a0 desejo\u00a0 de\u00a0 mando, do\u00a0 carreirismo, do\u00a0 ci\u00fame, do\u00a0 ego\u00edsmo, da\u00a0 rigidez, do mau\u00a0 humor, da\u00a0 indiferen\u00e7a, da\u00a0 agressividade , da rigidez,\u00a0 do\u00a0 autoritarismo,\u00a0 do\u00a0 sectarismo,\u00a0 do\u00a0 se\u00a0 julgar\u00a0 mais\u00a0 perfeito, pronto e acabado, da\u00a0 busca\u00a0 do\u00a0 poder, manifestando mais\u00a0 uma\u00a0 vontade\u00a0 de\u00a0 ser servido\u00a0 do\u00a0 que\u00a0 servir, do\u00a0 simplesmente\u00a0 aparecer,\u00a0 chamar\u00a0 a\u00a0 aten\u00e7\u00e3o\u00a0 sobre\u00a0 si, da\u00a0 auto-sufici\u00eancia\u00a0 ou do\u00a0 orgulho. Quando isso\u00a0 acontece, tamb\u00e9m\u00a0 \u00e9 \u201cuma\u00a0 vergonha na\u00a0 Igreja, t\u00e3o\u00a0 grave\u00a0 quanto a\u00a0 pedofilia.E\u00a0 pior\u00a0 ainda\u00a0 quando\u00a0 em\u00a0 vez\u00a0 de\u00a0 promover\u00a0 uma\u00a0 verdadeira, aut\u00eantica\u00a0 e\u00a0 evang\u00e9lica\u00a0 pastoral\u00a0 presbiteral,\u00a0 implanta\u00a0 a\u00a0 pastoral\u00a0 do terror, do\u00a0 temor, do medo, da\u00a0 amea\u00e7a, \u201cda\u00a0 puni\u00e7\u00e3o, da suspens\u00e3o\u00a0 de\u00a0 ordens\u00a0 ou\u00a0 at\u00e9\u00a0 mesmo\u00a0 da\u00a0 redu\u00e7\u00e3o\u00a0 ao\u00a0 estado\u00a0 leigo.\u201d Disso\u00a0 tamb\u00e9m\u00a0 nos\u00a0 envergonhamos, \u201ce\u00a0 vergonha\u00a0 da\u00a0 Igreja\u201d.<br \/>Os\u00a0 disc\u00edpulos\u00a0 de\u00a0\u00a0 Jesus, no\u00a0 entanto, t\u00eam\u00a0 a\u00a0 fun\u00e7\u00e3o, a\u00a0 obriga\u00e7\u00e3o,\u00a0 a\u00a0 miss\u00e3o\u00a0 de\u00a0 testemunhar\u00a0 com\u00a0 a pr\u00f3pria\u00a0 vida os\u00a0 valores\u00a0 do\u00a0 Reino, valores de\u00a0 integra\u00e7\u00e3o: alegria, paz, serenidade, generosidade, desprendimento, solidariedade, fraternidade, honestidade, veracidade e\u00a0 de outras\u00a0 virtudes\u00a0 que podem ser\u00a0 imitadas e,\u00a0 portanto, rejeitar\u00a0 todos\u00a0 os\u00a0 contra-valores, pois\u00a0 esses\u00a0\u00a0\u00a0 s\u00e3o\u00a0 de\u00a0 desintegra\u00e7\u00e3o. Palavra\u00a0 e\u00a0 a\u00e7\u00e3o na\u00a0 vida\u00a0 do\u00a0 disc\u00edpulo, do\u00a0 ministro\u00a0 ordenado, principalmente, est\u00e3o destinadas a\u00a0 estarem\u00a0 em perfeita\u00a0 sintonia. Antes\u00a0 de\u00a0 ser\u00a0 guia \u00e9\u00a0\u00a0 preciso\u00a0 ordenar\u00a0 a\u00a0 pr\u00f3pria\u00a0 vida. Sem\u00a0 essa\u00a0 ordena\u00e7\u00e3o, seria\u00a0 perigoso\u00a0 e\u00a0 at\u00e9\u00a0 poderia\u00a0 afastar\u00a0 ainda\u00a0 mais\u00a0\u00a0 as\u00a0 pessoas\u00a0 do\u00a0 Reino.<br \/>O\u00a0 disc\u00edpulo, o\u00a0 ministro\u00a0 ordenado,\u00a0 deve\u00a0 adequar\u00a0 sempre\u00a0 seu\u00a0 modo\u00a0 de\u00a0 proceder\u00a0 com as\u00a0 exig\u00eancias\u00a0 do\u00a0 Reino, para\u00a0 n\u00e3o cair no\u00a0 moralismo inconsciente. Ele\u00a0\u00a0 convence\u00a0 pelo seu\u00a0 jeito\u00a0 de\u00a0 viver e s\u00f3\u00a0 assim tornar-se-\u00e1\u00a0 um\u00a0 referencial v\u00e1lido para\u00a0 os\u00a0 demais.<br \/>Pe\u00e7amos\u00a0 a\u00a0 Deus,\u00a0 meus\u00a0 irm\u00e3os\u00a0 bispos, padres\u00a0 e\u00a0 di\u00e1conos, que\u00a0\u00a0 o\u00a0 nosso\u00a0 modo\u00a0 de\u00a0 ser, de\u00a0 viver,\u00a0 conviver e\u00a0 de\u00a0 agir\u00a0 seja\u00a0 uma\u00a0 proclama\u00e7\u00e3o\u00a0 viva\u00a0 dos\u00a0 valores do\u00a0 Reino, no\u00a0 qual\u00a0\u00a0 as\u00a0 pessoas\u00a0\u00a0 possam espelhar-se;<br \/>\u201cPortanto, considerem-nos as pessoas, como servidores de Cristo e\u00a0 administradores\u00a0 dos\u00a0 mist\u00e9rios\u00a0 de Deus. Ora,\u00a0 o\u00a0 que\u00a0 se\u00a0 requer\u00a0 dos\u00a0 administradores,\u00a0 \u00e9\u00a0 que cada\u00a0 um\u00a0 seja\u00a0 fiel.\u201d ( 1 Cor. 4,1-2)<\/p>\n","protected":false},"excerpt":{"rendered":"<p>Ao ouvir\u00a0 que\u00a0 o\u00a0 Papa\u00a0 Francisco\u00a0 disse sobre \u201cpadres\u00a0\u00a0 ped\u00f3filos\u201d\u00a0 que\u00a0 \u00e9\u00a0 a \u201cvergonha\u00a0 da\u00a0 Igreja,\u201d\u00a0 julgo\u00a0 ter\u00a0 muitos\u00a0 outros\u00a0 fatos\u00a0 ou muitas\u00a0\u00a0 outras\u00a0 atitudes,\u00a0 acontecendo\u00a0 nesta\u00a0 mesma\u00a0\u00a0 Igreja, que\u00a0 merecem\u00a0 ser\u00a0 qualificados\u00a0 e\u00a0 qualificadas\u00a0 tamb\u00e9m\u00a0 como \u201c vergonha\u00a0 da\u00a0 Igreja\u201d.Infelizmente, constatamos nos meios\u00a0 eclesi\u00e1sticos\u00a0 e\u00a0 laicais\u00a0\u00a0 certas\u00a0 atitudes\u00a0 que\u00a0 se\u00a0 n\u00e3o\u00a0 s\u00e3o,\u00a0\u00a0 parecem\u00a0 ser\u00a0 [&hellip;]<\/p>\n","protected":false},"author":10,"featured_media":0,"comment_status":"closed","ping_status":"closed","sticky":false,"template":"","format":"standard","meta":{"footnotes":""},"categories":[9],"tags":[],"class_list":["post-4035","post","type-post","status-publish","format-standard","hentry","category-artigos"],"_links":{"self":[{"href":"https:\/\/catolicanet.net\/wp-cnet\/wp-json\/wp\/v2\/posts\/4035","targetHints":{"allow":["GET"]}}],"collection":[{"href":"https:\/\/catolicanet.net\/wp-cnet\/wp-json\/wp\/v2\/posts"}],"about":[{"href":"https:\/\/catolicanet.net\/wp-cnet\/wp-json\/wp\/v2\/types\/post"}],"author":[{"embeddable":true,"href":"https:\/\/catolicanet.net\/wp-cnet\/wp-json\/wp\/v2\/users\/10"}],"replies":[{"embeddable":true,"href":"https:\/\/catolicanet.net\/wp-cnet\/wp-json\/wp\/v2\/comments?post=4035"}],"version-history":[{"count":1,"href":"https:\/\/catolicanet.net\/wp-cnet\/wp-json\/wp\/v2\/posts\/4035\/revisions"}],"predecessor-version":[{"id":8994,"href":"https:\/\/catolicanet.net\/wp-cnet\/wp-json\/wp\/v2\/posts\/4035\/revisions\/8994"}],"wp:attachment":[{"href":"https:\/\/catolicanet.net\/wp-cnet\/wp-json\/wp\/v2\/media?parent=4035"}],"wp:term":[{"taxonomy":"category","embeddable":true,"href":"https:\/\/catolicanet.net\/wp-cnet\/wp-json\/wp\/v2\/categories?post=4035"},{"taxonomy":"post_tag","embeddable":true,"href":"https:\/\/catolicanet.net\/wp-cnet\/wp-json\/wp\/v2\/tags?post=4035"}],"curies":[{"name":"wp","href":"https:\/\/api.w.org\/{rel}","templated":true}]}}