{"id":40330,"date":"2018-04-26T08:46:52","date_gmt":"2018-04-26T11:46:52","guid":{"rendered":"http:\/\/catolicanet.net\/wp-cnet\/?p=40330"},"modified":"2018-04-26T08:46:52","modified_gmt":"2018-04-26T11:46:52","slug":"apos-assembleia-comina-e-comires-preparam-programa-missionario-nacional","status":"publish","type":"post","link":"https:\/\/catolicanet.net\/wp-cnet\/apos-assembleia-comina-e-comires-preparam-programa-missionario-nacional\/","title":{"rendered":"Ap\u00f3s assembleia, Comina e Comires preparam Programa Mission\u00e1rio Nacional"},"content":{"rendered":"<p>A Igreja no Brasil contar\u00e1 com um Programa Mission\u00e1rio Nacional. Este foi o principal encaminhamento da 35\u00aa Assembleia do Conselho Mission\u00e1rio Nacional (Comina), realizado entre os dias 16 e 18 de mar\u00e7o, em Bras\u00edlia (DF). A partir de agora, as assembleias dos Conselhos Mission\u00e1rios Regionais (Comires) apontar\u00e3o os desafios no \u00e2mbito da a\u00e7\u00e3o mission\u00e1ria que ir\u00e3o compor o texto com diretrizes fundamentais.<\/p>\n<div id=\"attachment_188616\" class=\"wp-caption alignright\"><img loading=\"lazy\" decoding=\"async\" class=\" wp-image-188616\" src=\"http:\/\/www.cnbb.org.br\/wp-content\/uploads\/sites\/32\/2018\/04\/Assembleia-Comire-NE2-PE-ANTONIO-300x176.png\" srcset=\"http:\/\/www.cnbb.org.br\/wp-content\/uploads\/sites\/32\/2018\/04\/Assembleia-Comire-NE2-PE-ANTONIO-300x176.png 300w, http:\/\/www.cnbb.org.br\/wp-content\/uploads\/sites\/32\/2018\/04\/Assembleia-Comire-NE2-PE-ANTONIO.png 551w\" alt=\"\" width=\"277\" height=\"162\" \/><\/p>\n<p class=\"wp-caption-text\"><em>Foto: reprodu\u00e7\u00e3o\/POM<\/em><\/p>\n<\/div>\n<p>O regional Nordeste 2 da Confer\u00eancia Nacional dos Bispos do Brasil (CNBB) foi o primeiro a ter a oportunidade de contribuir, durante a 20\u00aa Assembleia do Comire, realizada em Carpina (PE), de 20 a 22 de abril. Na ocasi\u00e3o, houve estudo e planejamento da a\u00e7\u00e3o mission\u00e1ria no regional, sob o impulso dos ecos do 4\u00ba Congresso Mission\u00e1rio Nacional, realizado no ano passado em Recife (PE).<\/p>\n<p>De acordo com a Comiss\u00e3o Episcopal Pastoral para a A\u00e7\u00e3o Mission\u00e1ria e a Coopera\u00e7\u00e3o Inter-eclesial da CNBB, as assembleias dos Comires ter\u00e3o a finalidade de levantar os desafios para a miss\u00e3o. \u201cNestes encontros v\u00e3o aprofundar e buscar luzes na palavra de Deus e documentos da Igreja e sugerir pontos b\u00e1sicos para o Programa Mission\u00e1rio Nacional\u201d, explica o bispo auxiliar de S\u00e3o Lu\u00eds (MA) e presidente da comiss\u00e3o, dom Esmeraldo Barreto de Farias.<\/p>\n<p>A Comiss\u00e3o Nacional recolher\u00e1 o levantamento e as reflex\u00f5es feitas em cada regional para constru\u00e7\u00e3o da proposta de programa mission\u00e1rio nacional. Este texto ser\u00e1 discutido e aprofundado durante a assembleia do Comina, prevista para os dias 4 a 7 de abril de 2019. A inten\u00e7\u00e3o \u00e9 que seja aprovado o programa para o per\u00edodo de 2019-2022.<\/p>\n<p>Durante a assembleia do Comina deste ano, dom Esmeraldo recordou a reflex\u00e3o levada pelos membros do Comina e dos Comires no sentido de propor o programa nacional \u201ccom objetivos, etapas, metodologia, espiritualidade, dando muita aten\u00e7\u00e3o \u00e0 forma\u00e7\u00e3o\u201d.<\/p>\n<blockquote><p><strong><em>\u201cQueremos, com isso, possibilitar aos Conselhos Mission\u00e1rios Regionais, uma maior din\u00e2mica para a forma\u00e7\u00e3o em termos de conte\u00fado, e o objetivo pleno \u00e9 sermos mais mission\u00e1rios, disc\u00edpulos de Jesus Cristo, fazendo com que toda a Igreja seja mission\u00e1ria, como nos pede o Papa Francisco, para que vivamos uma Igreja em sa\u00edda\u201d, lembrou Dom Esmeraldo.<\/em><\/strong><\/p><\/blockquote>\n<p><iframe loading=\"lazy\" src=\"https:\/\/www.youtube.com\/embed\/FO3awu3wvc0?feature=oembed\" width=\"900\" height=\"506\" frameborder=\"0\" allowfullscreen=\"allowfullscreen\" data-mce-fragment=\"1\"><\/iframe><\/p>\n<p>Na carta de orienta\u00e7\u00f5es, dom Esmeraldo destacou que a proposta metodol\u00f3gica do Programa Mission\u00e1rio Nacional tem algumas premissas, como o respeito \u00e0s realidades, a participa\u00e7\u00e3o, abertura para novos olhares e processos, di\u00e1logo e constru\u00e7\u00e3o coletiva.<\/p>\n<p>&nbsp;<\/p>\n<p>Fonte: CNBB<\/p>\n","protected":false},"excerpt":{"rendered":"<p>A Igreja no Brasil contar\u00e1 com um Programa Mission\u00e1rio Nacional. Este foi o principal encaminhamento da 35\u00aa Assembleia do Conselho Mission\u00e1rio Nacional (Comina), realizado entre os dias 16 e 18 de mar\u00e7o, em Bras\u00edlia (DF). A partir de agora, as assembleias dos Conselhos Mission\u00e1rios Regionais (Comires) apontar\u00e3o os desafios no \u00e2mbito da a\u00e7\u00e3o mission\u00e1ria que [&hellip;]<\/p>\n","protected":false},"author":1,"featured_media":40331,"comment_status":"open","ping_status":"closed","sticky":false,"template":"","format":"standard","meta":{"footnotes":""},"categories":[7],"tags":[],"class_list":["post-40330","post","type-post","status-publish","format-standard","has-post-thumbnail","hentry","category-cnbb"],"_links":{"self":[{"href":"https:\/\/catolicanet.net\/wp-cnet\/wp-json\/wp\/v2\/posts\/40330","targetHints":{"allow":["GET"]}}],"collection":[{"href":"https:\/\/catolicanet.net\/wp-cnet\/wp-json\/wp\/v2\/posts"}],"about":[{"href":"https:\/\/catolicanet.net\/wp-cnet\/wp-json\/wp\/v2\/types\/post"}],"author":[{"embeddable":true,"href":"https:\/\/catolicanet.net\/wp-cnet\/wp-json\/wp\/v2\/users\/1"}],"replies":[{"embeddable":true,"href":"https:\/\/catolicanet.net\/wp-cnet\/wp-json\/wp\/v2\/comments?post=40330"}],"version-history":[{"count":1,"href":"https:\/\/catolicanet.net\/wp-cnet\/wp-json\/wp\/v2\/posts\/40330\/revisions"}],"predecessor-version":[{"id":40332,"href":"https:\/\/catolicanet.net\/wp-cnet\/wp-json\/wp\/v2\/posts\/40330\/revisions\/40332"}],"wp:featuredmedia":[{"embeddable":true,"href":"https:\/\/catolicanet.net\/wp-cnet\/wp-json\/wp\/v2\/media\/40331"}],"wp:attachment":[{"href":"https:\/\/catolicanet.net\/wp-cnet\/wp-json\/wp\/v2\/media?parent=40330"}],"wp:term":[{"taxonomy":"category","embeddable":true,"href":"https:\/\/catolicanet.net\/wp-cnet\/wp-json\/wp\/v2\/categories?post=40330"},{"taxonomy":"post_tag","embeddable":true,"href":"https:\/\/catolicanet.net\/wp-cnet\/wp-json\/wp\/v2\/tags?post=40330"}],"curies":[{"name":"wp","href":"https:\/\/api.w.org\/{rel}","templated":true}]}}