{"id":40315,"date":"2018-04-25T15:51:37","date_gmt":"2018-04-25T18:51:37","guid":{"rendered":"http:\/\/catolicanet.net\/wp-cnet\/?p=40315"},"modified":"2018-04-25T15:53:07","modified_gmt":"2018-04-25T18:53:07","slug":"capitulo-1-o-chamado-a-santidade","status":"publish","type":"post","link":"https:\/\/catolicanet.net\/wp-cnet\/capitulo-1-o-chamado-a-santidade\/","title":{"rendered":"Cap\u00edtulo 1: O chamado \u00e0 santidade"},"content":{"rendered":"<div class=\"noticia-conteudo-body\">\n<div id=\"texto-interna\" class=\"noticias-conteudo-text-container\">\n<p><em>Exorta\u00e7\u00e3o Apost\u00f3lica sobre o chamado \u00e0 santidade no mundo atual<\/em><\/p>\n<table class=\"imagem-legenda-left -full\">\n<tbody>\n<tr>\n<td class=\"image\"><\/td>\n<\/tr>\n<tr>\n<td class=\"legenda\">Divulga\u00e7\u00e3o<\/td>\n<\/tr>\n<\/tbody>\n<\/table>\n<p>No centro da Constitui\u00e7\u00e3o sobre a natureza da Igreja, a famosa <em>Lumen gentium<\/em>, o Conc\u00edlio Vaticano II, h\u00e1 meio s\u00e9culo, colocou um importante cap\u00edtulo sobre \u201ca voca\u00e7\u00e3o universal \u00e0 santidade\u201d: todos os homens e mulheres, criados \u00e0 imagem e semelhan\u00e7a de Deus, tr\u00eas vezes Santo, somos chamados a participar de sua santidade.<\/p>\n<p>Empenhado em atualizar a Igreja de acordo com o Conc\u00edlio, o Papa Francisco, em sua mais recente Exorta\u00e7\u00e3o Apost\u00f3lica <em>Gaudete et Exsultate<\/em> , aborda o tema do chamado universal a sermos santos, como homens do nosso tempo, fundamento de toda aut\u00eantica atualiza\u00e7\u00e3o da Igreja.<\/p>\n<p>Confessamos, como crist\u00e3os cat\u00f3licos, que Jesus \u00e9 o salvador de todos os homens e mulheres, qualquer que\u00a0seja o tempo, a cultura ou a religi\u00e3o em que vivam. No mais profundo de nosso cora\u00e7\u00e3o, h\u00e1 um anseio de paz, de felicidade e de amor que d\u00e1 sentido \u00e0 nossa vida. A leitura e medita\u00e7\u00e3o desse texto pessoal e direto do Papa Francisco mostra-nos o caminho de Jesus, que nos leva todos \u00e0 plena realiza\u00e7\u00e3o de n\u00f3s mesmos, atendendo ao chamado do Esp\u00edrito de Jesus, a ser ouvido no mais \u00edntimo de n\u00f3s mesmos.<\/p>\n<p>Confira, abaixo, alguns excertos da Exorta\u00e7\u00e3o, que podem guiar essa nossa medita\u00e7\u00e3o:<\/p>\n<blockquote>\n<div>Alegrai-vos e exultai (Mt 5,12), o Senhor nos quer santos e espera que n\u00e3o nos resignemos com uma vida med\u00edocre, superficial e indecisa [N\u00ba 1]<\/div>\n<\/blockquote>\n<blockquote>\n<div>O meu objetivo \u00e9 humilde: fazer ressoar o chamado \u00e0 santidade, encarnada no contexto atual, pois o Senhor escolheu cada um de n\u00f3s \u201cpara ser santo e irrepreens\u00edvel na sua presen\u00e7a, no amor\u201d (cf. Ef 1,4) [N\u00ba 2]<\/div>\n<\/blockquote>\n<blockquote>\n<div>O\u00a0Esp\u00edrito Santo derrama a santidade, por toda a parte [&#8230;] Os santos, que j\u00e1 chegaram \u00e0 presen\u00e7a de Deus, mant\u00eam conosco la\u00e7os de amor e comunh\u00e3o [&#8230;], pois \u201caprouve a Deus salvar-nos e santificar-nos, n\u00e3o individualmente, mas constituindo-os em povo\u201d [N\u00ba 4-6]<\/div>\n<\/blockquote>\n<div>No caminhar do dia a dia, vejo a santidade da Igreja nesta terra, santidade \u201cao p\u00e9 da porta\u201d, nossa e dos que vivem junto de n\u00f3s, reflexo da presen\u00e7a de Deus, esp\u00e9cie de \u201cclasse m\u00e9dia da santidade\u201d [N\u00ba 7]<\/div>\n<div>Mesmo fora da Igreja Cat\u00f3lica e em \u00e1reas muito diferentes, o Esp\u00edrito suscita \u201csinais da sua presen\u00e7a\u201d[N\u00ba 9]<\/div>\n<div>Cada um por seu caminho\u201d, diz o Conc\u00edlio [N\u00ba 11]<\/div>\n<div>Isto deveria nos entusiasmar e animar cada um de n\u00f3s a dar o\u00a0melhor de si mesmo para crescer rumo \u00e0quele projeto, \u00fanico e irrepet\u00edvel, que Deus nos quis, desde toda a eternidade [N\u00ba 13]<\/div>\n<div>Todos somos chamados a ser santos, vivendo com amor e oferecendo o pr\u00f3prio testemunho nas ocupa\u00e7\u00f5es de cada dia, onde cada um se encontra. Deixa que tudo esteja aberto a Deus e, para isso, escolhe Deus sem cessar. N\u00e3o desanimes, pois tens a for\u00e7a do Esp\u00edrito Santo [N\u00ba 15]<\/div>\n<div>Esta santidade, a que o Senhor te chama, ir\u00e1 crescendo com pequenos gestos [&#8230;] \u00e0 medida que vamos encontrando uma forma mais perfeita de viver o que j\u00e1 fazemos [&#8230;] \u00a0Sob o impulso da gra\u00e7a divina, com muitos gestos aparentemente insignificantes, vamos construindo a figura de santidade que Deus quis para n\u00f3s [N\u00ba 16-18].<\/div>\n<div>Para um crist\u00e3o, n\u00e3o \u00e9 poss\u00edvel imaginar a pr\u00f3pria miss\u00e3o na terra, sem a conceber como um caminho de santidade. Cada santo \u00e9 uma miss\u00e3o, um projeto do Pai que visa refletir e encarnar, num momento determinado da hist\u00f3ria, um aspeto do Evangelho [&#8230;] No fundo, a santidade \u00e9 viver em uni\u00e3o com Cristo os mist\u00e9rios da sua vida [&#8230;] O des\u00edgnio do Pai \u00e9 Cristo, e n\u00f3s n\u2019Ele. Em \u00faltima an\u00e1lise, \u00e9 Cristo que ama em n\u00f3s, porque a santidade \u201cnada mais\u00a0\u00e9 do que a caridade plenamente vivida\u201d. Cada santo \u00e9 uma mensagem que o Esp\u00edrito Santo extrai da riqueza de Jesus Cristo e d\u00e1 ao seu povo [N\u00ba 19-21].<\/div>\n<div>Isto \u00e9 um vigoroso apelo para todos n\u00f3s. Tu precisas conceber a totalidade da tua vida como uma miss\u00e3o. Pede ao Esp\u00edrito Santo que realize em ti o que Jesus espera de ti, em cada momento da tua vida e permite-Lhe plasmar em ti aquele mist\u00e9rio pessoal que possa refletir Jesus Cristo no mundo de hoje [&#8230;] Deixa-te transformar pelo Esp\u00edrito para que isso seja poss\u00edvel, e assim a tua preciosa miss\u00e3o n\u00e3o fracassar\u00e1 [N\u00ba 23-24].<\/div>\n<div>Dado que n\u00e3o se pode conceber Cristo sem o Reino que Ele veio trazer, tua identifica\u00e7\u00e3o com Cristo e os seus des\u00edgnios requer o compromisso de constru\u00edres com Ele este Reino de amor, justi\u00e7a e paz para todos [N\u00ba 25]<\/div>\n<div>N\u00e3o \u00e9 saud\u00e1vel amar o sil\u00eancio e esquivar o encontro com o outro, desejar o repouso e rejeitar a atividade, buscar a ora\u00e7\u00e3o e menosprezar o servi\u00e7o [&#8230;] Poder\u00e1 porventura o Esp\u00edrito Santo enviar-nos para cumprir uma miss\u00e3o e, ao mesmo tempo, pedir-nos que fujamos dela ou que evitemos doar-nos totalmente para preservarmos a paz interior? Obviamente n\u00e3o. Mas, \u00e0s vezes, somos tentados a relegar para posi\u00e7\u00e3o secund\u00e1ria a dedica\u00e7\u00e3o pastoral e o compromisso no mundo, como se fossem \u201cdistra\u00e7\u00f5es\u201d no caminho da santifica\u00e7\u00e3o e da paz interior [N\u00ba 26-27].<\/div>\n<div>O\u00a0desafio \u00e9 viver de tal forma a pr\u00f3pria doa\u00e7\u00e3o, que os esfor\u00e7os por ela exigidos tenham um sentido evang\u00e9lico e nos identifiquem cada vez mais com Jesus Cristo. Por isso, \u00e9 usual falar, por exemplo, duma espiritualidade do catequista, do clero diocesano, do trabalho, da miss\u00e3o, duma espiritualidade ecol\u00f3gica e da vida familiar [N\u00ba 28].<\/div>\n<div>Precisamos dum esp\u00edrito de santidade que impregne tanto a solid\u00e3o como o servi\u00e7o, tanto a intimidade como a tarefa evangelizadora, para que cada instante seja, sob o olhar do Senhor, express\u00e3o de amor doado [N\u00ba 31].<\/div>\n<div>N\u00e3o tenhas medo da santidade. N\u00e3o te tirar\u00e1 for\u00e7as, nem vida nem alegria. Muito pelo contr\u00e1rio, porque chegar\u00e1s a ser o que o Pai pensou quando te criou e assim ser\u00e1s fiel ao teu pr\u00f3prio ser [&#8230;] N\u00e3o tenhas medo de apontar para mais alto, de te deixares amar e libertar por Deus. N\u00e3o tenhas medo de te deixares guiar pelo Esp\u00edrito Santo [N\u00ba 32-34].<\/div>\n<div>A\u00a0santidade n\u00e3o te torna menos humano, porque \u00e9 o encontro da tua fragilidade com a for\u00e7a da gra\u00e7a [N\u00ba 34]<\/div>\n<div><\/div>\n<div><\/div>\n<\/div>\n<\/div>\n<div>Fonte: Jornal o S\u00e3o Paulo<\/div>\n","protected":false},"excerpt":{"rendered":"<p>Exorta\u00e7\u00e3o Apost\u00f3lica sobre o chamado \u00e0 santidade no mundo atual Divulga\u00e7\u00e3o No centro da Constitui\u00e7\u00e3o sobre a natureza da Igreja, a famosa Lumen gentium, o Conc\u00edlio Vaticano II, h\u00e1 meio s\u00e9culo, colocou um importante cap\u00edtulo sobre \u201ca voca\u00e7\u00e3o universal \u00e0 santidade\u201d: todos os homens e mulheres, criados \u00e0 imagem e semelhan\u00e7a de Deus, tr\u00eas vezes [&hellip;]<\/p>\n","protected":false},"author":1,"featured_media":40316,"comment_status":"open","ping_status":"closed","sticky":false,"template":"","format":"standard","meta":{"footnotes":""},"categories":[4,13],"tags":[],"class_list":["post-40315","post","type-post","status-publish","format-standard","has-post-thumbnail","hentry","category-cotidiano","category-featured"],"_links":{"self":[{"href":"https:\/\/catolicanet.net\/wp-cnet\/wp-json\/wp\/v2\/posts\/40315","targetHints":{"allow":["GET"]}}],"collection":[{"href":"https:\/\/catolicanet.net\/wp-cnet\/wp-json\/wp\/v2\/posts"}],"about":[{"href":"https:\/\/catolicanet.net\/wp-cnet\/wp-json\/wp\/v2\/types\/post"}],"author":[{"embeddable":true,"href":"https:\/\/catolicanet.net\/wp-cnet\/wp-json\/wp\/v2\/users\/1"}],"replies":[{"embeddable":true,"href":"https:\/\/catolicanet.net\/wp-cnet\/wp-json\/wp\/v2\/comments?post=40315"}],"version-history":[{"count":2,"href":"https:\/\/catolicanet.net\/wp-cnet\/wp-json\/wp\/v2\/posts\/40315\/revisions"}],"predecessor-version":[{"id":40318,"href":"https:\/\/catolicanet.net\/wp-cnet\/wp-json\/wp\/v2\/posts\/40315\/revisions\/40318"}],"wp:featuredmedia":[{"embeddable":true,"href":"https:\/\/catolicanet.net\/wp-cnet\/wp-json\/wp\/v2\/media\/40316"}],"wp:attachment":[{"href":"https:\/\/catolicanet.net\/wp-cnet\/wp-json\/wp\/v2\/media?parent=40315"}],"wp:term":[{"taxonomy":"category","embeddable":true,"href":"https:\/\/catolicanet.net\/wp-cnet\/wp-json\/wp\/v2\/categories?post=40315"},{"taxonomy":"post_tag","embeddable":true,"href":"https:\/\/catolicanet.net\/wp-cnet\/wp-json\/wp\/v2\/tags?post=40315"}],"curies":[{"name":"wp","href":"https:\/\/api.w.org\/{rel}","templated":true}]}}