{"id":4028,"date":"2014-01-17T03:00:00","date_gmt":"2014-01-17T05:00:00","guid":{"rendered":"http:\/\/catolicanet.net\/wp-cnet\/uma-nova-missao\/"},"modified":"2017-04-04T11:51:42","modified_gmt":"2017-04-04T14:51:42","slug":"uma-nova-missao","status":"publish","type":"post","link":"https:\/\/catolicanet.net\/wp-cnet\/uma-nova-missao\/","title":{"rendered":"Uma nova miss\u00e3o"},"content":{"rendered":"<p style=\"text-align: justify;\"><img decoding=\"async\" src=\"http:\/\/www.catolicanet.com.br\/images\/stories\/domorani.jpg\" border=\"0\" align=\"left\" \/>Com gratid\u00e3o a todo o povo, pe\u00e7o as gra\u00e7as de Deus para esse novo servi\u00e7o a que fui chamado pelo Papa Francisco a prestar para a Igreja, e com ela, para o mundo de hoje. Como disse a todos que consegui cumprimentar: pe\u00e7o suas ora\u00e7\u00f5es para bem desempenhar essa nova miss\u00e3o.<br \/>A pergunta constante que me \u00e9 feita \u00e9: desde quando eu fiquei sabendo da not\u00edcia e como me sinto. Eu soube da escolha juntamente com todo o mundo. Havia acabado de celebrar, ao vivo pela Televis\u00e3o em Rede Nacional, e, dentro da programa\u00e7\u00e3o da trezena de S\u00e3o Sebasti\u00e3o, estava me dirigindo para a Cruzada de S\u00e3o Sebasti\u00e3o, merit\u00f3ria obra de moradia idealizada e realizada por Dom H\u00e9lder C\u00e2mara, quando, ainda em deslocamento dentro do ve\u00edculo, com o aplicativo para celular para seguir os atos do Papa, vejo a CTV, como fa\u00e7o sempre que posso. Assistia ao \u00c2ngelus diretamente de Roma, quando fui surpreendido pelo an\u00fancio do Santo Padre Francisco inscrevendo o Arcebispo de S\u00e3o Sebasti\u00e3o do Rio de Janeiro no Col\u00e9gio dos Cardeais.<br \/>Sei como isso era cobrado pelos cariocas. Por\u00e9m, sei tamb\u00e9m que essa escolha \u00e9 uma atitude livre do Papa. \u00c9 uma grande responsabilidade para mim e sei que \u00e9 uma honra para a Arquidiocese do Rio de Janeiro, que desde D. Joaquim Arcoverde, o seu primeiro cardeal, todos os seus Arcebispos foram nomeados Cardeais. Nas estat\u00edsticas, sou o sexto Arcebispo do Rio de Janeiro a ser chamado a este servi\u00e7o; o 21\u00ba Cardeal Brasileiro e o 41\u00ba Cardeal da Ordem Cisterciense, \u00e0 qual perten\u00e7o.<br \/>Em primeiro lugar, gostaria de manifestar a minha gratid\u00e3o pela alegria do povo da cidade do Rio de Janeiro com a nomea\u00e7\u00e3o de seu bispo para Cardeal. Para todos os lados e em todos os lugares observamos a vibra\u00e7\u00e3o, a alegria do povo por ter o seu &#8220;Cardeal carioca&#8221;. Sinto-me carioca desde que iniciei a miss\u00e3o nesta Arquidiocese, que foi quando esta Igreja se apossou do meu cora\u00e7\u00e3o. Amo esta cidade, sirvo com amor as pessoas aben\u00e7oadas desta Igreja e sou muito agradecido por este carinho espont\u00e2neo de todos. Experimento que todos se sentiram nomeados junto comigo, e sei que, de certa forma, assim o foram. Deus os aben\u00e7oe por esta generosa espontaneidade!<br \/>Meu agradecimento especial\u00edssimo a Sua Santidade, o Papa Francisco, que me chamou para ser seu mais estreito colaborador. Isso \u00e9 motivo de alegria, mas de grande responsabilidade e, pela minha indignidade, contarei com as ora\u00e7\u00f5es de todos para que eu exer\u00e7a esta fun\u00e7\u00e3o universal da Igreja Cat\u00f3lica em perfeita sintonia com o Santo Padre, com o Magist\u00e9rio Pontif\u00edcio e em comunh\u00e3o com o Col\u00e9gio Cardinal\u00edcio.<br \/>Esta miss\u00e3o exige uma sintonia perfeita com o Papa Francisco. Na semana em que convivemos aqui no Rio de Janeiro, eu tive a alegria de contemplar o homem de Deus que \u00e9 o Papa Francisco, com a sua generosidade na acolhida das pessoas, na sua simplicidade, no seu verdadeiro esp\u00edrito evang\u00e9lico e na sua espiritualidade profunda, que sempre acolhe a todos. <br \/>Esse chamado da Igreja ocorreu no dia em que a Igreja celebrava o Batismo do Senhor, o que me convoca a renovar o meu compromisso de crist\u00e3o cat\u00f3lico batizado, que \u00e9 chamado a testemunhar Jesus Cristo, anunciando-O e testemunhando-O com a vida e a Palavra. As cores cardinal\u00edcias recordam que a fidelidade a Cristo e \u00e0 Igreja deve ser at\u00e9 mesmo com a entrega da vida, derramando o sangue.<br \/>Agrade\u00e7o de cora\u00e7\u00e3o os muitos telefonemas que n\u00e3o tive como atender ou mesmo retornar; as mensagens de texto; os emails, os telegramas; os recados; as postagens no Facebook ou que me foram entregues por cartas ou pela assessoria da Arquidiocese.<br \/>A segunda pergunta que me fazem \u00e9 sobre como me sinto, e eu a respondo com uma reflex\u00e3o que fiz ao final do domingo: conclu\u00ed o dia da trezena de S\u00e3o Sebasti\u00e3o aos p\u00e9s do Cristo Redentor, no Corcovado. Eu refleti que assim como de todos os lados desta cidade se pode contempl\u00e1-Lo, pedi a Deus que me fa\u00e7a sempre t\u00ea-Lo como centro de minha vida e contemplar continuamente o Cristo Jesus, Salvador. E nessa miss\u00e3o que recebo, pedi ao Senhor que me d\u00ea os olhos de observar atentamente o mundo como simboliza o Cristo, que, do alto do monte contempla a cidade e os arredores. Que eu tenha os olhos como os de Cristo para ver a tudo e a todos nessa miss\u00e3o universal. E que em tudo tenha, como o Cristo do Corcovado, os bra\u00e7os abertos para a todos acolher. Em resumo: ter sempre diante da vida a pessoa de Jesus Cristo, olhar o mundo com os Seus olhos e ter, como Ele, os bra\u00e7os sempre abertos.<br \/>Pe\u00e7o a todos que rezem por mim! Esse servi\u00e7o a que fui chamado \u00e9 uma grande responsabilidade, por isso necessito desse apoio das ora\u00e7\u00f5es de todos. A minha vida aqui no Rio de Janeiro continua normal, com os compromissos agendados, mas com as exce\u00e7\u00f5es de aumentar alguns deslocamentos a Roma para as poss\u00edveis reuni\u00f5es convocadas pelo Santo Padre. <br \/>A vida continuar\u00e1 sendo gasta pelo Senhor e pela Igreja, para que todos sejam um!<\/p>\n","protected":false},"excerpt":{"rendered":"<p>Com gratid\u00e3o a todo o povo, pe\u00e7o as gra\u00e7as de Deus para esse novo servi\u00e7o a que fui chamado pelo Papa Francisco a prestar para a Igreja, e com ela, para o mundo de hoje. Como disse a todos que consegui cumprimentar: pe\u00e7o suas ora\u00e7\u00f5es para bem desempenhar essa nova miss\u00e3o.A pergunta constante que me [&hellip;]<\/p>\n","protected":false},"author":5,"featured_media":1370,"comment_status":"closed","ping_status":"closed","sticky":false,"template":"","format":"standard","meta":{"footnotes":""},"categories":[9],"tags":[],"class_list":["post-4028","post","type-post","status-publish","format-standard","has-post-thumbnail","hentry","category-artigos"],"_links":{"self":[{"href":"https:\/\/catolicanet.net\/wp-cnet\/wp-json\/wp\/v2\/posts\/4028","targetHints":{"allow":["GET"]}}],"collection":[{"href":"https:\/\/catolicanet.net\/wp-cnet\/wp-json\/wp\/v2\/posts"}],"about":[{"href":"https:\/\/catolicanet.net\/wp-cnet\/wp-json\/wp\/v2\/types\/post"}],"author":[{"embeddable":true,"href":"https:\/\/catolicanet.net\/wp-cnet\/wp-json\/wp\/v2\/users\/5"}],"replies":[{"embeddable":true,"href":"https:\/\/catolicanet.net\/wp-cnet\/wp-json\/wp\/v2\/comments?post=4028"}],"version-history":[{"count":1,"href":"https:\/\/catolicanet.net\/wp-cnet\/wp-json\/wp\/v2\/posts\/4028\/revisions"}],"predecessor-version":[{"id":9027,"href":"https:\/\/catolicanet.net\/wp-cnet\/wp-json\/wp\/v2\/posts\/4028\/revisions\/9027"}],"wp:featuredmedia":[{"embeddable":true,"href":"https:\/\/catolicanet.net\/wp-cnet\/wp-json\/wp\/v2\/media\/1370"}],"wp:attachment":[{"href":"https:\/\/catolicanet.net\/wp-cnet\/wp-json\/wp\/v2\/media?parent=4028"}],"wp:term":[{"taxonomy":"category","embeddable":true,"href":"https:\/\/catolicanet.net\/wp-cnet\/wp-json\/wp\/v2\/categories?post=4028"},{"taxonomy":"post_tag","embeddable":true,"href":"https:\/\/catolicanet.net\/wp-cnet\/wp-json\/wp\/v2\/tags?post=4028"}],"curies":[{"name":"wp","href":"https:\/\/api.w.org\/{rel}","templated":true}]}}