{"id":4023,"date":"2014-01-22T11:34:13","date_gmt":"2014-01-22T13:34:13","guid":{"rendered":"http:\/\/catolicanet.net\/wp-cnet\/pastoral-da-juventude-avalia-caminhada-e-elabora-diretrizes\/"},"modified":"2017-04-04T11:25:08","modified_gmt":"2017-04-04T14:25:08","slug":"pastoral-da-juventude-avalia-caminhada-e-elabora-diretrizes","status":"publish","type":"post","link":"https:\/\/catolicanet.net\/wp-cnet\/pastoral-da-juventude-avalia-caminhada-e-elabora-diretrizes\/","title":{"rendered":"Pastoral da Juventude avalia caminhada e elabora diretrizes"},"content":{"rendered":"<p style=\"text-align: justify;\"><img decoding=\"async\" src=\"http:\/\/www.catolicanet.com.br\/images\/stories\/ampliadapj.jpg\" border=\"0\" align=\"left\" \/>Com o tema \u201cSomos Igreja Jovem: 40 anos construindo a civiliza\u00e7\u00e3o do amor\u201d e o lema \u201cN\u00e3o podemos deixar de falar das coisas que vimos e ouvimos\u201d (At 4,20), realiza-se, em Ribeir\u00e3o das Neves (MG), a Ampliada Nacional da Pastoral da Juventude (ANPJ). O evento, que teve in\u00edcio na segunda-feira, 20, re\u00fane cem delegados de todos os regionais da CNBB.<\/p>\n<p>A ANPJ tem como objetivos avaliar a caminhada da Pastoral da Juventude (PJ) e definir diretrizes para a a\u00e7\u00e3o pastoral.<\/p>\n<p><img decoding=\"async\" src=\"http:\/\/www.catolicanet.com.br\/images\/stories\/ampliadapj3.jpg\" border=\"0\" align=\"left\" \/>O bispo auxiliar de Campo Grande (MS) e presidente da Comiss\u00e3o Episcopal Pastoral para a Juventude, dom Eduardo Pinheiro, est\u00e1 presente no encontro. \u201cH\u00e1 muito a agradecer. N\u00e3o esque\u00e7amos disso. H\u00e1 pontos que precisam ser retomados e fortalecidos. N\u00e3o nos cansemos de descobri-los e de reconhec\u00ea-los\u201d, disse o bispo na abertura do evento.<\/p>\n<p>O presidente do Conselho Nacional de Juventude,\u00a0 Alessandro Melchior, acrescentou que a PJ tem contribu\u00eddo com os processos de pol\u00edticas de Juventude. \u201cMuitas pessoas da pastoral\u00a0 se dedicaram a essa causa e merecem o nosso agradecimento\u201d, disse.<\/p>\n<p>Tamb\u00e9m participam da ANPJ, entre outros,\u00a0 o assessor da Comiss\u00e3o Episcopal Pastoral para a Juventude, padre Ant\u00f4nio Ramos do Prado, e o assessor do Setor CEBs da CNBB, S\u00e9rgio Coutinho.<\/p>\n<p>O encerramento do encontro ser\u00e1 no dia 26 de janeiro. Informa\u00e7\u00f5es:\u00a0  <a href=\"mailto:secretarianacional@pj.org\">secretarianacional@pj.org<\/a> ou no site: www.pj.org.br<\/p>\n<p style=\"text-align: justify;\"><strong><br \/>Fonte: CNBB\/Pastoral da Juventude<br \/>Fotos: Pastoral da Juventude<\/strong><\/p>\n","protected":false},"excerpt":{"rendered":"<p>Com o tema \u201cSomos Igreja Jovem: 40 anos construindo a civiliza\u00e7\u00e3o do amor\u201d e o lema \u201cN\u00e3o podemos deixar de falar das coisas que vimos e ouvimos\u201d (At 4,20), realiza-se, em Ribeir\u00e3o das Neves (MG), a Ampliada Nacional da Pastoral da Juventude (ANPJ). O evento, que teve in\u00edcio na segunda-feira, 20, re\u00fane cem delegados de [&hellip;]<\/p>\n","protected":false},"author":1,"featured_media":4022,"comment_status":"closed","ping_status":"closed","sticky":false,"template":"","format":"standard","meta":{"footnotes":""},"categories":[7],"tags":[],"class_list":["post-4023","post","type-post","status-publish","format-standard","has-post-thumbnail","hentry","category-cnbb"],"_links":{"self":[{"href":"https:\/\/catolicanet.net\/wp-cnet\/wp-json\/wp\/v2\/posts\/4023","targetHints":{"allow":["GET"]}}],"collection":[{"href":"https:\/\/catolicanet.net\/wp-cnet\/wp-json\/wp\/v2\/posts"}],"about":[{"href":"https:\/\/catolicanet.net\/wp-cnet\/wp-json\/wp\/v2\/types\/post"}],"author":[{"embeddable":true,"href":"https:\/\/catolicanet.net\/wp-cnet\/wp-json\/wp\/v2\/users\/1"}],"replies":[{"embeddable":true,"href":"https:\/\/catolicanet.net\/wp-cnet\/wp-json\/wp\/v2\/comments?post=4023"}],"version-history":[{"count":1,"href":"https:\/\/catolicanet.net\/wp-cnet\/wp-json\/wp\/v2\/posts\/4023\/revisions"}],"predecessor-version":[{"id":8991,"href":"https:\/\/catolicanet.net\/wp-cnet\/wp-json\/wp\/v2\/posts\/4023\/revisions\/8991"}],"wp:featuredmedia":[{"embeddable":true,"href":"https:\/\/catolicanet.net\/wp-cnet\/wp-json\/wp\/v2\/media\/4022"}],"wp:attachment":[{"href":"https:\/\/catolicanet.net\/wp-cnet\/wp-json\/wp\/v2\/media?parent=4023"}],"wp:term":[{"taxonomy":"category","embeddable":true,"href":"https:\/\/catolicanet.net\/wp-cnet\/wp-json\/wp\/v2\/categories?post=4023"},{"taxonomy":"post_tag","embeddable":true,"href":"https:\/\/catolicanet.net\/wp-cnet\/wp-json\/wp\/v2\/tags?post=4023"}],"curies":[{"name":"wp","href":"https:\/\/api.w.org\/{rel}","templated":true}]}}