{"id":4021,"date":"2014-01-22T11:11:30","date_gmt":"2014-01-22T13:11:30","guid":{"rendered":"http:\/\/catolicanet.net\/wp-cnet\/governo-da-irlanda-reabre-a-embaixada-junto-da-santa-se\/"},"modified":"2017-04-04T11:26:57","modified_gmt":"2017-04-04T14:26:57","slug":"governo-da-irlanda-reabre-a-embaixada-junto-da-santa-se","status":"publish","type":"post","link":"https:\/\/catolicanet.net\/wp-cnet\/governo-da-irlanda-reabre-a-embaixada-junto-da-santa-se\/","title":{"rendered":"Governo da Irlanda reabre a Embaixada junto da Santa S\u00e9"},"content":{"rendered":"<p style=\"text-align: justify;\"><img decoding=\"async\" src=\"http:\/\/www.catolicanet.com.br\/images\/stories\/irlandasantase.jpg\" border=\"0\" align=\"left\" \/>Os bispos da Irlanda exprimiram satisfa\u00e7\u00e3o pela decis\u00e3o do Governo de Dublim de reabrir a Embaixada junto da Santa S\u00e9.<\/p>\n<p>Recorde-se que a sede diplom\u00e1tica tinha sido encerrada a 3 de Novembro de 2011. Na altura o Ministro dos Neg\u00f3cios Estrangeiros de Dublim explicara que a decis\u00e3o era devida \u00e0 crise econ\u00f3mica e \u00e0 necessidade de recorrer a cortes em v\u00e1rios servi\u00e7os p\u00fablicos para responder aos objectivos do programa de reestrutura\u00e7\u00e3o aprovado pela EU e pelo FMI.<\/p>\n<p>Embora a Embaixada tenha sido encerrada em 2011 \u2013 afirmou numa nota o primaz do pa\u00eds, Cardeal Sean Brady \u2013 \u00e9 importante recordar que \u201cas rela\u00e7\u00f5es diplom\u00e1ticas entre a Irlanda e a Santa S\u00e9 continuaram a estar activas e produtivas durante todo esse tempo\u201d.<\/p>\n<p>A actual decis\u00e3o do Governo irland\u00eas de reabrir a Embaixada \u2013 frisou o Cardeal reflecte positivamente o processo de di\u00e1logo entre Igreja e Estado\u201d e \u201ccom base no comum empenho a favor da justi\u00e7a, paz, o desenraizamento da pobreza, as rela\u00e7\u00f5es internacionais e a salvaguarda do ambiente. Prosseguiremos na coopera\u00e7\u00e3o frutuosa entre a Irlanda e a Santa S\u00e9 a favor do bem comum\u201d \u2013 rematou o Cardeal Brady.<\/p>\n<p>Muita satisfa\u00e7\u00e3o foi tamb\u00e9m expressa pelo N\u00fancio Apost\u00f3lico na Irlanda, D. Charles Brown: \u201cTrata-se \u2013 disse \u2013 de uma decis\u00e3o excelente para o povo irland\u00eas que trar\u00e1 benef\u00edcios ao pa\u00eds e um importante contributo para as rela\u00e7\u00f5es internacionais\u201d.<\/p>\n<p style=\"text-align: justify;\">\u00a0<\/p>\n<p style=\"text-align: justify;\"><strong>Local: Cidade do Vaticano<br \/>Fonte: R\u00e1dio Vaticano<\/strong><\/p>\n","protected":false},"excerpt":{"rendered":"<p>Os bispos da Irlanda exprimiram satisfa\u00e7\u00e3o pela decis\u00e3o do Governo de Dublim de reabrir a Embaixada junto da Santa S\u00e9. Recorde-se que a sede diplom\u00e1tica tinha sido encerrada a 3 de Novembro de 2011. Na altura o Ministro dos Neg\u00f3cios Estrangeiros de Dublim explicara que a decis\u00e3o era devida \u00e0 crise econ\u00f3mica e \u00e0 necessidade [&hellip;]<\/p>\n","protected":false},"author":1,"featured_media":4020,"comment_status":"closed","ping_status":"closed","sticky":false,"template":"","format":"standard","meta":{"footnotes":""},"categories":[3],"tags":[],"class_list":["post-4021","post","type-post","status-publish","format-standard","has-post-thumbnail","hentry","category-vaticano"],"_links":{"self":[{"href":"https:\/\/catolicanet.net\/wp-cnet\/wp-json\/wp\/v2\/posts\/4021","targetHints":{"allow":["GET"]}}],"collection":[{"href":"https:\/\/catolicanet.net\/wp-cnet\/wp-json\/wp\/v2\/posts"}],"about":[{"href":"https:\/\/catolicanet.net\/wp-cnet\/wp-json\/wp\/v2\/types\/post"}],"author":[{"embeddable":true,"href":"https:\/\/catolicanet.net\/wp-cnet\/wp-json\/wp\/v2\/users\/1"}],"replies":[{"embeddable":true,"href":"https:\/\/catolicanet.net\/wp-cnet\/wp-json\/wp\/v2\/comments?post=4021"}],"version-history":[{"count":1,"href":"https:\/\/catolicanet.net\/wp-cnet\/wp-json\/wp\/v2\/posts\/4021\/revisions"}],"predecessor-version":[{"id":8992,"href":"https:\/\/catolicanet.net\/wp-cnet\/wp-json\/wp\/v2\/posts\/4021\/revisions\/8992"}],"wp:featuredmedia":[{"embeddable":true,"href":"https:\/\/catolicanet.net\/wp-cnet\/wp-json\/wp\/v2\/media\/4020"}],"wp:attachment":[{"href":"https:\/\/catolicanet.net\/wp-cnet\/wp-json\/wp\/v2\/media?parent=4021"}],"wp:term":[{"taxonomy":"category","embeddable":true,"href":"https:\/\/catolicanet.net\/wp-cnet\/wp-json\/wp\/v2\/categories?post=4021"},{"taxonomy":"post_tag","embeddable":true,"href":"https:\/\/catolicanet.net\/wp-cnet\/wp-json\/wp\/v2\/tags?post=4021"}],"curies":[{"name":"wp","href":"https:\/\/api.w.org\/{rel}","templated":true}]}}