{"id":40193,"date":"2018-04-23T10:16:52","date_gmt":"2018-04-23T13:16:52","guid":{"rendered":"http:\/\/catolicanet.net\/wp-cnet\/?p=40193"},"modified":"2018-04-23T10:16:52","modified_gmt":"2018-04-23T13:16:52","slug":"papa-aos-novos-sacerdotes-nao-se-cansem-de-ser-misericordiosos","status":"publish","type":"post","link":"https:\/\/catolicanet.net\/wp-cnet\/papa-aos-novos-sacerdotes-nao-se-cansem-de-ser-misericordiosos\/","title":{"rendered":"Papa aos novos sacerdotes: n\u00e3o se cansem de ser misericordiosos"},"content":{"rendered":"<p>&#8220;Por favor, n\u00e3o se cansem de ser misericordiosos. Pensem nos pecados de voc\u00eas, nas mis\u00e9rias de voc\u00eas que Jesus perdoa. Sejam misericordiosos!&#8221; Foi a exorta\u00e7\u00e3o do Papa Francisco aos dezesseis novos sacerdotes.<\/p>\n<p>Cidade do Vaticano<\/p>\n<p>\u201cConscientes de terem sido escolhidos entre os homens e postos ao servi\u00e7o dos homens nas coisas que s\u00e3o de Deus, realizem com verdadeira caridade e alegria constante a obra sacerdotal de Cristo, unicamente intentos a agradar a Deus e n\u00e3o a voc\u00eas mesmos ou aos homens, por outros interesses. Somente servi\u00e7o a Deus, para o bem do Santo povo fiel de Deus.\u201d<\/p>\n<p>Foi a exorta\u00e7\u00e3o do Papa Francisco aos dezesseis novos sacerdotes por ele ordenados na Bas\u00edlica de S\u00e3o Pedro na missa deste IV Domingo da P\u00e1scoa, tamb\u00e9m conhecido como Domingo do \u201cBom Pastor\u201d, ocasi\u00e3o em que a Igreja celebra o Dia Mundial de Ora\u00e7\u00e3o pelas Voca\u00e7\u00f5es.<br \/>\nTenham diante de voc\u00eas o exemplo do Bom Pastor<\/p>\n<!--[if lt IE 9]><script>document.createElement('audio');<\/script><![endif]-->\n<audio class=\"wp-audio-shortcode\" id=\"audio-40193-1\" preload=\"none\" style=\"width: 100%;\" controls=\"controls\"><source type=\"audio\/mpeg\" src=\"https:\/\/media.vaticannews.va\/media\/audio\/s1\/2018\/4\/22\/15\/134395424_F134395424.mp3?_=1\" \/><a href=\"https:\/\/media.vaticannews.va\/media\/audio\/s1\/2018\/4\/22\/15\/134395424_F134395424.mp3\">https:\/\/media.vaticannews.va\/media\/audio\/s1\/2018\/4\/22\/15\/134395424_F134395424.mp3<\/a><\/audio>\n<p>Em sua homilia, na qual apresentou aos novos presb\u00edteros o significado, import\u00e2ncia e implica\u00e7\u00f5es do novo minist\u00e9rio ao qual foram chamados, Francisco os exortou a n\u00e3o se cansarem de ser misericordiosos.<\/p>\n<p>Crer o que ler, ensinar o que crer e viver o que ensinam<\/p>\n<p>Distribuam a todos a Palavra de Deus que voc\u00eas mesmos receberam com alegria. Meditando na lei do Senhor, procurem crer o que ler, ensinar o que crer e viver o que ensinam, frisou o Pont\u00edfice, fazendo uma premente exorta\u00e7\u00e3o:<\/p>\n<p>\u201cO ensino de voc\u00eas seja alimento para o povo de Deus, alegria e sustento aos fi\u00e9is de Cristo, o perfume de suas vidas. E com a palavra edifiquem a Casa de Deus que \u00e9 a Igreja. Exercer\u00e3o tamb\u00e9m, em Cristo, o m\u00fanus de santificar. Pelo minist\u00e9rio de voc\u00eas se realiza plenamente o sacrif\u00edcio espiritual dos fi\u00e9is, unido ao sacrif\u00edcio de Cristo, que, juntamente com eles, \u00e9 oferecido por suas m\u00e3os sobre o altar, de modo sacramental, na celebra\u00e7\u00e3o dos santos mist\u00e9rios.\u201d<\/p>\n<p>&nbsp;<\/p>\n<p>Tomem, pois, consci\u00eancia do que fazem, imitem o que realizam. Celebrando o mist\u00e9rio da morte e da ressurrei\u00e7\u00e3o do Senhor, esforcem-se por fazer morrer em voc\u00eas todo o mal e por caminhar na vida nova. Com o Batismo voc\u00eas acrescentar\u00e3o novos fi\u00e9is para o Povo de Deus. Com o Sacramento da Penit\u00eancia perdoar\u00e3o os pecados em nome de Cristo e da Igreja, continuou o Santo Padre acrescentando ao texto da homilia mais uma exorta\u00e7\u00e3o aos novos sacerdotes:<\/p>\n<p>\u201cPor favor, n\u00e3o se cansem de ser misericordiosos. Pensem nos pecados de voc\u00eas, nas mis\u00e9rias de voc\u00eas que Jesus perdoa. Sejam misericordiosos. Com o \u00f3leo santo dar\u00e3o al\u00edvio aos enfermos. Celebrando os ritos sagrados e oferecendo nas v\u00e1rias horas do dia a ora\u00e7\u00e3o de louvor com a\u00e7\u00f5es de gra\u00e7as e s\u00faplicas, ser\u00e3o voz do Povo de Deus e de toda a humanidade.\u201d<\/p>\n<p>Congregar os fi\u00e9is numa s\u00f3 fam\u00edlia<\/p>\n<p>Por fim, participando da miss\u00e3o de Cristo, Cabe\u00e7a e Pastor, em comunh\u00e3o filial com o Bispo de voc\u00eas, procurem congregar os fi\u00e9is numa s\u00f3 fam\u00edlia, a fim de poder conduzi-la a Deus Pai, por Cristo, no Esp\u00edrito Santo, disse ainda o Papa Francisco antes de fazer sua \u00faltima recomenda\u00e7\u00e3o:<\/p>\n<p>\u201cTenham sempre diante dos olhos o exemplo do Bom Pastor, que n\u00e3o veio para ser servido, mas para servir e para buscar e salvar o que estava perdido.\u201d<\/p>\n<p>Clero de Roma enriquecido com onze novos sacerdotes<\/p>\n<p>Dos dezesseis novos presb\u00edteros, seis deles foram formados no Col\u00e9gio diocesano Redemptoris Mater, cinco estudaram no Semin\u00e1rio Romano Maior, quatro pertencem \u00e0 Fam\u00edlia dos Disc\u00edpulos e um \u00e0 Pequena Obra da Divina Provid\u00eancia (Don Orione) e fez seu percurso formativo na Par\u00f3quia romana de Todos os Santos. Onze dos novos presb\u00edteros pertencem \u00e0 Diocese de Roma.<\/p>\n<p>Este domingo do \u201cBom Pastor\u201d \u00e9 tamb\u00e9m o 55\u00ba Dia Mundial de Ora\u00e7\u00e3o pelas Voca\u00e7\u00f5es.<\/p>\n<p>&nbsp;<\/p>\n<p>Fonte: R\u00e1dio Vaticano<\/p>\n","protected":false},"excerpt":{"rendered":"<p>&#8220;Por favor, n\u00e3o se cansem de ser misericordiosos. Pensem nos pecados de voc\u00eas, nas mis\u00e9rias de voc\u00eas que Jesus perdoa. Sejam misericordiosos!&#8221; Foi a exorta\u00e7\u00e3o do Papa Francisco aos dezesseis novos sacerdotes. Cidade do Vaticano \u201cConscientes de terem sido escolhidos entre os homens e postos ao servi\u00e7o dos homens nas coisas que s\u00e3o de Deus, [&hellip;]<\/p>\n","protected":false},"author":1,"featured_media":40194,"comment_status":"open","ping_status":"closed","sticky":false,"template":"","format":"standard","meta":{"footnotes":""},"categories":[13,3],"tags":[],"class_list":["post-40193","post","type-post","status-publish","format-standard","has-post-thumbnail","hentry","category-featured","category-vaticano"],"_links":{"self":[{"href":"https:\/\/catolicanet.net\/wp-cnet\/wp-json\/wp\/v2\/posts\/40193","targetHints":{"allow":["GET"]}}],"collection":[{"href":"https:\/\/catolicanet.net\/wp-cnet\/wp-json\/wp\/v2\/posts"}],"about":[{"href":"https:\/\/catolicanet.net\/wp-cnet\/wp-json\/wp\/v2\/types\/post"}],"author":[{"embeddable":true,"href":"https:\/\/catolicanet.net\/wp-cnet\/wp-json\/wp\/v2\/users\/1"}],"replies":[{"embeddable":true,"href":"https:\/\/catolicanet.net\/wp-cnet\/wp-json\/wp\/v2\/comments?post=40193"}],"version-history":[{"count":1,"href":"https:\/\/catolicanet.net\/wp-cnet\/wp-json\/wp\/v2\/posts\/40193\/revisions"}],"predecessor-version":[{"id":40195,"href":"https:\/\/catolicanet.net\/wp-cnet\/wp-json\/wp\/v2\/posts\/40193\/revisions\/40195"}],"wp:featuredmedia":[{"embeddable":true,"href":"https:\/\/catolicanet.net\/wp-cnet\/wp-json\/wp\/v2\/media\/40194"}],"wp:attachment":[{"href":"https:\/\/catolicanet.net\/wp-cnet\/wp-json\/wp\/v2\/media?parent=40193"}],"wp:term":[{"taxonomy":"category","embeddable":true,"href":"https:\/\/catolicanet.net\/wp-cnet\/wp-json\/wp\/v2\/categories?post=40193"},{"taxonomy":"post_tag","embeddable":true,"href":"https:\/\/catolicanet.net\/wp-cnet\/wp-json\/wp\/v2\/tags?post=40193"}],"curies":[{"name":"wp","href":"https:\/\/api.w.org\/{rel}","templated":true}]}}