{"id":4019,"date":"2023-01-22T00:00:00","date_gmt":"2023-01-22T03:00:00","guid":{"rendered":"http:\/\/catolicanet.net\/wp-cnet\/sao-vicente-pallotti\/"},"modified":"2023-01-02T17:47:30","modified_gmt":"2023-01-02T20:47:30","slug":"sao-vicente-pallotti","status":"publish","type":"post","link":"https:\/\/catolicanet.net\/wp-cnet\/sao-vicente-pallotti\/","title":{"rendered":"S\u00e3o Vicente Pallotti"},"content":{"rendered":"<p style=\"text-align: justify;\">Vicente Pallotti nasceu em Roma , dia 21 de abril de 1795, numa fam\u00edlia de classe m\u00e9dia. Com sua m\u00e3e aprendeu a amar os irm\u00e3os mais pobres, crescendo generoso e bondoso. Enquanto nos estudos mostrava grande esfor\u00e7o e dedica\u00e7\u00e3o, nas ora\u00e7\u00f5es mostrava devo\u00e7\u00e3o extremada ao Esp\u00edrito Santo. Passava as f\u00e9rias no campo, na casa do tio, onde distribu\u00eda aos empregados os doces que recebia, gesto que o pai lhe ensinara: nenhum pobre sa\u00eda de sua mercearia de m\u00e3os vazias.<\/p>\n<p>\u00c0s vezes sua generosidade preocupava, pois geralmente no inverno, voltava para casa sem os sapatos e o casaco. Pallotti admirava Francisco de Assis, pensou em ser capuchinho, mas n\u00e3o foi poss\u00edvel devido sua fr\u00e1gil sa\u00fade. Em 1818, se consagrou sacerdote pela diocese de Roma,onde ocupou cargos importantes na hierarquia da Igreja. Muito culto obteve o doutorado em Filosofia e Teologia.<\/p>\n<p>Mas foi a sua atua\u00e7\u00e3o em obras sociais e religiosas que lhe trouxe a santidade. Teve uma vida de profunda espiritualidade, jamais se afastando das atividades apost\u00f3licas. \u00c9 fruto do seu trabalho, a import\u00e2ncia que o Conc\u00edlio Vaticano II, cento e trinta anos ap\u00f3s sua morte, decretou para o apostolado dos leigos, dando espa\u00e7o para o trabalho deles junto \u00e0s comunidades crist\u00e3s. Necessidade primeira deste novo mil\u00eanio, onde a prolifera\u00e7\u00e3o dos pobres e da mis\u00e9ria, infelizmente se faz cada vez mais presente.<\/p>\n<p>Vicente defendia que todo crist\u00e3o leigo, atrav\u00e9s do sacramento do batismo, tem o leg\u00edtimo direito assim como a obriga\u00e7\u00e3o de trabalhar pela prega\u00e7\u00e3o da f\u00e9 cat\u00f3lica, da mesma forma que os sacerdotes. Esta a\u00e7\u00e3o de apostolado que os novos tempos exigiria de todos os cat\u00f3licos, foi sem d\u00favida seu carisma de inspira\u00e7\u00e3o vision\u00e1ria . Fundou, em 1835, a Obra do Apostolado Cat\u00f3lico, que envolvia e preparava os leigos para promoverem as suas associa\u00e7\u00f5es evangelizadoras e de caridade, orientados pelos religiosos das duas Congrega\u00e7\u00f5es criadas por ele para esta finalidade, a dos Padres Palotinos e das Irm\u00e3s Palotinas.<\/p>\n<p>Vicente Pallotti morreu em Roma, no dia 22 de janeiro 1850, aos cinq\u00fcenta e cinco anos de idade. De sa\u00fade fr\u00e1gil, doou naquele inverno seu casaco a um pobre, adquirindo a doen\u00e7a que o vitimou. Assim sendo n\u00e3o p\u00f4de ver as duas fam\u00edlias religiosas serem aprovadas pelo Vaticano, que devolvia as Regras indicando sempre algum erro. Com certeza um engano aben\u00e7oado, pois a continuidade e a persist\u00eancia destas Obras trouxeram o novo \u00e2nimo que a Igreja necessitava. Em 1904, foram reconhecidas pela Santa S\u00e9, motivando o pedido de sua canoniza\u00e7\u00e3o.<\/p>\n<p>O papa Pio XI o beatificou reconhecendo sua atua\u00e7\u00e3o de inspirado e &#8220;verdadeiro oper\u00e1rio das miss\u00f5es&#8221;. Em 1963, as suas id\u00e9ias e carisma espiritual foi plenamente reconhecido pelo papa Jo\u00e3o XXIII que proclamou Vicente Pallotti, Santo.<\/p>\n<p style=\"text-align: justify;\">S\u00e3o Vicente Pallotti, rogai por n\u00f3s!<\/p>\n<p><strong>Outros santos e beatos:<\/strong><\/p>\n<p style=\"text-align: justify;\"><strong>Santo Anast\u00e1cio, o Persa<\/strong> (\u2020628) \u2014 m\u00e1rtir; passou de soldado do ex\u00e9rcito de Cosroe a monge, estabelecendo-se pr\u00f3ximo a Jerusal\u00e9m. Torturado por ser crist\u00e3o, a seguir decapitado. Sua cabe\u00e7a foi levada a Roma e conservada na igreja constru\u00edda em seu louvor e tamb\u00e9m em honra do m\u00e1rtir espanhol s\u00e3o Vicente.<\/p>\n<p style=\"text-align: justify;\"><strong>Santa Blesila<\/strong> (363-383) \u2014 vi\u00fava, filha de santa Paula, disc\u00edpula de s\u00e3o Jer\u00f4nimo.<\/p>\n<p style=\"text-align: justify;\"><strong>S\u00e3o Britvaldo<\/strong> (\u20201045) \u2014 monge e bispo de Ramsburry.<\/p>\n<p style=\"text-align: justify;\"><strong>S\u00e3o Domingos de Sora<\/strong> (\u20201031) \u2014 abade beneditino em Sora. Fundou diversos mosteiros.<\/p>\n<p style=\"text-align: justify;\"><strong>S\u00e3o Francisco Gil de Federich<\/strong> (1702-1745) \u2014 m\u00e1rtir dominicano espanhol, mission\u00e1rio nas Filipinas, depois em Tonquim. Foi canonizado em 1988.<\/p>\n<p style=\"text-align: justify;\"><strong>S\u00e3o Gaud\u00eancio de Novara<\/strong> (337-418) \u2014 bispo. Nasceu em Ivrea; disc\u00edpulo de Eus\u00e9bio de Verceli, foi sagrado bispo por s\u00e3o Simpliciano. A ele se deve a constru\u00e7\u00e3o da catedral de Novara, dedicada \u00e0 Virgem.<\/p>\n<p style=\"text-align: justify;\"><strong>S\u00e3o Mateus Afonso Leziniana<\/strong> \u2014 dominicano espanhol martirizado em Tonquim, em 1745. Canonizado em 1988.<\/p>\n<p style=\"text-align: justify;\"><strong>S\u00e3o Vicente de Digne<\/strong> (\u2020380) \u2014 africano, mission\u00e1rio na Sav\u00f3ia, bispo de Digne, venerado como padroeiro dessa cidade.<\/p>\n","protected":false},"excerpt":{"rendered":"<p>Vicente Pallotti nasceu em Roma , dia 21 de abril de 1795, numa fam\u00edlia de classe m\u00e9dia. Com sua m\u00e3e aprendeu a amar os irm\u00e3os mais pobres, crescendo generoso e bondoso. Enquanto nos estudos mostrava grande esfor\u00e7o e dedica\u00e7\u00e3o, nas ora\u00e7\u00f5es mostrava devo\u00e7\u00e3o extremada ao Esp\u00edrito Santo. Passava as f\u00e9rias no campo, na casa do [&hellip;]<\/p>\n","protected":false},"author":1,"featured_media":22038,"comment_status":"closed","ping_status":"closed","sticky":false,"template":"","format":"standard","meta":{"footnotes":""},"categories":[32],"tags":[],"class_list":["post-4019","post","type-post","status-publish","format-standard","has-post-thumbnail","hentry","category-santo-do-dia"],"_links":{"self":[{"href":"https:\/\/catolicanet.net\/wp-cnet\/wp-json\/wp\/v2\/posts\/4019","targetHints":{"allow":["GET"]}}],"collection":[{"href":"https:\/\/catolicanet.net\/wp-cnet\/wp-json\/wp\/v2\/posts"}],"about":[{"href":"https:\/\/catolicanet.net\/wp-cnet\/wp-json\/wp\/v2\/types\/post"}],"author":[{"embeddable":true,"href":"https:\/\/catolicanet.net\/wp-cnet\/wp-json\/wp\/v2\/users\/1"}],"replies":[{"embeddable":true,"href":"https:\/\/catolicanet.net\/wp-cnet\/wp-json\/wp\/v2\/comments?post=4019"}],"version-history":[{"count":3,"href":"https:\/\/catolicanet.net\/wp-cnet\/wp-json\/wp\/v2\/posts\/4019\/revisions"}],"predecessor-version":[{"id":22039,"href":"https:\/\/catolicanet.net\/wp-cnet\/wp-json\/wp\/v2\/posts\/4019\/revisions\/22039"}],"wp:featuredmedia":[{"embeddable":true,"href":"https:\/\/catolicanet.net\/wp-cnet\/wp-json\/wp\/v2\/media\/22038"}],"wp:attachment":[{"href":"https:\/\/catolicanet.net\/wp-cnet\/wp-json\/wp\/v2\/media?parent=4019"}],"wp:term":[{"taxonomy":"category","embeddable":true,"href":"https:\/\/catolicanet.net\/wp-cnet\/wp-json\/wp\/v2\/categories?post=4019"},{"taxonomy":"post_tag","embeddable":true,"href":"https:\/\/catolicanet.net\/wp-cnet\/wp-json\/wp\/v2\/tags?post=4019"}],"curies":[{"name":"wp","href":"https:\/\/api.w.org\/{rel}","templated":true}]}}