{"id":40189,"date":"2018-04-23T09:44:30","date_gmt":"2018-04-23T12:44:30","guid":{"rendered":"http:\/\/catolicanet.net\/wp-cnet\/?p=40189"},"modified":"2018-04-23T09:44:30","modified_gmt":"2018-04-23T12:44:30","slug":"pom-celebra-40-anos-lancando-video-institucional","status":"publish","type":"post","link":"https:\/\/catolicanet.net\/wp-cnet\/pom-celebra-40-anos-lancando-video-institucional\/","title":{"rendered":"POM celebra 40 anos lan\u00e7ando v\u00eddeo institucional"},"content":{"rendered":"<p>No ano de 2018 as Pontif\u00edcias Obras Mission\u00e1rias no Brasil (POM) comemora 40 anos de hist\u00f3ria. Para marcar essa data importante na vida da Igreja, o organismo apresenta o novo v\u00eddeo institucional.<\/p>\n<p>Confira a <a href=\"http:\/\/www.pom.org.br\/pom-celebra-40-anos-lancando-video-institucional\/\">not\u00edcia na \u00edntegra<\/a>.<\/p>\n<p>&nbsp;<\/p>\n<p>Fonte: CNBB<\/p>\n","protected":false},"excerpt":{"rendered":"<p>No ano de 2018 as Pontif\u00edcias Obras Mission\u00e1rias no Brasil (POM) comemora 40 anos de hist\u00f3ria. Para marcar essa data importante na vida da Igreja, o organismo apresenta o novo v\u00eddeo institucional. Confira a not\u00edcia na \u00edntegra. &nbsp; Fonte: CNBB<\/p>\n","protected":false},"author":1,"featured_media":40190,"comment_status":"open","ping_status":"closed","sticky":false,"template":"","format":"standard","meta":{"footnotes":""},"categories":[13],"tags":[],"class_list":["post-40189","post","type-post","status-publish","format-standard","has-post-thumbnail","hentry","category-featured"],"_links":{"self":[{"href":"https:\/\/catolicanet.net\/wp-cnet\/wp-json\/wp\/v2\/posts\/40189","targetHints":{"allow":["GET"]}}],"collection":[{"href":"https:\/\/catolicanet.net\/wp-cnet\/wp-json\/wp\/v2\/posts"}],"about":[{"href":"https:\/\/catolicanet.net\/wp-cnet\/wp-json\/wp\/v2\/types\/post"}],"author":[{"embeddable":true,"href":"https:\/\/catolicanet.net\/wp-cnet\/wp-json\/wp\/v2\/users\/1"}],"replies":[{"embeddable":true,"href":"https:\/\/catolicanet.net\/wp-cnet\/wp-json\/wp\/v2\/comments?post=40189"}],"version-history":[{"count":2,"href":"https:\/\/catolicanet.net\/wp-cnet\/wp-json\/wp\/v2\/posts\/40189\/revisions"}],"predecessor-version":[{"id":40192,"href":"https:\/\/catolicanet.net\/wp-cnet\/wp-json\/wp\/v2\/posts\/40189\/revisions\/40192"}],"wp:featuredmedia":[{"embeddable":true,"href":"https:\/\/catolicanet.net\/wp-cnet\/wp-json\/wp\/v2\/media\/40190"}],"wp:attachment":[{"href":"https:\/\/catolicanet.net\/wp-cnet\/wp-json\/wp\/v2\/media?parent=40189"}],"wp:term":[{"taxonomy":"category","embeddable":true,"href":"https:\/\/catolicanet.net\/wp-cnet\/wp-json\/wp\/v2\/categories?post=40189"},{"taxonomy":"post_tag","embeddable":true,"href":"https:\/\/catolicanet.net\/wp-cnet\/wp-json\/wp\/v2\/tags?post=40189"}],"curies":[{"name":"wp","href":"https:\/\/api.w.org\/{rel}","templated":true}]}}