{"id":40145,"date":"2018-04-20T10:38:05","date_gmt":"2018-04-20T13:38:05","guid":{"rendered":"http:\/\/catolicanet.net\/wp-cnet\/?p=40145"},"modified":"2018-04-20T10:38:05","modified_gmt":"2018-04-20T13:38:05","slug":"presidente-da-cnbb-celebra-missa-de-encerramento-da-56a-ag","status":"publish","type":"post","link":"https:\/\/catolicanet.net\/wp-cnet\/presidente-da-cnbb-celebra-missa-de-encerramento-da-56a-ag\/","title":{"rendered":"Presidente da CNBB celebra missa de encerramento da 56\u00aa AG"},"content":{"rendered":"<p>\u201cO servi\u00e7o aos pobres e fragilizados, o servi\u00e7o da caridade, da justi\u00e7a e da paz \u00e9 uma exig\u00eancia da f\u00e9 que n\u00f3s professamos e uma consequ\u00eancia do encontro com Cristo na Eucaristia. Jesus ressuscitado que ser encontrado por n\u00f3s na Galileia\u201d, afirmou o arcebispo de Bras\u00edlia (DF) e presidente da Confer\u00eancia Nacional dos Bispos do Brasil (CNBB), cardeal Sergio da Rocha, durante a homilia, na missa de encerramento da 56\u00aa Assembleia Geral da entidade. A missa, na manh\u00e3 desta sexta-feira (20), reuniu os bispos de todo o Brasil, assessores e colaboradores da CNBB no Santu\u00e1rio Nacional em Aparecida (SP).<\/p>\n<div id=\"attachment_188037\" class=\"wp-caption alignleft\"><img loading=\"lazy\" decoding=\"async\" class=\" wp-image-188037\" src=\"http:\/\/www.cnbb.org.br\/wp-content\/uploads\/sites\/32\/2018\/04\/Missa-encerramento-geral-56AG-300x168.png\" srcset=\"http:\/\/www.cnbb.org.br\/wp-content\/uploads\/sites\/32\/2018\/04\/Missa-encerramento-geral-56AG-300x168.png 300w, http:\/\/www.cnbb.org.br\/wp-content\/uploads\/sites\/32\/2018\/04\/Missa-encerramento-geral-56AG-768x431.png 768w, http:\/\/www.cnbb.org.br\/wp-content\/uploads\/sites\/32\/2018\/04\/Missa-encerramento-geral-56AG.png 808w\" alt=\"\" width=\"402\" height=\"225\" \/><\/p>\n<p class=\"wp-caption-text\"><em>Reprodu\u00e7\u00e3o: TV Aparecida<\/em><\/p>\n<\/div>\n<p>Dom Sergio da Rocha rezou em agradecimento pela realiza\u00e7\u00e3o da assembleia, pela confer\u00eancia episcopal, pela Igreja no Brasil, pela aprova\u00e7\u00e3o do documento sobre a forma\u00e7\u00e3o dos presb\u00edteros da Igreja no Brasil, pela conviv\u00eancia fraterna entre os bispos, por todos os estudos e pronunciamentos e ainda pelo Ano do Laicato.<\/p>\n<p>\u201cAgradecemos \u00e0 Deus a tantos fieis leigos e leigas que se dedicam tanto e t\u00e3o generosamente a a\u00e7\u00e3o pastoral e mission\u00e1ria em nossas comunidades, mas tamb\u00e9m em diversas ambientes da sociedade\u201d.<\/p>\n<p>Ao refletir sobre as leituras de hoje, o cardeal, lembrou que a palavra indica tra\u00e7os fundamentais da igreja que os fieis devem ser, atitudes de se deve cultivar continuamente, pessoalmente, em comunidade.<\/p>\n<p>\u201cA Igreja vive do encontro com o Senhor ressuscitado. Atrav\u00e9s da palavra, da Eucaristia, da ora\u00e7\u00e3o e da contempla\u00e7\u00e3o\u201d.<\/p>\n<p>Dom Sergio refletiu ainda a narrativa inicial dos Atos dos Ap\u00f3stolos que retrata Saulo ca\u00eddo por terra.<\/p>\n<p>\u201cH\u00e1 muita gente ca\u00edda por terra como Saulo, incapaz de enxergar, incapaz de caminhar, mas necessitada de levantar-se, de recome\u00e7ar a vida. S\u00e3o irm\u00e3os e irm\u00e3s nossos de cora\u00e7\u00e3o ferido necessitados de m\u00e3os estendidas, necessitados de uma comunidade misericordiosa e acolhedora. Casa de portas abertas como tem insistido tantas vezes o papa Francisco\u201d, indicou.<\/p>\n<p>Antes de finalizar, o presidente da CNBB, recordou o pedido de Deus no salmo de hoje \u2018Ide pelo mundo e pregai o evangelho, ide fazer disc\u00edpulos\u2019.<\/p>\n<p>E continuou: \u201csa\u00edmos dessa assembleia e desta Eucaristia revigorados na f\u00e9, fortalecidos na unidade e dispostos a caminhar com redobrado empenho ao encontro dos pobres que esperam pela boa nova de Jesus Cristo, dos aflitos que necessitam ser consolados, dos cegos que anseiam pela recupera\u00e7\u00e3o da vista e das v\u00edtimas de viol\u00eancia que buscam a justi\u00e7a e a paz, dos tristes e desanimados para lhes oferecer os dons da alegria, da esperan\u00e7a e da vida nova em Cristo\u201d.<\/p>\n<div id=\"attachment_188039\" class=\"wp-caption alignright\"><img loading=\"lazy\" decoding=\"async\" class=\"wp-image-188039 \" src=\"http:\/\/www.cnbb.org.br\/wp-content\/uploads\/sites\/32\/2018\/04\/Missa-encerramento-geral-56AG-1-300x168.png\" srcset=\"http:\/\/www.cnbb.org.br\/wp-content\/uploads\/sites\/32\/2018\/04\/Missa-encerramento-geral-56AG-1-300x168.png 300w, http:\/\/www.cnbb.org.br\/wp-content\/uploads\/sites\/32\/2018\/04\/Missa-encerramento-geral-56AG-1-768x431.png 768w, http:\/\/www.cnbb.org.br\/wp-content\/uploads\/sites\/32\/2018\/04\/Missa-encerramento-geral-56AG-1.png 802w\" alt=\"\" width=\"368\" height=\"206\" \/><\/p>\n<p class=\"wp-caption-text\"><em>Reprodu\u00e7\u00e3o: TV Aparecida<\/em><\/p>\n<\/div>\n<p>O cardeal finalizou a homilia pedindo a b\u00ean\u00e7\u00e3o de N. S Aparecida e refletindo a necessidade dos fieis de permanecerem em Cristo, comendo da Sua carne e bebendo do Seu sangue, alimentando-se do p\u00e3o descido do c\u00e9u.<\/p>\n<p>\u201cO encontro pessoal e comunit\u00e1rio com Cristo, especialmente, na Eucaristia ser\u00e1 sempre a fonte maior e o sustendo de nossa comunh\u00e3o e de nossa miss\u00e3o. Continuemos unidos rezando uns pelos outros, firmes na f\u00e9, unidos na miss\u00e3o. Dando testemunho do nosso amor pela nossa Igreja\u201d.<\/p>\n<p>&nbsp;<\/p>\n<p>Fonte: CNBB<\/p>\n","protected":false},"excerpt":{"rendered":"<p>\u201cO servi\u00e7o aos pobres e fragilizados, o servi\u00e7o da caridade, da justi\u00e7a e da paz \u00e9 uma exig\u00eancia da f\u00e9 que n\u00f3s professamos e uma consequ\u00eancia do encontro com Cristo na Eucaristia. Jesus ressuscitado que ser encontrado por n\u00f3s na Galileia\u201d, afirmou o arcebispo de Bras\u00edlia (DF) e presidente da Confer\u00eancia Nacional dos Bispos do [&hellip;]<\/p>\n","protected":false},"author":1,"featured_media":40146,"comment_status":"open","ping_status":"closed","sticky":false,"template":"","format":"standard","meta":{"footnotes":""},"categories":[7],"tags":[],"class_list":["post-40145","post","type-post","status-publish","format-standard","has-post-thumbnail","hentry","category-cnbb"],"_links":{"self":[{"href":"https:\/\/catolicanet.net\/wp-cnet\/wp-json\/wp\/v2\/posts\/40145","targetHints":{"allow":["GET"]}}],"collection":[{"href":"https:\/\/catolicanet.net\/wp-cnet\/wp-json\/wp\/v2\/posts"}],"about":[{"href":"https:\/\/catolicanet.net\/wp-cnet\/wp-json\/wp\/v2\/types\/post"}],"author":[{"embeddable":true,"href":"https:\/\/catolicanet.net\/wp-cnet\/wp-json\/wp\/v2\/users\/1"}],"replies":[{"embeddable":true,"href":"https:\/\/catolicanet.net\/wp-cnet\/wp-json\/wp\/v2\/comments?post=40145"}],"version-history":[{"count":1,"href":"https:\/\/catolicanet.net\/wp-cnet\/wp-json\/wp\/v2\/posts\/40145\/revisions"}],"predecessor-version":[{"id":40147,"href":"https:\/\/catolicanet.net\/wp-cnet\/wp-json\/wp\/v2\/posts\/40145\/revisions\/40147"}],"wp:featuredmedia":[{"embeddable":true,"href":"https:\/\/catolicanet.net\/wp-cnet\/wp-json\/wp\/v2\/media\/40146"}],"wp:attachment":[{"href":"https:\/\/catolicanet.net\/wp-cnet\/wp-json\/wp\/v2\/media?parent=40145"}],"wp:term":[{"taxonomy":"category","embeddable":true,"href":"https:\/\/catolicanet.net\/wp-cnet\/wp-json\/wp\/v2\/categories?post=40145"},{"taxonomy":"post_tag","embeddable":true,"href":"https:\/\/catolicanet.net\/wp-cnet\/wp-json\/wp\/v2\/tags?post=40145"}],"curies":[{"name":"wp","href":"https:\/\/api.w.org\/{rel}","templated":true}]}}