{"id":40134,"date":"2018-04-20T09:06:22","date_gmt":"2018-04-20T12:06:22","guid":{"rendered":"http:\/\/catolicanet.net\/wp-cnet\/?p=40134"},"modified":"2018-04-20T09:06:22","modified_gmt":"2018-04-20T12:06:22","slug":"unidade-no-essencial","status":"publish","type":"post","link":"https:\/\/catolicanet.net\/wp-cnet\/unidade-no-essencial\/","title":{"rendered":"Unidade no essencial"},"content":{"rendered":"<p>No dia 20 de abril terminou a 56\u00aa Assembleia Geral da Confer\u00eancia Nacional dos Bispos do Brasil \u2013 CNBB &#8211; que teve como tema central a aprova\u00e7\u00e3o de \u201cDiretrizes para a forma\u00e7\u00e3o dos presb\u00edteros na Igreja do Brasil\u201d. S\u00e3o diretrizes que foram aprovadas, isto \u00e9, direcionamentos essenciais que devem ser seguidos em todos os Semin\u00e1rios e Casas de Forma\u00e7\u00e3o de padres no Brasil para manter a unidade da Igreja. As diretrizes aprovadas aplicam para o Brasil a \u201cRatio Fundamentalis Institutiones Sacerdotalis (O Dom da Voca\u00e7\u00e3o Presbiteral), de 08 de dezembro de 2016, da Congrega\u00e7\u00e3o para o Clero do Vaticano, que tra\u00e7a diretrizes universais da forma\u00e7\u00e3o de presb\u00edteros.<\/p>\n<p>\u00c9 dessa maneira que a Igreja Cat\u00f3lica vive a unidade. Cada diocese deve seguir as orienta\u00e7\u00f5es gerais e maiores, mas isto n\u00e3o impede de tomar iniciativas locais. Uma diretriz maior n\u00e3o diminui a criatividade local, pois o esfor\u00e7o de aplicar a norma geral cabe a cada diocese. Desse modo se mant\u00e9m a unidade nas coisas essenciais. Ter diretrizes gerais para a forma\u00e7\u00e3o \u00e9 uma necessidade, pois o padre atua em nome da Igreja e a repercuss\u00e3o do seu trabalho pastoral ultrapassa os limites locais.<\/p>\n<p>O objetivo das diretrizes \u00e9 formar presb\u00edteros. O referencial absoluto \u00e9 Jesus Cristo, mestre, sacerdote e pastor. O processo formativo procura levar progressivamente o candidato a configurar-se a Cristo no modo de pensar, de agir e abra\u00e7ar a miss\u00e3o de anunciar do Evangelho.<\/p>\n<p>As Diretrizes aprovadas oferecem elementos progressivos da forma\u00e7\u00e3o presbiteral. O ponto de partida \u00e9 o contexto atual do mundo, com seus desafios e possibilidades. \u00c9 dentro deste contexto que nasce, cresce e se desenvolve a op\u00e7\u00e3o vocacional dos jovens. O primeiro desafio para o jovem \u00e9 se conhecer, dar-se conta de suas habilidades, seus gostos, seus dons. Em linguagem religiosa falamos fazer o discernimento e a op\u00e7\u00e3o vocacional a partir da f\u00e9. Cremos que no plano amoroso de Deus h\u00e1 um chamado para cada batizado. \u00c9 no di\u00e1logo de f\u00e9 que vai acontecendo o primeiro discernimento vocacional. Escolher bem permite viver uma vida mais realizada e feliz.<\/p>\n<p>Dados os primeiros passos, o processo formativo presbiteral vai direcionando os candidatos para a forma\u00e7\u00e3o mais espec\u00edfica que acontece no semin\u00e1rio maior. Numa vis\u00e3o de conjunto s\u00e3o trabalhadas cinco dimens\u00f5es. Em primeiro lugar, vem a dimens\u00e3o humana que \u00e9 o fundamento de toda forma\u00e7\u00e3o presbiteral. \u00c9 promover o crescimento integral do formando para atingir a maturidade necess\u00e1ria para o futuro exerc\u00edcio do minist\u00e9rio ordenado. Uma segunda dimens\u00e3o \u00e9 a comunit\u00e1ria capacitando para a conviv\u00eancia fraterna e ser l\u00edder de uma comunidade. A dimens\u00e3o espiritual leva a cultivar uma profunda comunh\u00e3o com Deus e o seguimento de Jesus Cristo. Alimentar-se de Deus para ser dispensador das gra\u00e7as divinas aos fi\u00e9is. A quarta dimens\u00e3o \u00e9 a pastoral-mission\u00e1ria, pois os chamados foram escolhidos e s\u00e3o enviados para conduzirem o povo de Deus, a exemplo de Jesus Cristo o Bom Pastor. A quinta dimens\u00e3o \u00e9 a forma\u00e7\u00e3o intelectual que se desenvolve normalmente atrav\u00e9s das faculdades de filosofia e de teologia. As dimens\u00f5es s\u00e3o desenvolvidas simult\u00e2nea e harmonicamente.<\/p>\n<p>A unidade da Igreja n\u00e3o \u00e9 feita s\u00f3 de boas inten\u00e7\u00f5es, mas \u00e9 feita atrav\u00e9s de instrumentos de trabalho, de ajuda m\u00fatua. A CNBB, ao elaborar conjuntamente as diretrizes, faz este exerc\u00edcio de comunh\u00e3o, de partilha e unidade no essencial.<\/p>\n","protected":false},"excerpt":{"rendered":"<p>No dia 20 de abril terminou a 56\u00aa Assembleia Geral da Confer\u00eancia Nacional dos Bispos do Brasil \u2013 CNBB &#8211; que teve como tema central a aprova\u00e7\u00e3o de \u201cDiretrizes para a forma\u00e7\u00e3o dos presb\u00edteros na Igreja do Brasil\u201d. S\u00e3o diretrizes que foram aprovadas, isto \u00e9, direcionamentos essenciais que devem ser seguidos em todos os Semin\u00e1rios [&hellip;]<\/p>\n","protected":false},"author":1,"featured_media":32780,"comment_status":"open","ping_status":"closed","sticky":false,"template":"","format":"standard","meta":{"footnotes":""},"categories":[9],"tags":[],"class_list":["post-40134","post","type-post","status-publish","format-standard","has-post-thumbnail","hentry","category-artigos"],"_links":{"self":[{"href":"https:\/\/catolicanet.net\/wp-cnet\/wp-json\/wp\/v2\/posts\/40134","targetHints":{"allow":["GET"]}}],"collection":[{"href":"https:\/\/catolicanet.net\/wp-cnet\/wp-json\/wp\/v2\/posts"}],"about":[{"href":"https:\/\/catolicanet.net\/wp-cnet\/wp-json\/wp\/v2\/types\/post"}],"author":[{"embeddable":true,"href":"https:\/\/catolicanet.net\/wp-cnet\/wp-json\/wp\/v2\/users\/1"}],"replies":[{"embeddable":true,"href":"https:\/\/catolicanet.net\/wp-cnet\/wp-json\/wp\/v2\/comments?post=40134"}],"version-history":[{"count":1,"href":"https:\/\/catolicanet.net\/wp-cnet\/wp-json\/wp\/v2\/posts\/40134\/revisions"}],"predecessor-version":[{"id":40135,"href":"https:\/\/catolicanet.net\/wp-cnet\/wp-json\/wp\/v2\/posts\/40134\/revisions\/40135"}],"wp:featuredmedia":[{"embeddable":true,"href":"https:\/\/catolicanet.net\/wp-cnet\/wp-json\/wp\/v2\/media\/32780"}],"wp:attachment":[{"href":"https:\/\/catolicanet.net\/wp-cnet\/wp-json\/wp\/v2\/media?parent=40134"}],"wp:term":[{"taxonomy":"category","embeddable":true,"href":"https:\/\/catolicanet.net\/wp-cnet\/wp-json\/wp\/v2\/categories?post=40134"},{"taxonomy":"post_tag","embeddable":true,"href":"https:\/\/catolicanet.net\/wp-cnet\/wp-json\/wp\/v2\/tags?post=40134"}],"curies":[{"name":"wp","href":"https:\/\/api.w.org\/{rel}","templated":true}]}}