{"id":4013,"date":"2014-01-21T16:02:31","date_gmt":"2014-01-21T18:02:31","guid":{"rendered":"http:\/\/catolicanet.net\/wp-cnet\/padre-e-religiosas-participam-de-projeto-missionario\/"},"modified":"2017-04-04T11:29:50","modified_gmt":"2017-04-04T14:29:50","slug":"padre-e-religiosas-participam-de-projeto-missionario","status":"publish","type":"post","link":"https:\/\/catolicanet.net\/wp-cnet\/padre-e-religiosas-participam-de-projeto-missionario\/","title":{"rendered":"Padre e religiosas participam de Projeto Mission\u00e1rio"},"content":{"rendered":"<p style=\"text-align: justify;\"><img decoding=\"async\" src=\"http:\/\/www.catolicanet.com.br\/images\/stories\/projetoamazonas2.jpg\" border=\"0\" align=\"left\" \/>Com a proposta de colaborar com a evangeliza\u00e7\u00e3o nas comunidades da Amaz\u00f4nia, tr\u00eas religiosas ser\u00e3o enviadas em miss\u00e3o pela arquidiocese de S\u00e3o Paulo. As consagradas: irm\u00e3s Isabel Patuzzo, da Congrega\u00e7\u00e3o Mission\u00e1rias da Imaculada; Julia Maria Peccim, dominicana de S\u00e3o Jos\u00e9 Ilanz;\u00a0 Luiza Ferreira da Silva, da Congrega\u00e7\u00e3o Sagrada Fam\u00edlia de Bordeaux participar\u00e3o do Projeto Mission\u00e1rio Sul 1 \u2013 Norte 1, a partir do dia 4 de fevereiro, na diocese de Tabatinga (AM).<\/p>\n<p>Tamb\u00e9m o p\u00e1roco da par\u00f3quia S\u00e3o Jos\u00e9 Oper\u00e1rio da regi\u00e3o Santana (SP), padre Fabiano de Souza Pereira, far\u00e1 miss\u00e3o na diocese de Castanhal (PA). Natural de Volta Redonda (RJ), o sacerdote pertence ao clero da arquidiocese de S\u00e3o Paulo e participa do projeto mission\u00e1rio pela primeira vez.<\/p>\n<p>Os mission\u00e1rios receber\u00e3o b\u00ean\u00e7\u00e3o de envio durante missa presidida pelo arcebispo de S\u00e3o Paulo, cardeal Odilo Scherer, e concelebrada pelo presidente do Conselho Mission\u00e1rio Regional (Comire), dom Vicente Costa, no dia 26 de janeiro, \u00e0s 11h, na Catedral da S\u00e9.<\/p>\n<p><strong>Comunh\u00e3o<\/strong><\/p>\n<p>O Projeto Mission\u00e1rio Sul 1 \u2013 Norte 1 nasceu em 1994, com iniciativa dos bispos do Estado de S\u00e3o Paulo, na gest\u00e3o de dom Eduardo Koaik. O objetivo \u00e9 estabelecer a comunh\u00e3o e colabora\u00e7\u00e3o com as igrejas na Amaz\u00f4nia. O Projeto conta com o apoio da Confer\u00eancia dos Religiosos do Brasil (CRB) e com a participa\u00e7\u00e3o de congrega\u00e7\u00f5es religiosas.<\/p>\n<p style=\"text-align: justify;\">\u00a0<\/p>\n<p style=\"text-align: justify;\"><strong>Local: Bras\u00edlia (DF)<br \/>Fonte: CNBB<\/strong><\/p>\n","protected":false},"excerpt":{"rendered":"<p>Com a proposta de colaborar com a evangeliza\u00e7\u00e3o nas comunidades da Amaz\u00f4nia, tr\u00eas religiosas ser\u00e3o enviadas em miss\u00e3o pela arquidiocese de S\u00e3o Paulo. As consagradas: irm\u00e3s Isabel Patuzzo, da Congrega\u00e7\u00e3o Mission\u00e1rias da Imaculada; Julia Maria Peccim, dominicana de S\u00e3o Jos\u00e9 Ilanz;\u00a0 Luiza Ferreira da Silva, da Congrega\u00e7\u00e3o Sagrada Fam\u00edlia de Bordeaux participar\u00e3o do Projeto Mission\u00e1rio [&hellip;]<\/p>\n","protected":false},"author":1,"featured_media":4012,"comment_status":"closed","ping_status":"closed","sticky":false,"template":"","format":"standard","meta":{"footnotes":""},"categories":[7],"tags":[],"class_list":["post-4013","post","type-post","status-publish","format-standard","has-post-thumbnail","hentry","category-cnbb"],"_links":{"self":[{"href":"https:\/\/catolicanet.net\/wp-cnet\/wp-json\/wp\/v2\/posts\/4013","targetHints":{"allow":["GET"]}}],"collection":[{"href":"https:\/\/catolicanet.net\/wp-cnet\/wp-json\/wp\/v2\/posts"}],"about":[{"href":"https:\/\/catolicanet.net\/wp-cnet\/wp-json\/wp\/v2\/types\/post"}],"author":[{"embeddable":true,"href":"https:\/\/catolicanet.net\/wp-cnet\/wp-json\/wp\/v2\/users\/1"}],"replies":[{"embeddable":true,"href":"https:\/\/catolicanet.net\/wp-cnet\/wp-json\/wp\/v2\/comments?post=4013"}],"version-history":[{"count":1,"href":"https:\/\/catolicanet.net\/wp-cnet\/wp-json\/wp\/v2\/posts\/4013\/revisions"}],"predecessor-version":[{"id":8998,"href":"https:\/\/catolicanet.net\/wp-cnet\/wp-json\/wp\/v2\/posts\/4013\/revisions\/8998"}],"wp:featuredmedia":[{"embeddable":true,"href":"https:\/\/catolicanet.net\/wp-cnet\/wp-json\/wp\/v2\/media\/4012"}],"wp:attachment":[{"href":"https:\/\/catolicanet.net\/wp-cnet\/wp-json\/wp\/v2\/media?parent=4013"}],"wp:term":[{"taxonomy":"category","embeddable":true,"href":"https:\/\/catolicanet.net\/wp-cnet\/wp-json\/wp\/v2\/categories?post=4013"},{"taxonomy":"post_tag","embeddable":true,"href":"https:\/\/catolicanet.net\/wp-cnet\/wp-json\/wp\/v2\/tags?post=4013"}],"curies":[{"name":"wp","href":"https:\/\/api.w.org\/{rel}","templated":true}]}}