{"id":40128,"date":"2018-04-19T15:22:03","date_gmt":"2018-04-19T18:22:03","guid":{"rendered":"http:\/\/catolicanet.net\/wp-cnet\/?p=40128"},"modified":"2018-04-19T15:22:03","modified_gmt":"2018-04-19T18:22:03","slug":"desconhecidos-lancam-bomba-molotov-em-templo-cristao-no-paquistao","status":"publish","type":"post","link":"https:\/\/catolicanet.net\/wp-cnet\/desconhecidos-lancam-bomba-molotov-em-templo-cristao-no-paquistao\/","title":{"rendered":"Desconhecidos lan\u00e7am bomba molotov em templo crist\u00e3o no Paquist\u00e3o"},"content":{"rendered":"<p>Um grupo de desconhecidos incendiou um templo evang\u00e9lico localizado na cidade de Shahdara, na prov\u00edncia de Punjab, no Paquist\u00e3o.<\/p>\n<p>Segundo a ag\u00eancia Fides, os delinquentes lan\u00e7aram uma \u201cbomba motolov artesanal\u201d em 15 de abril em um dos sal\u00f5es do templo, que pertence \u00e0 comunidade \u201cA miss\u00e3o Evangelho de Jesus\u201d, meia hora antes da aula de catequese.<\/p>\n<p>O local ainda estava sendo constru\u00eddo, mas j\u00e1 era usado para os cultos. Al\u00e9m disso, \u00e9 cercado por um muro.<\/p>\n<p>O pastor da comunidade, Yousaf Aziz John, assegurou \u00e0 Fides: \u201cn\u00e3o recebemos amea\u00e7as nem tivemos conflitos com ningu\u00e9m, este ato criminoso impressionou a todos\u201d.<\/p>\n<p>\u201cO fogo se espalhou rapidamente: queimou as esteiras, tapetes, cadeiras, m\u00f3veis, cruzes, livros sagrados como a B\u00edblia, textos de hinos, livros de catequese e temos que restaurar tudo dentro do local\u201d, manifestou.<\/p>\n<p>\u201cOs membros da comunidade choram ao ver a sua Igreja assim, rezamos pelos culpados e colocamos tudo nas m\u00e3os de Deus. Ele v\u00ea tudo e proteger\u00e1 o seu povo\u201d, continuou.<\/p>\n<p>John tamb\u00e9m disse a UCA News: \u201cSomos uma comunidade pobre e constru\u00edmos a casa de Deus com doa\u00e7\u00f5es\u201d e \u201cperdemos mais de 50.000 r\u00fapias (cerca de 430 d\u00f3lares). Exigimos um rem\u00e9dio imediato para as feridas de toda a comunidade crist\u00e3\u201d.<\/p>\n<p>Por sua parte, o Arcebispo de Karachi, Dom Joseph Coutts, condenou \u201ceste ato criminoso\u201d e expressou a sua \u201cpreocupa\u00e7\u00e3o pela prote\u00e7\u00e3o dos crist\u00e3os no Paquist\u00e3o\u201d, pois no dia 15 de abril, alguns desconhecidos tamb\u00e9m perpetraram um atentado em um bairro crist\u00e3o na cidade de Quetta, na prov\u00edncia paquistanesa de Baluchistan, que provocou a morte de duas pessoas e cinco ficaram feridas.<\/p>\n<p>\u201cConstatamos que os ataques contra as minorias religiosas est\u00e3o aumentando. O governo deve tomar medidas s\u00e9rias e n\u00e3o subestimar o fen\u00f4meno\u201d, indicou o Pe. Bonnie Mendes, sacerdote da diocese de Faisalabad.<\/p>\n<p>A ag\u00eancia Fides assinalou que a Comiss\u00e3o Nacional para a Justi\u00e7a e a Paz da Confer\u00eancia Episcopal do Paquist\u00e3o organizou, em 17 de abril, uma manifesta\u00e7\u00e3o nacional para expressar a solidariedade \u00e0s v\u00edtimas recentes e sensibilizar as autoridades.<\/p>\n<p>O delegado de Shahdara, Mohammad Waryam, disse \u00e0 Fides que \u201cn\u00f3s come\u00e7amos a investiga\u00e7\u00e3o, mas n\u00e3o h\u00e1 testemunhas\u201d.<\/p>\n<p>A igreja evang\u00e9lica incendiada est\u00e1 na mesma cidade o crist\u00e3o de 17 anos, Patras Masih, foi acusado conte\u00fado \u201cblasfemo\u201d no Facebook.<\/p>\n<p>Mais de tr\u00eas mil mu\u00e7ulmanos foram \u00e0s ruas para exigir sua pris\u00e3o e execu\u00e7\u00e3o p\u00fablica. Masih disse que alguns dias antes perdeu o seu celular e que qualquer pessoas poderia ter feito a publica\u00e7\u00e3o da qual o acusam.<\/p>\n<p>&nbsp;<\/p>\n<p>Fonte: Acidigital<\/p>\n","protected":false},"excerpt":{"rendered":"<p>Um grupo de desconhecidos incendiou um templo evang\u00e9lico localizado na cidade de Shahdara, na prov\u00edncia de Punjab, no Paquist\u00e3o. Segundo a ag\u00eancia Fides, os delinquentes lan\u00e7aram uma \u201cbomba motolov artesanal\u201d em 15 de abril em um dos sal\u00f5es do templo, que pertence \u00e0 comunidade \u201cA miss\u00e3o Evangelho de Jesus\u201d, meia hora antes da aula de [&hellip;]<\/p>\n","protected":false},"author":1,"featured_media":40129,"comment_status":"open","ping_status":"closed","sticky":false,"template":"","format":"standard","meta":{"footnotes":""},"categories":[4],"tags":[],"class_list":["post-40128","post","type-post","status-publish","format-standard","has-post-thumbnail","hentry","category-cotidiano"],"_links":{"self":[{"href":"https:\/\/catolicanet.net\/wp-cnet\/wp-json\/wp\/v2\/posts\/40128","targetHints":{"allow":["GET"]}}],"collection":[{"href":"https:\/\/catolicanet.net\/wp-cnet\/wp-json\/wp\/v2\/posts"}],"about":[{"href":"https:\/\/catolicanet.net\/wp-cnet\/wp-json\/wp\/v2\/types\/post"}],"author":[{"embeddable":true,"href":"https:\/\/catolicanet.net\/wp-cnet\/wp-json\/wp\/v2\/users\/1"}],"replies":[{"embeddable":true,"href":"https:\/\/catolicanet.net\/wp-cnet\/wp-json\/wp\/v2\/comments?post=40128"}],"version-history":[{"count":1,"href":"https:\/\/catolicanet.net\/wp-cnet\/wp-json\/wp\/v2\/posts\/40128\/revisions"}],"predecessor-version":[{"id":40130,"href":"https:\/\/catolicanet.net\/wp-cnet\/wp-json\/wp\/v2\/posts\/40128\/revisions\/40130"}],"wp:featuredmedia":[{"embeddable":true,"href":"https:\/\/catolicanet.net\/wp-cnet\/wp-json\/wp\/v2\/media\/40129"}],"wp:attachment":[{"href":"https:\/\/catolicanet.net\/wp-cnet\/wp-json\/wp\/v2\/media?parent=40128"}],"wp:term":[{"taxonomy":"category","embeddable":true,"href":"https:\/\/catolicanet.net\/wp-cnet\/wp-json\/wp\/v2\/categories?post=40128"},{"taxonomy":"post_tag","embeddable":true,"href":"https:\/\/catolicanet.net\/wp-cnet\/wp-json\/wp\/v2\/tags?post=40128"}],"curies":[{"name":"wp","href":"https:\/\/api.w.org\/{rel}","templated":true}]}}