{"id":40122,"date":"2018-04-19T15:00:42","date_gmt":"2018-04-19T18:00:42","guid":{"rendered":"http:\/\/catolicanet.net\/wp-cnet\/?p=40122"},"modified":"2018-04-19T15:00:42","modified_gmt":"2018-04-19T18:00:42","slug":"ajuda-a-igreja-que-sofre-nomeia-novo-presidente-executivo-internacional","status":"publish","type":"post","link":"https:\/\/catolicanet.net\/wp-cnet\/ajuda-a-igreja-que-sofre-nomeia-novo-presidente-executivo-internacional\/","title":{"rendered":"Ajuda \u00e0 Igreja que Sofre nomeia novo presidente executivo internacional"},"content":{"rendered":"<p>Thomas Heine-Geldern foi nomeado o novo presidente executivo internacional da Funda\u00e7\u00e3o Pontif\u00edcia Ajuda \u00e0 Igreja que Sofre (ACN), substituindo Johannes Heereman.<\/p>\n<p>Heine-Geldern tem 66 anos, anteriormente trabalhou como presidente do conselho de administra\u00e7\u00e3o do secretariado da ACN na \u00c1ustria. A sua nomea\u00e7\u00e3o foi anunciada publicamente durante uma cerim\u00f4nia realizada na sede internacional em K\u00f6nigstein, na Alemanha.<\/p>\n<p>Thomas Heine-Geldern \u00e9 casado h\u00e1 mais de 40 anos e tem quatro filhos, durante o seu discurso disse que \u201ca f\u00e9, a energia, a serenidade e a confian\u00e7a em Deus\u201d do seu antecessor ser\u00e3o um modelo para a sua lideran\u00e7a da Funda\u00e7\u00e3o.<\/p>\n<p>Do mesmo modo, ele se referiu ao \u201cpapel da ACN como uma ponte de amor e ora\u00e7\u00e3o. A Funda\u00e7\u00e3o \u00e9 uma ponte entre a comunidade de benfeitores em todo o mundo e os seus parceiros de projeto em mais de 140 pa\u00edses\u201d, afirmou.<\/p>\n<p>Acrescentou que n\u00e3o considera o trabalho da ACN uma rua de m\u00e3o \u00fanica, mas uma s\u00edntese entre a ajuda profissional \u00e0 Igreja que sofre e o testemunho pessoal por Cristo. Nesse sentido, todo doador contribui para a evangeliza\u00e7\u00e3o.<\/p>\n<p>Heine-Geldern disse que a Funda\u00e7\u00e3o segue o princ\u00edpio de \u201cagir como se tudo dependesse de n\u00f3s; confiar como se tudo dependesse de Deus\u201d, fazendo refer\u00eancia \u00e0s palavras de Santo In\u00e1cio de Loyola; e destacou entre os principais projetos da ACN o apoio aos crist\u00e3os que foram perseguidos pelo Estado Isl\u00e2mico no Iraque e na S\u00edria desde 2014.<\/p>\n<p>Em uma nota, a ACN indicou que desde ent\u00e3o \u201cmais de 40 milh\u00f5es de euros para projetos de ajuda de emerg\u00eancia, assist\u00eancia pastoral e reconstru\u00e7\u00e3o no Iraque\u201d.<\/p>\n<p>Por sua parte, o presidente da Funda\u00e7\u00e3o, Cardeal Mauro Piacenza, agradeceu Johannes Heereman pelos sete anos como presidente da Ajuda \u00e0 Igreja que Sofre, fundada h\u00e1 70 anos pelo Padre Werenfried van Straaten.<\/p>\n<p>&nbsp;<\/p>\n<p>Fonte: Acidigital<\/p>\n","protected":false},"excerpt":{"rendered":"<p>Thomas Heine-Geldern foi nomeado o novo presidente executivo internacional da Funda\u00e7\u00e3o Pontif\u00edcia Ajuda \u00e0 Igreja que Sofre (ACN), substituindo Johannes Heereman. Heine-Geldern tem 66 anos, anteriormente trabalhou como presidente do conselho de administra\u00e7\u00e3o do secretariado da ACN na \u00c1ustria. A sua nomea\u00e7\u00e3o foi anunciada publicamente durante uma cerim\u00f4nia realizada na sede internacional em K\u00f6nigstein, na [&hellip;]<\/p>\n","protected":false},"author":1,"featured_media":40123,"comment_status":"open","ping_status":"closed","sticky":false,"template":"","format":"standard","meta":{"footnotes":""},"categories":[13],"tags":[],"class_list":["post-40122","post","type-post","status-publish","format-standard","has-post-thumbnail","hentry","category-featured"],"_links":{"self":[{"href":"https:\/\/catolicanet.net\/wp-cnet\/wp-json\/wp\/v2\/posts\/40122","targetHints":{"allow":["GET"]}}],"collection":[{"href":"https:\/\/catolicanet.net\/wp-cnet\/wp-json\/wp\/v2\/posts"}],"about":[{"href":"https:\/\/catolicanet.net\/wp-cnet\/wp-json\/wp\/v2\/types\/post"}],"author":[{"embeddable":true,"href":"https:\/\/catolicanet.net\/wp-cnet\/wp-json\/wp\/v2\/users\/1"}],"replies":[{"embeddable":true,"href":"https:\/\/catolicanet.net\/wp-cnet\/wp-json\/wp\/v2\/comments?post=40122"}],"version-history":[{"count":1,"href":"https:\/\/catolicanet.net\/wp-cnet\/wp-json\/wp\/v2\/posts\/40122\/revisions"}],"predecessor-version":[{"id":40124,"href":"https:\/\/catolicanet.net\/wp-cnet\/wp-json\/wp\/v2\/posts\/40122\/revisions\/40124"}],"wp:featuredmedia":[{"embeddable":true,"href":"https:\/\/catolicanet.net\/wp-cnet\/wp-json\/wp\/v2\/media\/40123"}],"wp:attachment":[{"href":"https:\/\/catolicanet.net\/wp-cnet\/wp-json\/wp\/v2\/media?parent=40122"}],"wp:term":[{"taxonomy":"category","embeddable":true,"href":"https:\/\/catolicanet.net\/wp-cnet\/wp-json\/wp\/v2\/categories?post=40122"},{"taxonomy":"post_tag","embeddable":true,"href":"https:\/\/catolicanet.net\/wp-cnet\/wp-json\/wp\/v2\/tags?post=40122"}],"curies":[{"name":"wp","href":"https:\/\/api.w.org\/{rel}","templated":true}]}}