{"id":40114,"date":"2018-04-19T11:50:32","date_gmt":"2018-04-19T14:50:32","guid":{"rendered":"http:\/\/catolicanet.net\/wp-cnet\/?p=40114"},"modified":"2018-04-19T11:50:32","modified_gmt":"2018-04-19T14:50:32","slug":"psicologa-adverte-sofrimento-de-homens-e-mulheres-apos-aborto","status":"publish","type":"post","link":"https:\/\/catolicanet.net\/wp-cnet\/psicologa-adverte-sofrimento-de-homens-e-mulheres-apos-aborto\/","title":{"rendered":"Psic\u00f3loga adverte sofrimento de homens e mulheres ap\u00f3s aborto"},"content":{"rendered":"<p>Durante o debate parlamentar sobre o aborto na Argentina, Mariana Kappelmayer, psic\u00f3loga que se dedica ao acompanhamento p\u00f3s-aborto, denunciou alguns traumas que homens e mulheres vivem depois de escolher acabar com a vida do seu filho.<\/p>\n<p>\u201cQuando eu me aproximei desta tarefa n\u00e3o podia imaginar o que significaria acompanhar a dor de uma m\u00e3e ou de um pai que decidiu abortar, \u00e9 contemplar a fragilidade do ser humano\u201d, assinalou Kappelmayer em uma coluna de opini\u00e3o no jornal \u2018El Clar\u00edn\u2019.<\/p>\n<p>Em seu trabalho de acompanhamento p\u00f3s-aborto no Projeto Esperan\u00e7a, Kappelmayer disse que \u00e9 \u201ctestemunha de hist\u00f3rias cheias de dor, solid\u00e3o e sil\u00eancio. \u00c9 comprovar o fracasso de uma sociedade que n\u00e3o consegue suportar as realidades mais dif\u00edceis\u201d.<\/p>\n<p>Afirmou que investiga\u00e7\u00e3o a n\u00edvel mundial confirmam que o aborto provoca \u201cperturba\u00e7\u00f5es graves\u201d no desenvolvimento pessoal e afetivo, e advertiu a respeito da grande desinforma\u00e7\u00e3o sobre os efeitos nestas \u201csegundas v\u00edtimas\u201d porque o aborto \u201cn\u00e3o tem apenas uma v\u00edtima, mas duas ou mais, considerando a m\u00e3e e o pai, que tamb\u00e9m ficam feridos\u201d.<\/p>\n<p>Kappelmayer assegurou que \u201cno mais profundo de si, nenhuma mulher quer abortar\u201d, entretanto, ao estar submetidas a grandes press\u00f5es \u201cignoraram esta voz interior e acabam com a vida do seu filho, machucando a si pr\u00f3prias\u201d.<\/p>\n<p>\u201cO aborto \u00e9 sempre uma experi\u00eancia traum\u00e1tica que provoca a morte intencional do outro; neste caso, a morte de um filho, e transgrede os normas naturais de funcionamento humano\u201d, disse ele.<\/p>\n<p>Em rela\u00e7\u00e3o ao trauma p\u00f3s-aborto, a psic\u00f3loga explicou que se manifesta como um \u201cconjunto de sintomas f\u00edsicos, psicol\u00f3gicos e espirituais, que comp\u00f5em um quadro de estresse p\u00f3s-traum\u00e1tico com caracter\u00edsticas espec\u00edficas\u201d.<\/p>\n<p>Consequentemente pode causar \u201cenxaquecas, altera\u00e7\u00f5es do biorritmo, irritabilidade, d\u00e9ficit de energia, instabilidade mental, obsess\u00f5es, disfun\u00e7\u00f5es sexuais, depress\u00e3o, baixa autoestima, abuso de subst\u00e2ncias, culpabilidade, tristeza, e em muitos casos as pessoas perdem a vontade de viver\u201d.<\/p>\n<p>O que acontece depois do aborto \u00e9 um trauma, porque \u201cpara poder acabar com a vida de um filho, primeiro \u00e9 necess\u00e1rio desumaniz\u00e1-lo, reduzi-lo a um monte de c\u00e9lulas\u201d.<\/p>\n<p>\u201cNegar a sua exist\u00eancia e a sua natureza, dificulta a elabora\u00e7\u00e3o do luto e causa o aparecimento de mecanismos de defesa que tentam impedir o sofrimento. O dano se intensifica, quando estes mecanismos se transladam a outros v\u00ednculos, prejudicando o casal, as rela\u00e7\u00f5es com os outros filhos e com o meio ambiente\u201d, explicou Kappelmayer.<\/p>\n<p>Nesse sentido, no Projeto \u2018Esperanza\u2019, a tarefa dos acompanhantes \u00e9 \u201cajudar os afetados a refazer este caminho de desumaniza\u00e7\u00e3o, atrav\u00e9s de um processo de cura e restaura\u00e7\u00e3o de todas as rela\u00e7\u00f5es\u201d.<\/p>\n<p>\u201cPara isso ser\u00e1 necess\u00e1rio libertar a raiva e a dor que est\u00e3o reprimidas, e passar pelo luto desta \u2018pessoa\u2019, n\u00e3o desta \u2018coisa\u2019\u201d, sublinhou.<\/p>\n<p>No processo de cura, o primeiro passo ser\u00e1 reconhecer que com o aborto \u201cn\u00e3o se perdeu a gravidez\u201d, mas se perdeu \u201cum filho, um neto, um sobrinho&#8230; uma pessoa que estava se desenvolvendo, que por meio da sua exist\u00eancia, estabeleceu uma liga\u00e7\u00e3o biol\u00f3gica e afetiva com essa m\u00e3e\u201d.<\/p>\n<p>&#8220;Somente restabelecendo esta rela\u00e7\u00e3o, &#8216;reumanizando este beb\u00ea&#8217;, os pais podem conseguir\u00e3o recuperar a esperan\u00e7a, e renovar o seu projeto de vida\u201d, assegurou a psic\u00f3loga do Projeto Esperan\u00e7a.<\/p>\n<p>Kappelmayer advertiu que a n\u00edvel legal, as pessoas que ignorarem esta realidade \u201cestar\u00e3o colaborando na institui\u00e7\u00e3o da desumaniza\u00e7\u00e3o, como um modo de resolver os problemas, enfraquecendo o papel da fam\u00edlia, e adormecendo o mais pr\u00f3prio do ser humano\u201d.<\/p>\n<p>&nbsp;<\/p>\n<p>Fonte: Acidigital<\/p>\n","protected":false},"excerpt":{"rendered":"<p>Durante o debate parlamentar sobre o aborto na Argentina, Mariana Kappelmayer, psic\u00f3loga que se dedica ao acompanhamento p\u00f3s-aborto, denunciou alguns traumas que homens e mulheres vivem depois de escolher acabar com a vida do seu filho. \u201cQuando eu me aproximei desta tarefa n\u00e3o podia imaginar o que significaria acompanhar a dor de uma m\u00e3e ou [&hellip;]<\/p>\n","protected":false},"author":1,"featured_media":40115,"comment_status":"open","ping_status":"closed","sticky":false,"template":"","format":"standard","meta":{"footnotes":""},"categories":[4],"tags":[],"class_list":["post-40114","post","type-post","status-publish","format-standard","has-post-thumbnail","hentry","category-cotidiano"],"_links":{"self":[{"href":"https:\/\/catolicanet.net\/wp-cnet\/wp-json\/wp\/v2\/posts\/40114","targetHints":{"allow":["GET"]}}],"collection":[{"href":"https:\/\/catolicanet.net\/wp-cnet\/wp-json\/wp\/v2\/posts"}],"about":[{"href":"https:\/\/catolicanet.net\/wp-cnet\/wp-json\/wp\/v2\/types\/post"}],"author":[{"embeddable":true,"href":"https:\/\/catolicanet.net\/wp-cnet\/wp-json\/wp\/v2\/users\/1"}],"replies":[{"embeddable":true,"href":"https:\/\/catolicanet.net\/wp-cnet\/wp-json\/wp\/v2\/comments?post=40114"}],"version-history":[{"count":1,"href":"https:\/\/catolicanet.net\/wp-cnet\/wp-json\/wp\/v2\/posts\/40114\/revisions"}],"predecessor-version":[{"id":40116,"href":"https:\/\/catolicanet.net\/wp-cnet\/wp-json\/wp\/v2\/posts\/40114\/revisions\/40116"}],"wp:featuredmedia":[{"embeddable":true,"href":"https:\/\/catolicanet.net\/wp-cnet\/wp-json\/wp\/v2\/media\/40115"}],"wp:attachment":[{"href":"https:\/\/catolicanet.net\/wp-cnet\/wp-json\/wp\/v2\/media?parent=40114"}],"wp:term":[{"taxonomy":"category","embeddable":true,"href":"https:\/\/catolicanet.net\/wp-cnet\/wp-json\/wp\/v2\/categories?post=40114"},{"taxonomy":"post_tag","embeddable":true,"href":"https:\/\/catolicanet.net\/wp-cnet\/wp-json\/wp\/v2\/tags?post=40114"}],"curies":[{"name":"wp","href":"https:\/\/api.w.org\/{rel}","templated":true}]}}