{"id":40079,"date":"2018-04-18T12:47:45","date_gmt":"2018-04-18T15:47:45","guid":{"rendered":"http:\/\/catolicanet.net\/wp-cnet\/?p=40079"},"modified":"2018-04-18T12:47:45","modified_gmt":"2018-04-18T15:47:45","slug":"cardeal-tauran-na-arabia-saudita-a-religiao-e-o-que-uma-pessoa-tem-de-mais-precioso","status":"publish","type":"post","link":"https:\/\/catolicanet.net\/wp-cnet\/cardeal-tauran-na-arabia-saudita-a-religiao-e-o-que-uma-pessoa-tem-de-mais-precioso\/","title":{"rendered":"Cardeal Tauran na Ar\u00e1bia Saudita: a religi\u00e3o \u00e9 o que uma pessoa tem de mais precioso"},"content":{"rendered":"<div class=\"article__subTitle\">A delega\u00e7\u00e3o vaticana ficar\u00e1 at\u00e9 a pr\u00f3xima sexta-feira 20, no reino saudita.<\/div>\n<div class=\"title__separator\"><\/div>\n<div class=\"article__text\">\n<p><b>Cidade do Vaticano<\/b><\/p>\n<p>\u201cO que nos amea\u00e7a n\u00e3o \u00e9 o choque de civiliza\u00e7\u00f5es, mas o choque de ignor\u00e2ncias e radicalismos. Conhecer-se \u00e9 reconhecer-se\u201d. S\u00e3o palavras do cardeal Jean-Louis Tauran, presidente do Pontif\u00edcio Conselho para o Di\u00e1logo Inter-religioso, durante o encontro com o xeque Muhammad Abdul Karim Al-Issa, Secret\u00e1rio-geral da Liga Mu\u00e7ulmana Mundial (LMM).<\/p>\n<p>Ao chegar a Riad na \u00faltima sexta-feira (13\/04), o cardeal foi recebido pelo pr\u00edncipe Mohammed bin Abdurrahman bin Abdulaziz, vice-governador da capital e pelo pr\u00f3prio secret\u00e1rio da LMM. Tamb\u00e9m estava presente o bispo secret\u00e1rio do dicast\u00e9rio, o comboniano dom Miguel \u00c1ngel Ayuso Guixot, vindo de Nair\u00f3bi. A delega\u00e7\u00e3o vaticana, da qual faz parte tamb\u00e9m mons. Khaled Akasheh, do departamento do Isl\u00e3, ficar\u00e1 at\u00e9 a pr\u00f3xima sexta-feira 20, no reino saudita, terra natal do Isl\u00e3 e onde est\u00e3o os dois mais importantes lugares sagrados dos mu\u00e7ulmanos, a Meca e a Medina. Durante a sua perman\u00eancia o card. Tauran encontrou tamb\u00e9m um grande n\u00famero de crist\u00e3os que aqui se encontram a trabalho, dirigindo-lhes palavras de encorajamento.<\/p>\n<h2><b>A hospitalidade espiritual promove a amizade e contrasta os preconceitos<\/b><\/h2>\n<p>Durante a reuni\u00e3o com o secret\u00e1rio-geral da LMM falou-se de encontros anteriores em Roma, em 21 de setembro de 2017, com o Papa Francisco e com o pr\u00f3prio Pontif\u00edcio Conselho para o Di\u00e1logo Inter-religioso. O cardeal Tauran, por sua vez, recordou que os lugares sagrados crist\u00e3os, \u201cna Terra Santa, em Roma ou em outros lugares, assim como os numerosos santu\u00e1rios em v\u00e1rias partes do mundo\u201d, est\u00e3o \u201csempre abertos a todos nossos irm\u00e3os e irm\u00e3s mu\u00e7ulmanos, para os fi\u00e9is de outras religi\u00f5es e tamb\u00e9m a todas as pessoas de boa vontade que n\u00e3o professam qualquer religi\u00e3o\u201d.<\/p>\n<p>Tamb\u00e9m acrescentou, \u201cem muitos pa\u00edses, as mesquitas est\u00e3o abertas a visitantes\u201d e \u201cisto \u00e9 o tipo de hospitalidade espiritual que ajuda a promover o conhecimento m\u00fatuo e a amizade, contrastando os preconceitos\u201d. Falando disso o cardeal recordou que \u201ca religi\u00e3o \u00e9 o que uma pessoa tem de mais precioso. \u00c9 por isso que alguns, quando s\u00e3o chamados a escolher entre conservar a f\u00e9 e manter a vida, preferem pagar o alto pre\u00e7o da vida: s\u00e3o os m\u00e1rtires de todas as religi\u00f5es e de todos os tempos\u201d.<\/p>\n<h2><b>O cardeal falou sobre fundamentalismo<\/b><\/h2>\n<p>\u201cEm todas as religi\u00f5es \u2013 afirmou \u2013 h\u00e1 radicalismos. Talvez os fundamentalistas e os extremistas sejam pessoas zelosas, que por\u00e9m, infelizmente, se desviaram de uma compreens\u00e3o s\u00f3lida e s\u00e1bia da religi\u00e3o. Al\u00e9m disso, consideram todos os que n\u00e3o compartilham de sua vis\u00e3o como infi\u00e9is\u201d, que \u201cdevem se converter ou ser eliminados, para assim manter a pureza\u201d. S\u00e3o pessoas confusas que \u201cpodem passar facilmente \u00e0 viol\u00eancia em nome da religi\u00e3o, incluindo o terrorismo. S\u00e3o convencidas, pela lavagem cerebral, de que est\u00e3o servindo a Deus. A verdade \u00e9 que est\u00e3o somente fazendo mal a si mesmas, destruindo os outros, destruindo a imagem da sua religi\u00e3o e dos seus correligion\u00e1rios\u201d. Por isso, \u201cprecisam da nossa ora\u00e7\u00e3o e da nossa ajuda\u201d.<\/p>\n<h2><b>Regras comuns para a constru\u00e7\u00e3o de lugares de culto<\/b><\/h2>\n<p>Depois de esclarecer que \u201ca religi\u00e3o pode ser proposta, jamais imposta, e tamb\u00e9m aceita ou recusada\u201d, o cardeal Tauran falou que \u201cum dos campos em que crist\u00e3os e mu\u00e7ulmanos devem estar de acordo j\u00e1 que no passado houve muita competi\u00e7\u00e3o entre as duas comunidades\u201d, \u00e9 o \u201cdas regras comuns para a constru\u00e7\u00e3o de lugares de culto\u201d. De fato, \u201ctodas as religi\u00f5es devem ser tratadas do mesmo modo, sem discrimina\u00e7\u00f5es, porque seus seguidores, assim como os cidad\u00e3os que n\u00e3o professam nenhuma religi\u00e3o devem ser tratados do mesmo modo\u201d, evidenciou aludindo ao tema sempre atual da \u201cplena cidadania\u201d para todos. Mesmo porque \u201cse n\u00e3o eliminarmos medidas desiguais do nosso comportamento como crentes, institui\u00e7\u00f5es religiosas e organiza\u00e7\u00f5es, alimentaremos a islamofobia e o anticristianismo\u201d. Neste contexto, relevou o cardeal Tauran, \u201cos l\u00edderes espirituais t\u00eam um dever: evitar que as religi\u00f5es estejam a servi\u00e7o de uma ideologia\u201d, e saber \u201creconhecer que alguns nossos correligion\u00e1rios, como os terroristas, n\u00e3o est\u00e3o se comportando corretamente. O terrorismo \u00e9 uma amea\u00e7a constante, por isso temos que ser claros e n\u00e3o justific\u00e1-lo jamais. Os terrorismos querem demonstrar a impossibilidade de conviv\u00eancia. N\u00f3s acreditamos no exato contr\u00e1rio. Devemos evitar a agress\u00e3o e a difama\u00e7\u00f5es\u201d.<\/p>\n<h2><b>Deus, que nos criou, n\u00e3o seja motivo de divis\u00e3o, mas de unidade<\/b><\/h2>\n<p>O pluralismo religioso \u201c\u00e9 um convite a refletir sobre a nossa f\u00e9, porque todo o di\u00e1logo inter-religioso aut\u00eantico inicia com a proclama\u00e7\u00e3o da pr\u00f3pria f\u00e9. N\u00e3o podemos dizer que todas as religi\u00f5es s\u00e3o iguais, mas que todos os crentes, os que buscam Deus e todas as pessoas de boa vontade sem uma filia\u00e7\u00e3o religiosa, t\u00eam a mesma dignidade. Cada um deve ser deixado livre para abra\u00e7ar a religi\u00e3o que quiser\u201d. Destas palavras a exorta\u00e7\u00e3o conclusiva a unir o empenho \u201cpara que Deus, que nos criou, n\u00e3o seja motivo de divis\u00e3o, mas de unidade\u201d.<\/p>\n<\/div>\n<p>Fonte: R\u00e1dio Vaticano<\/p>\n","protected":false},"excerpt":{"rendered":"<p>A delega\u00e7\u00e3o vaticana ficar\u00e1 at\u00e9 a pr\u00f3xima sexta-feira 20, no reino saudita. Cidade do Vaticano \u201cO que nos amea\u00e7a n\u00e3o \u00e9 o choque de civiliza\u00e7\u00f5es, mas o choque de ignor\u00e2ncias e radicalismos. Conhecer-se \u00e9 reconhecer-se\u201d. S\u00e3o palavras do cardeal Jean-Louis Tauran, presidente do Pontif\u00edcio Conselho para o Di\u00e1logo Inter-religioso, durante o encontro com o xeque [&hellip;]<\/p>\n","protected":false},"author":1,"featured_media":40080,"comment_status":"open","ping_status":"closed","sticky":false,"template":"","format":"standard","meta":{"footnotes":""},"categories":[3],"tags":[],"class_list":["post-40079","post","type-post","status-publish","format-standard","has-post-thumbnail","hentry","category-vaticano"],"_links":{"self":[{"href":"https:\/\/catolicanet.net\/wp-cnet\/wp-json\/wp\/v2\/posts\/40079","targetHints":{"allow":["GET"]}}],"collection":[{"href":"https:\/\/catolicanet.net\/wp-cnet\/wp-json\/wp\/v2\/posts"}],"about":[{"href":"https:\/\/catolicanet.net\/wp-cnet\/wp-json\/wp\/v2\/types\/post"}],"author":[{"embeddable":true,"href":"https:\/\/catolicanet.net\/wp-cnet\/wp-json\/wp\/v2\/users\/1"}],"replies":[{"embeddable":true,"href":"https:\/\/catolicanet.net\/wp-cnet\/wp-json\/wp\/v2\/comments?post=40079"}],"version-history":[{"count":1,"href":"https:\/\/catolicanet.net\/wp-cnet\/wp-json\/wp\/v2\/posts\/40079\/revisions"}],"predecessor-version":[{"id":40081,"href":"https:\/\/catolicanet.net\/wp-cnet\/wp-json\/wp\/v2\/posts\/40079\/revisions\/40081"}],"wp:featuredmedia":[{"embeddable":true,"href":"https:\/\/catolicanet.net\/wp-cnet\/wp-json\/wp\/v2\/media\/40080"}],"wp:attachment":[{"href":"https:\/\/catolicanet.net\/wp-cnet\/wp-json\/wp\/v2\/media?parent=40079"}],"wp:term":[{"taxonomy":"category","embeddable":true,"href":"https:\/\/catolicanet.net\/wp-cnet\/wp-json\/wp\/v2\/categories?post=40079"},{"taxonomy":"post_tag","embeddable":true,"href":"https:\/\/catolicanet.net\/wp-cnet\/wp-json\/wp\/v2\/tags?post=40079"}],"curies":[{"name":"wp","href":"https:\/\/api.w.org\/{rel}","templated":true}]}}