{"id":40029,"date":"2018-04-17T10:03:42","date_gmt":"2018-04-17T13:03:42","guid":{"rendered":"http:\/\/catolicanet.net\/wp-cnet\/?p=40029"},"modified":"2018-04-17T10:04:40","modified_gmt":"2018-04-17T13:04:40","slug":"papa-o-profeta-e-um-homem-de-esperanca","status":"publish","type":"post","link":"https:\/\/catolicanet.net\/wp-cnet\/papa-o-profeta-e-um-homem-de-esperanca\/","title":{"rendered":"Papa: o profeta \u00e9 um homem de esperan\u00e7a"},"content":{"rendered":"<div class=\"article__subTitle\">&#8220;Um verdadeiro profeta \u00e9 aquele que \u00e9 capaz de chorar por seu povo e tamb\u00e9m de dizer as coisas fortes quando for necess\u00e1rio. N\u00e3o \u00e9 morno, \u00e9 sempre assim, direto\u201d, disse o Papa Francisco, na homilia da Missa celebrada na manh\u00e3 desta ter\u00e7a-feira, na Capela da Casa Santa Marta<\/div>\n<div class=\"title__separator\"><\/div>\n<div class=\"article__text\">\n<p><b>Cidade do Vaticano<\/b><\/p>\n<p>\u201cInsens\u00edveis e incircuncisos de cora\u00e7\u00e3o e ouvido! V\u00f3s sempre resististes ao Esp\u00edrito Santo e como vossos pais agiram, assim fazeis v\u00f3s!\u201d<\/p>\n<p>Est\u00eav\u00e3o, o primeiro m\u00e1rtir da Igreja, assim acusava o povo, os anci\u00e3os e os escribas que o haviam levado ao tribunal. Tinham o cora\u00e7\u00e3o fechado, n\u00e3o queriam ouvi-lo e n\u00e3o recordavam mais a hist\u00f3ria de Israel.<\/p>\n<p>O Papa Francisco repassa estes acontecimentos narrados no Livro dos Atos dos Ap\u00f3stolos, na leitura proposta pela liturgia do dia.<\/p>\n<p>E como os profetas foram perseguidos por seus pais, assim estes anci\u00e3os e escribas \u201cenfurecidos em seus cora\u00e7\u00f5es, rangem os dentes contra Est\u00eav\u00e3o e arrastaram-no para fora da cidade e come\u00e7aram a apedrej\u00e1-lo\u201d.<\/p>\n<p>E o Papa comenta, que \u201cquando o profeta chega \u00e0 verdade e toca o cora\u00e7\u00e3o, ou cora\u00e7\u00e3o se abre ou o cora\u00e7\u00e3o torna-se mais pedra, desencadeando a raiva, a persegui\u00e7\u00e3o\u201d. \u201cAssim acaba a vida de um profeta\u201d.<\/p>\n<p>A verdade, tantas vezes inc\u00f4moda, n\u00e3o \u00e9 agrad\u00e1vel de ser ouvida. Neste sentido, Francisco recorda que \u201cos profetas sempre tiveram estes problemas de persegui\u00e7\u00e3o por dizer a verdade\u201d:<\/p>\n<p><i>\u201cMas para mim, qual \u00e9 o teste de que um profeta, quando fala forte, diz a verdade? \u00c9 quando este profeta \u00e9 capaz n\u00e3o somente de dizer, mas de chorar sobre o povo que abandonou a verdade. E Jesus, por um lado repreende com aquelas palavras duras: \u201cgera\u00e7\u00e3o perversa e ad\u00faltera\u201d,\u00a0 diz por exemplo. Por outro, chora sobre Jerusal\u00e9m. Este \u00e9 o teste. Um verdadeiro profeta \u00e9 aquele que \u00e9 capaz de chorar por seu povo e tamb\u00e9m de dizer as coisas fortes quando for necess\u00e1rio. N\u00e3o \u00e9 morno, \u00e9 sempre assim, direto\u201d.<\/i><\/p>\n<p>Mas o verdadeiro profeta n\u00e3o \u00e9 um \u201cprofeta das desventuras\u201d, precisa Francisco. O verdadeiro profeta \u00e9 um profeta de esperan\u00e7a:<\/p>\n<p><i>\u201cAbrir portas, curar as ra\u00edzes, curar a perten\u00e7a ao povo de Deus para seguir em frente. N\u00e3o \u00e9 por of\u00edcio um repreensor\u2026.n\u00e3o! \u00c9 um homem de esperan\u00e7a. Repreende quando \u00e9 necess\u00e1rio e abre as portas olhando o horizonte da esperan\u00e7a. Mas o verdadeiro profeta, se desempenha bem a sua miss\u00e3o, arrisca a pr\u00f3pria pele\u201d.<\/i><\/p>\n<p>Assim com Est\u00eav\u00e3o, que morre sob os olhos de Saulo, por ser coerente com a verdade. E o Papa cita uma frase de um dos primeiros Padres da Igreja: \u201cO sangue dos m\u00e1rtires \u00e9 semente de novos crist\u00e3os\u201d:<\/p>\n<p><i>\u201cA Igreja tem necessidade dos profetas. E diria mais: tem necessidade de que todos n\u00f3s sejamos profetas. N\u00e3o cr\u00edticos, isto \u00e9 outra coisa. Uma coisa \u00e9 sempre o juiz cr\u00edtico, ao qual nada lhe agrada, nenhuma coisa lhe agrada.: \u201cN\u00e3o, isto n\u00e3o est\u00e1 certo, n\u00e3o est\u00e1 bem, n\u00e3o est\u00e1 bem, n\u00e3o est\u00e1 certo, isto deve ser assim\u2026\u201d Este n\u00e3o \u00e9 um profeta. O profeta \u00e9 aquele que reza, olha para Deus, olha para seu povo, sente dor quando o povo erra, chora \u2013 \u00e9 capaz de chorar pelo povo \u2013 mas \u00e9 tamb\u00e9m capaz de arriscar a pr\u00f3pria pele para dizer a verdade\u201d.<\/i><\/p>\n<p>\u201cQue n\u00e3o falte \u00e0 Igreja \u2013 conclui o Papa \u2013 este servi\u00e7o da profecia, para seguir sempre em frente\u201d.<\/p>\n<div>\n<div class=\"article__embed article__embed--unwrap article__embed--dark\">\n<div class=\"article__innerTitle\">Ou\u00e7a e compartilhe!<\/div>\n<!--[if lt IE 9]><script>document.createElement('audio');<\/script><![endif]-->\n<audio class=\"wp-audio-shortcode\" id=\"audio-40029-1\" preload=\"none\" style=\"width: 100%;\" controls=\"controls\"><source type=\"audio\/mpeg\" src=\"https:\/\/media.vaticannews.va\/media\/audio\/s1\/2018\/4\/17\/10\/134386421_F134386421.mp3?_=1\" \/><a href=\"https:\/\/media.vaticannews.va\/media\/audio\/s1\/2018\/4\/17\/10\/134386421_F134386421.mp3\">https:\/\/media.vaticannews.va\/media\/audio\/s1\/2018\/4\/17\/10\/134386421_F134386421.mp3<\/a><\/audio>\n<p>Fonte: R\u00e1dio Vaticano<\/p>\n<\/div>\n<\/div>\n<p>&nbsp;<\/p>\n<p>&nbsp;<\/p>\n<\/div>\n","protected":false},"excerpt":{"rendered":"<p>&#8220;Um verdadeiro profeta \u00e9 aquele que \u00e9 capaz de chorar por seu povo e tamb\u00e9m de dizer as coisas fortes quando for necess\u00e1rio. N\u00e3o \u00e9 morno, \u00e9 sempre assim, direto\u201d, disse o Papa Francisco, na homilia da Missa celebrada na manh\u00e3 desta ter\u00e7a-feira, na Capela da Casa Santa Marta Cidade do Vaticano \u201cInsens\u00edveis e incircuncisos [&hellip;]<\/p>\n","protected":false},"author":1,"featured_media":40030,"comment_status":"open","ping_status":"closed","sticky":false,"template":"","format":"standard","meta":{"footnotes":""},"categories":[13],"tags":[],"class_list":["post-40029","post","type-post","status-publish","format-standard","has-post-thumbnail","hentry","category-featured"],"_links":{"self":[{"href":"https:\/\/catolicanet.net\/wp-cnet\/wp-json\/wp\/v2\/posts\/40029","targetHints":{"allow":["GET"]}}],"collection":[{"href":"https:\/\/catolicanet.net\/wp-cnet\/wp-json\/wp\/v2\/posts"}],"about":[{"href":"https:\/\/catolicanet.net\/wp-cnet\/wp-json\/wp\/v2\/types\/post"}],"author":[{"embeddable":true,"href":"https:\/\/catolicanet.net\/wp-cnet\/wp-json\/wp\/v2\/users\/1"}],"replies":[{"embeddable":true,"href":"https:\/\/catolicanet.net\/wp-cnet\/wp-json\/wp\/v2\/comments?post=40029"}],"version-history":[{"count":1,"href":"https:\/\/catolicanet.net\/wp-cnet\/wp-json\/wp\/v2\/posts\/40029\/revisions"}],"predecessor-version":[{"id":40031,"href":"https:\/\/catolicanet.net\/wp-cnet\/wp-json\/wp\/v2\/posts\/40029\/revisions\/40031"}],"wp:featuredmedia":[{"embeddable":true,"href":"https:\/\/catolicanet.net\/wp-cnet\/wp-json\/wp\/v2\/media\/40030"}],"wp:attachment":[{"href":"https:\/\/catolicanet.net\/wp-cnet\/wp-json\/wp\/v2\/media?parent=40029"}],"wp:term":[{"taxonomy":"category","embeddable":true,"href":"https:\/\/catolicanet.net\/wp-cnet\/wp-json\/wp\/v2\/categories?post=40029"},{"taxonomy":"post_tag","embeddable":true,"href":"https:\/\/catolicanet.net\/wp-cnet\/wp-json\/wp\/v2\/tags?post=40029"}],"curies":[{"name":"wp","href":"https:\/\/api.w.org\/{rel}","templated":true}]}}