{"id":40022,"date":"2018-04-16T15:10:51","date_gmt":"2018-04-16T18:10:51","guid":{"rendered":"http:\/\/catolicanet.net\/wp-cnet\/?p=40022"},"modified":"2018-04-16T15:10:51","modified_gmt":"2018-04-16T18:10:51","slug":"esta-e-a-novena-de-emergencia-a-virgem-maria-que-madre-teresa-rezava-em-apuros","status":"publish","type":"post","link":"https:\/\/catolicanet.net\/wp-cnet\/esta-e-a-novena-de-emergencia-a-virgem-maria-que-madre-teresa-rezava-em-apuros\/","title":{"rendered":"Esta \u00e9 a \u201cNovena de emerg\u00eancia\u201d \u00e0 Virgem Maria que Madre Teresa rezava em apuros"},"content":{"rendered":"<p>Diante dos diversos problemas que enfrentava com frequ\u00eancia e em meio a um ritmo de <a href=\"http:\/\/www.acidigital.com\/vida\/index.html\">vida<\/a> acelerado, Santa Teresa de Calcut\u00e1 inventou uma maneira de invocar a intercess\u00e3o da <a href=\"http:\/\/www.acidigital.com\/Maria\/index.html\">Virgem Maria<\/a> a qual chamou de \u201cNovena de emerg\u00eancia\u201d (Flying Novena).<\/p>\n<p>Mons. Leo Maasburg, amigo e diretor espiritual da Santa, explica em seu livro \u2018Madre Teresa de Calcut\u00e1: Um retrato pessoal\u2019, que esta era \u201csua r\u00e1pida arma espiritual\u201d.<\/p>\n<p>As novenas s\u00e3o ora\u00e7\u00f5es rezadas durante nove dias e s\u00e3o bastante comuns entre a Congrega\u00e7\u00e3o das Mission\u00e1rias da Caridade. Entretanto, esta ora\u00e7\u00e3o promovida pela Madre Teresa consistia em rezar dez\u00a0<em>Memorare<\/em>\u00a0em um s\u00f3 dia, de forma r\u00e1pida, com o prop\u00f3sito em mente.<\/p>\n<p>O \u2018<em>Memorare\u2019<\/em>\u00a0\u00e9 uma ora\u00e7\u00e3o de intercess\u00e3o \u00e0 Sant\u00edssima Virgem, normalmente atribu\u00edda a S\u00e3o Bernardo de Claraval, que a Madre Teresa rezava com frequ\u00eancia.<\/p>\n<div class=\"ad_inline\">\n<div id=\"div-gpt-ad-1472661422739-0\" data-google-query-id=\"COqZ_6ywv9oCFY8Rhwod_PoHyQ\">\n<div id=\"google_ads_iframe_\/4493921\/ACI_D_Article_1_0__container__\"><iframe loading=\"lazy\" id=\"google_ads_iframe_\/4493921\/ACI_D_Article_1_0\" title=\"3rd party ad content\" src=\"http:\/\/tpc.googlesyndication.com\/safeframe\/1-0-23\/html\/container.html\" name=\"\" width=\"300\" height=\"250\" frameborder=\"0\" marginwidth=\"0\" marginheight=\"0\" scrolling=\"no\" data-is-safeframe=\"true\" data-mce-fragment=\"1\"><\/iframe><\/div>\n<\/div>\n<\/div>\n<p>Mons. Maasburg explicou que a Madre Teresa sempre rezava dez Memorares porque \u201cconfiava tanto na colabora\u00e7\u00e3o dos c\u00e9us, que sempre acrescentava um d\u00e9cimo\u00a0<em>Memorare<\/em>\u00a0imediatamente, em a\u00e7\u00e3o de gra\u00e7as pelo favor recebido\u201d.<\/p>\n<p>Esta \u201cNovena de emerg\u00eancia\u201d tinha uma coisa em comum com as novenas de nove dias e inclusive com as de nove meses: a confian\u00e7a pedindo pela ajuda divina, como fizeram os ap\u00f3stolos durante nove dias junto com \u201cMaria, a M\u00e3e de Jesus, e as mulheres\u201d (Atos dos ap\u00f3stolos 1,14) \u00e0 espera da ajuda prometida pelo Esp\u00edrito Santo.<\/p>\n<p>Santa Teresa de Calcut\u00e1 utilizava esta ora\u00e7\u00e3o constantemente para pedir pela cura de uma crian\u00e7a doente, antes de conversas importantes, quando os passaportes desapareciam, para solicitar a ajuda celestial quando as provis\u00f5es acabavam etc.<\/p>\n<p>Pe. Brian Kolodiejchuk, postulador da causa de canoniza\u00e7\u00e3o da Madre Teresa, assinalou em uma ocasi\u00e3o que a Santa ensinava que o\u00a0<em>Memorare<\/em>\u00a0\u201cexpressa de maneira efetiva sua confian\u00e7a no poder da intercess\u00e3o de Maria como mediadora de todas as gra\u00e7as\u201d.<\/p>\n<p>\u201cFlui do amor e da confian\u00e7a que tinha em Maria; era uma forma simples de apresentar seus pedidos. A resposta r\u00e1pida que recebia era sua inspira\u00e7\u00e3o para recorrer \u00e0 M\u00e3e do C\u00e9u cada vez com maior confian\u00e7a atrav\u00e9s das palavras do\u00a0<em>Memorare<\/em>\u201d, acrescentou.<\/p>\n<p>A ora\u00e7\u00e3o \u00e9 a seguinte:<\/p>\n<p>\u201cLembrai-vos, \u00f3 pur\u00edssima Virgem Maria, que nunca se ouviu dizer que algum daqueles que tenham recorrido \u00e0 vossa prote\u00e7\u00e3o, implorado o vosso socorro, fosse por v\u00f3s desamparado.<\/p>\n<p>Animado eu pois com igual confian\u00e7a, a v\u00f3s recorro como minha M\u00e3e, \u00f3 Virgem entre todas singular, e de v\u00f3s me valho. Gemendo sob o peso dos meus pecados me prostro a vossos p\u00e9s.<\/p>\n<p>N\u00e3o rejeiteis as minhas s\u00faplicas, \u00f3 M\u00e3e do Filho de Deus Humanado, mas dignai-vos de as ouvir prop\u00edcia e de alcan\u00e7ar-me o que vos rogo. Am\u00e9m\u201d.<\/p>\n<p>&nbsp;<\/p>\n<p>Fonte: Acidigital<\/p>\n","protected":false},"excerpt":{"rendered":"<p>Diante dos diversos problemas que enfrentava com frequ\u00eancia e em meio a um ritmo de vida acelerado, Santa Teresa de Calcut\u00e1 inventou uma maneira de invocar a intercess\u00e3o da Virgem Maria a qual chamou de \u201cNovena de emerg\u00eancia\u201d (Flying Novena). Mons. Leo Maasburg, amigo e diretor espiritual da Santa, explica em seu livro \u2018Madre Teresa [&hellip;]<\/p>\n","protected":false},"author":1,"featured_media":40023,"comment_status":"open","ping_status":"closed","sticky":false,"template":"","format":"standard","meta":{"footnotes":""},"categories":[4],"tags":[],"class_list":["post-40022","post","type-post","status-publish","format-standard","has-post-thumbnail","hentry","category-cotidiano"],"_links":{"self":[{"href":"https:\/\/catolicanet.net\/wp-cnet\/wp-json\/wp\/v2\/posts\/40022","targetHints":{"allow":["GET"]}}],"collection":[{"href":"https:\/\/catolicanet.net\/wp-cnet\/wp-json\/wp\/v2\/posts"}],"about":[{"href":"https:\/\/catolicanet.net\/wp-cnet\/wp-json\/wp\/v2\/types\/post"}],"author":[{"embeddable":true,"href":"https:\/\/catolicanet.net\/wp-cnet\/wp-json\/wp\/v2\/users\/1"}],"replies":[{"embeddable":true,"href":"https:\/\/catolicanet.net\/wp-cnet\/wp-json\/wp\/v2\/comments?post=40022"}],"version-history":[{"count":1,"href":"https:\/\/catolicanet.net\/wp-cnet\/wp-json\/wp\/v2\/posts\/40022\/revisions"}],"predecessor-version":[{"id":40024,"href":"https:\/\/catolicanet.net\/wp-cnet\/wp-json\/wp\/v2\/posts\/40022\/revisions\/40024"}],"wp:featuredmedia":[{"embeddable":true,"href":"https:\/\/catolicanet.net\/wp-cnet\/wp-json\/wp\/v2\/media\/40023"}],"wp:attachment":[{"href":"https:\/\/catolicanet.net\/wp-cnet\/wp-json\/wp\/v2\/media?parent=40022"}],"wp:term":[{"taxonomy":"category","embeddable":true,"href":"https:\/\/catolicanet.net\/wp-cnet\/wp-json\/wp\/v2\/categories?post=40022"},{"taxonomy":"post_tag","embeddable":true,"href":"https:\/\/catolicanet.net\/wp-cnet\/wp-json\/wp\/v2\/tags?post=40022"}],"curies":[{"name":"wp","href":"https:\/\/api.w.org\/{rel}","templated":true}]}}