{"id":40017,"date":"2018-04-16T14:58:50","date_gmt":"2018-04-16T17:58:50","guid":{"rendered":"http:\/\/catolicanet.net\/wp-cnet\/?p=40017"},"modified":"2018-04-16T15:00:54","modified_gmt":"2018-04-16T18:00:54","slug":"abortou-e-sofreu-as-consequencias-foi-o-maior-erro-da-minha-vida","status":"publish","type":"post","link":"https:\/\/catolicanet.net\/wp-cnet\/abortou-e-sofreu-as-consequencias-foi-o-maior-erro-da-minha-vida\/","title":{"rendered":"Abortou e sofreu as consequ\u00eancias: &#8220;Foi o maior erro da minha vida&#8221;"},"content":{"rendered":"<p>Leire Navaridas sofreu as consequ\u00eancias da s\u00edndrome p\u00f3s-<a href=\"http:\/\/www.acidigital.com\/vida\/aborto\/index.html\">aborto<\/a>; entretanto, depois de descobrir o que havia sido o &#8220;maior erro da sua <a href=\"http:\/\/www.acidigital.com\/vida\/index.html\">vida<\/a>&#8220;, conseguiu perdoar a si mesma e agora tem um filho, por isso pede uma maior conscientiza\u00e7\u00e3o de que &#8220;toda vida \u00e9 sagrada&#8221; e o apoio \u00e0s mulheres gr\u00e1vidas para que n\u00e3o abortem.<\/p>\n<p>Segundo o v\u00eddeo da plataforma pr\u00f3-vida espanhola REDMADRE, quando Leire descobriu que estava gr\u00e1vida, teve &#8220;um impacto muito forte&#8221;, pois estava passando por uma &#8220;crise terr\u00edvel&#8221; com seu parceiro.<\/p>\n<p>\u201cContei para os meus pais que estava gr\u00e1vida, com a decis\u00e3o de n\u00e3o ter o meu filho. Fiquei surpresa porque eles aprovaram a minha decis\u00e3o. N\u00f3s fomos l\u00e1 (a uma cl\u00ednica de aborto) como se estiv\u00e9ssemos indo ao cabeleireiro, fizeram o aborto, eu sa\u00ed e esperei no quarto e logo depois voltamos para casa. E nunca mais falamos sobre isso&#8221;, recorda, e afirma que o aborto se tornou &#8220;um tabu&#8221; para a sua fam\u00edlia, seu parceiro e inclusive para mim.<\/p>\n<p>Um ano depois, Leire engravidou novamente e sofreu um aborto espont\u00e2neo. Embora aparentemente sua vida fosse est\u00e1vel, Leire come\u00e7ou um tratamento porque sentia tontura em determinadas situa\u00e7\u00f5es.<\/p>\n<p>\u201cEssa terapia me ajudou a ser consciente de que eu estava cega em muitos temas e depois de dois anos surgiu o tema do aborto com muita for\u00e7a. Nesse momento, fui consciente de que havia cometido um erro muito grav\u00edssimo&#8221;, recordou.<\/p>\n<p>\u00c0 medida que fazia a terapia, Leire come\u00e7ava a ser mais consciente de que o aborto &#8220;foi o maior erro que cometi na minha vida&#8221;. &#8220;Demorei muito tempo para descobrir, porque quando voc\u00ea intui a dor que pode ter voc\u00ea fica assustada e come\u00e7a a pensar que n\u00e3o h\u00e1 nenhuma maneira de lidar com isso e assim, mulheres como eu, escondem este tema e diminuem a sua import\u00e2ncia, porque voc\u00ea n\u00e3o entende como tirou o direito de um ser vivo vir ao mundo, mas percebe que tirou algo que n\u00e3o era para o teu bem. Assim voc\u00ea se sente satisfeita, mas por dentro voc\u00ea se sente quebrada&#8221;, assegura.<\/p>\n<p>Segundo explica, no dia que descobriu a realidade recorda como &#8220;uma dor enorme, voc\u00ea se sente horr\u00edvel e n\u00e3o consegue parar de chorar. E realmente n\u00e3o consegue compreender tanta dor que sai de dentro de voc\u00ea&#8221;. &#8220;Voc\u00ea se torna consciente de que escolheu impedir o desenvolvimento de um ser vivo que estava dentro do teu ventre, se sente indigna, quebrado, uma m\u00e3e ileg\u00edtima&#8221;, sublinhou.<\/p>\n<p>Nesse sentido, Leire assegura que o aborto reivindicado como direito da mulher \u201cs\u00f3 se encaixa dentro de um sistema social doente no qual a viol\u00eancia \u00e9 admitida em algumas circunst\u00e2ncias. Isso \u00e9 uma loucura e algo selvagem\u201d.<\/p>\n<p>&#8220;N\u00e3o temos o direito de decidir sobre a vida de outra pessoa&#8221;, assegurou, e insistiu que parte da defesa dos direitos da mulher \u00e9 &#8220;manter a sua integridade&#8221;, mas &#8220;a integridade da mulher que aborta se quebra completamente , por isso \u00e9 importante que do ativismo social de qualquer tipo, lutem pela defesa da mulher gr\u00e1vida, que a acompanhem em tudo, e desenvolvam a consci\u00eancia de que \u00e9 necess\u00e1rio compreender que o carrega dentro dela \u00e9 um ser vivo independente de voc\u00ea, n\u00e3o importa o tamanho, e depois ser\u00e1 um beb\u00ea maravilhoso&#8221;.<\/p>\n<p>Agora Leire \u00e9 m\u00e3e de um menino e assegura que o seu nascimento \u201cconfirma que tinha raz\u00e3o quando decidi perdoar-me e dar-me uma oportunidade de ser feliz. O meu beb\u00ea me confirma isso&#8221;,&#8221; vejo que \u00e9 um presente que havia recha\u00e7ado anteriormente&#8221;.<\/p>\n<p>&#8220;Estou feliz de ter chegado at\u00e9 aqui, de me perdoar e de ter este presente t\u00e3o bonito&#8221;, afirma e explica que para perdoar a si mesmo, voc\u00ea tamb\u00e9m deve &#8220;perdoar os outros&#8221;, o seu parceiro nesse ent\u00e3o, a sua fam\u00edlia que a incentivou a praticar o aborto e a equipe m\u00e9dica que a realizou. &#8220;Voc\u00ea deve perdoar tudo e entender que s\u00e3o pessoas que assim como voc\u00ea, estavam muito perdidas, porque ningu\u00e9m em s\u00e3 consci\u00eancia pode ser capaz de fazer isso&#8221;.<\/p>\n<p>&#8220;Voc\u00ea precisa estar muito cego, com a consci\u00eancia e o cora\u00e7\u00e3o vazios para poder fazer algo assim, porque se voc\u00ea pensa, entende que \u00e9 algo horr\u00edvel. (&#8230;) E o que fazem com isso, que chamam de &#8216;res\u00edduo&#8217;. Porque depois queria seguir o rastro do que era a minha filha e n\u00e3o fui capaz. H\u00e1 um segredo absoluto sobre isso e me faz pensar no quanto este mercado \u00e9 escuro, porque tenho certeza de que por tr\u00e1s disso existe um mercado, pois s\u00e3o materiais com valor inestim\u00e1vel, s\u00e3o c\u00e9lulas-tronco e sabemos o potencial que elas t\u00eam&#8221;, afirma.<\/p>\n<p>Leire Navaridas sublinhou que queria compartilhar a sua hist\u00f3ria a fim de quebrar o tabu sobre as consequ\u00eancias de algo que a feriu no passado e hoje as mulheres reclamam como um direito.<\/p>\n<p>Fonte: Acidigital<\/p>\n","protected":false},"excerpt":{"rendered":"<p>Leire Navaridas sofreu as consequ\u00eancias da s\u00edndrome p\u00f3s-aborto; entretanto, depois de descobrir o que havia sido o &#8220;maior erro da sua vida&#8220;, conseguiu perdoar a si mesma e agora tem um filho, por isso pede uma maior conscientiza\u00e7\u00e3o de que &#8220;toda vida \u00e9 sagrada&#8221; e o apoio \u00e0s mulheres gr\u00e1vidas para que n\u00e3o abortem. Segundo [&hellip;]<\/p>\n","protected":false},"author":1,"featured_media":40018,"comment_status":"open","ping_status":"closed","sticky":false,"template":"","format":"standard","meta":{"footnotes":""},"categories":[4],"tags":[],"class_list":["post-40017","post","type-post","status-publish","format-standard","has-post-thumbnail","hentry","category-cotidiano"],"_links":{"self":[{"href":"https:\/\/catolicanet.net\/wp-cnet\/wp-json\/wp\/v2\/posts\/40017","targetHints":{"allow":["GET"]}}],"collection":[{"href":"https:\/\/catolicanet.net\/wp-cnet\/wp-json\/wp\/v2\/posts"}],"about":[{"href":"https:\/\/catolicanet.net\/wp-cnet\/wp-json\/wp\/v2\/types\/post"}],"author":[{"embeddable":true,"href":"https:\/\/catolicanet.net\/wp-cnet\/wp-json\/wp\/v2\/users\/1"}],"replies":[{"embeddable":true,"href":"https:\/\/catolicanet.net\/wp-cnet\/wp-json\/wp\/v2\/comments?post=40017"}],"version-history":[{"count":3,"href":"https:\/\/catolicanet.net\/wp-cnet\/wp-json\/wp\/v2\/posts\/40017\/revisions"}],"predecessor-version":[{"id":40021,"href":"https:\/\/catolicanet.net\/wp-cnet\/wp-json\/wp\/v2\/posts\/40017\/revisions\/40021"}],"wp:featuredmedia":[{"embeddable":true,"href":"https:\/\/catolicanet.net\/wp-cnet\/wp-json\/wp\/v2\/media\/40018"}],"wp:attachment":[{"href":"https:\/\/catolicanet.net\/wp-cnet\/wp-json\/wp\/v2\/media?parent=40017"}],"wp:term":[{"taxonomy":"category","embeddable":true,"href":"https:\/\/catolicanet.net\/wp-cnet\/wp-json\/wp\/v2\/categories?post=40017"},{"taxonomy":"post_tag","embeddable":true,"href":"https:\/\/catolicanet.net\/wp-cnet\/wp-json\/wp\/v2\/tags?post=40017"}],"curies":[{"name":"wp","href":"https:\/\/api.w.org\/{rel}","templated":true}]}}