{"id":40000,"date":"2018-04-16T12:02:08","date_gmt":"2018-04-16T15:02:08","guid":{"rendered":"http:\/\/catolicanet.net\/wp-cnet\/?p=40000"},"modified":"2018-04-16T12:04:54","modified_gmt":"2018-04-16T15:04:54","slug":"bispos-do-rn-cobram-recursos-para-programa-de-cisternas","status":"publish","type":"post","link":"https:\/\/catolicanet.net\/wp-cnet\/bispos-do-rn-cobram-recursos-para-programa-de-cisternas\/","title":{"rendered":"Bispos do RN cobram recursos para programa de cisternas"},"content":{"rendered":"<p>Os bispos da arquidiocese de Natal (RN) e das dioceses de Mossor\u00f3 (RN) e Caic\u00f3 (RN) enviaram uma nota aos senadores e deputados federais do estado cobrando esfor\u00e7os dos parlamentares na liberta\u00e7\u00e3o de recursos para o Programa de Cisternas. Os prelados pedem que os parlamentares busquem junto ao Minist\u00e9rio do Desenvolvimento Social (MDS) a garantia e a libera\u00e7\u00e3o de dez milh\u00f5es de reais para a execu\u00e7\u00e3o do Programa de Cisternas \u2013 \u00c1gua na Escola.<\/p>\n<p>De acordo com os bispos, no decorrer do processo conduzido pelo MDS, foi selecionada uma entidade, que apresentou o plano de trabalho para a execu\u00e7\u00e3o do processo. Na sequ\u00eancia, houve a exclus\u00e3o do estado \u201csem nenhuma explica\u00e7\u00e3o plaus\u00edvel que justifique t\u00e3o gravosa decis\u00e3o\u201d.<\/p>\n<p>Para os prelados, excluir o Rio Grande do Norte de mais uma oportunidade de executar as tecnologias sociais de conviv\u00eancia com o semi\u00e1rido, \u201c\u00e9 contribuir para o agravamento ainda mais da escassez de \u00e1guas para as fam\u00edlias que vivem da agricultura familiar, no momento em que o Estado atravessa um dos piores ciclos da seca, que j\u00e1 perdura por seis anos\u201d.<\/p>\n<p><a href=\"http:\/\/arquidiocesedenatal.org.br\/bispos-cobram-esforcos-de-bancada-federal-para-liberacao-de-recursos-do-programa-de-cisternas.html\">Leia a nota na \u00edntegra.<\/a><\/p>\n<p>&nbsp;<\/p>\n<p>Fonte: CNBB<\/p>\n","protected":false},"excerpt":{"rendered":"<p>Os bispos da arquidiocese de Natal (RN) e das dioceses de Mossor\u00f3 (RN) e Caic\u00f3 (RN) enviaram uma nota aos senadores e deputados federais do estado cobrando esfor\u00e7os dos parlamentares na liberta\u00e7\u00e3o de recursos para o Programa de Cisternas. Os prelados pedem que os parlamentares busquem junto ao Minist\u00e9rio do Desenvolvimento Social (MDS) a garantia [&hellip;]<\/p>\n","protected":false},"author":1,"featured_media":40001,"comment_status":"open","ping_status":"closed","sticky":false,"template":"","format":"standard","meta":{"footnotes":""},"categories":[7],"tags":[],"class_list":["post-40000","post","type-post","status-publish","format-standard","has-post-thumbnail","hentry","category-cnbb"],"_links":{"self":[{"href":"https:\/\/catolicanet.net\/wp-cnet\/wp-json\/wp\/v2\/posts\/40000","targetHints":{"allow":["GET"]}}],"collection":[{"href":"https:\/\/catolicanet.net\/wp-cnet\/wp-json\/wp\/v2\/posts"}],"about":[{"href":"https:\/\/catolicanet.net\/wp-cnet\/wp-json\/wp\/v2\/types\/post"}],"author":[{"embeddable":true,"href":"https:\/\/catolicanet.net\/wp-cnet\/wp-json\/wp\/v2\/users\/1"}],"replies":[{"embeddable":true,"href":"https:\/\/catolicanet.net\/wp-cnet\/wp-json\/wp\/v2\/comments?post=40000"}],"version-history":[{"count":1,"href":"https:\/\/catolicanet.net\/wp-cnet\/wp-json\/wp\/v2\/posts\/40000\/revisions"}],"predecessor-version":[{"id":40002,"href":"https:\/\/catolicanet.net\/wp-cnet\/wp-json\/wp\/v2\/posts\/40000\/revisions\/40002"}],"wp:featuredmedia":[{"embeddable":true,"href":"https:\/\/catolicanet.net\/wp-cnet\/wp-json\/wp\/v2\/media\/40001"}],"wp:attachment":[{"href":"https:\/\/catolicanet.net\/wp-cnet\/wp-json\/wp\/v2\/media?parent=40000"}],"wp:term":[{"taxonomy":"category","embeddable":true,"href":"https:\/\/catolicanet.net\/wp-cnet\/wp-json\/wp\/v2\/categories?post=40000"},{"taxonomy":"post_tag","embeddable":true,"href":"https:\/\/catolicanet.net\/wp-cnet\/wp-json\/wp\/v2\/tags?post=40000"}],"curies":[{"name":"wp","href":"https:\/\/api.w.org\/{rel}","templated":true}]}}