{"id":39997,"date":"2018-04-16T11:48:27","date_gmt":"2018-04-16T14:48:27","guid":{"rendered":"http:\/\/catolicanet.net\/wp-cnet\/?p=39997"},"modified":"2018-04-16T11:48:27","modified_gmt":"2018-04-16T14:48:27","slug":"em-missa-bispo-celebra-a-presenca-e-organizacao-dos-cristaos-leigos-e-leigas-no-brasil","status":"publish","type":"post","link":"https:\/\/catolicanet.net\/wp-cnet\/em-missa-bispo-celebra-a-presenca-e-organizacao-dos-cristaos-leigos-e-leigas-no-brasil\/","title":{"rendered":"Em missa, bispo celebra a presen\u00e7a e organiza\u00e7\u00e3o dos crist\u00e3os leigos e leigas no Brasil"},"content":{"rendered":"<p>O sexto dia de trabalhos da 56\u00aa Assembleia Geral da Confer\u00eancia Nacional dos Bispos do Brasil (CNBB) come\u00e7ou com a Santa Missa celebrada no altar central do Santu\u00e1rio Nacional de Nossa Senhora Aparecida, na manh\u00e3 desta segunda-feira, 16.<\/p>\n<p>A celebra\u00e7\u00e3o foi presidida pelo bispo de Ca\u00e7ador (SC) e presidente da Comiss\u00e3o Episcopal Pastoral para o Laicato, dom Severino Clasen. Participaram da prociss\u00e3o de entrada os bispos da Comiss\u00e3o e a presidente do Conselho Nacional do Laicato do Brasil, Marilza Schuina.<\/p>\n<p>Dom Severino come\u00e7ou a homilia recordando que o Ano Nacional do Laicato celebra a presen\u00e7a e organiza\u00e7\u00e3o dos crist\u00e3os leigos e leigas no Brasil aprofundando sua identidade, voca\u00e7\u00e3o, espiritualidade e miss\u00e3o, testemunhando Jesus Cristo e seu reino na sociedade.<\/p>\n<p>A partir deste objetivo do Ano do Laicato, o bispo fez uma reflex\u00e3o a partir da primeira leitura <strong>(At 6,8-15)<\/strong>, na qual Estev\u00e3o enfrenta um grande conflito com alguns membros da sinagoga dos libertos e outros tradicionais da comunidade ao aprofundar a identidade, voca\u00e7\u00e3o, espiritualidade e miss\u00e3o para poder, com liberdade, testemunhar Jesus Cristo e seu reino.<\/p>\n<p>\u201cNota-se claramente um conflito provocado por Estev\u00e3o por ultrapassar os velhos costumes e se deixar conduzir pelo Esp\u00edrito Santo em defesa da comunidade\u201d, ressaltou o bispo.<\/p>\n<p>Refletindo sobre o Evangelho, dom Severino diz que Jesus anuncia com a vida a sintonia com o Pai: \u201cN\u00f3s temos Jesus Cristo para apresentar ao mundo onde falta o alimento da verdade, da justi\u00e7a e autenticidade. Esse \u00e9 o alimento que nunca se corrompe\u201d.<\/p>\n<p>O bispo ressalta que \u00e9 preciso incentivar e apoiar as iniciativas do Ano Nacional do Laicato para que produza na consci\u00eancia de todos dos crist\u00e3os a firmeza de buscar o Jesus de Nazar\u00e9 que apresente o Reino de Deus, o Reino sem corrup\u00e7\u00e3o, um Reino de Justi\u00e7a e de paz. \u201cA espiritualidade Crist\u00e3 sempre ter\u00e1 por fundamentos os mist\u00e9rios da encarna\u00e7\u00e3o e da reden\u00e7\u00e3o de Jesus Cristo. Este enfoque deve permear a forma\u00e7\u00e3o laical desde o processo da inicia\u00e7\u00e3o a vida crist\u00e3\u201d, salientou.<\/p>\n<p>\u201cN\u00e3o existe f\u00e9 crist\u00e3 sem comunidade eclesial\u201d, continuou dom Severino. Ele ensinou que o crist\u00e3o se forma e se experimenta numa comunidade eclesial: \u201cO testemunho de Santo Estev\u00e3o que foi martirizado defendendo a comunidade de f\u00e9 se repete nos m\u00e1rtires de ontem, de hoje e que sem d\u00favida teremos no amanh\u00e3\u201d.<\/p>\n<p>Dom Severino lembrou que nos \u00faltimos anos tem aumentado o assassinato de muitas lideran\u00e7as nas comunidades perif\u00e9ricas que n\u00e3o s\u00e3o not\u00edcias, ou que s\u00e3o desmoralizadas para que n\u00e3o sejam not\u00edcias.<\/p>\n<blockquote><p><strong><em>\u201cS\u00e3o pobres que morrem. \u00c9 preciso levantar esses nomes e evitar que outros l\u00edderes que defendem os pobres sejam preservados e possam encorajar todas as pessoas para que superem a onda de \u00f3dio, de persegui\u00e7\u00e3o, de mortes brutas financiadas pela for\u00e7a do capital e entidades secretas que matam, destroem vidas e a dignidade dos filhos de Deus\u201d, destacou.<\/em><\/strong><\/p><\/blockquote>\n<p>E completou: \u201cA busca do p\u00e3o vivo deve ser a maior preocupa\u00e7\u00e3o dos crist\u00e3os leigos e leigas para que as estruturas sociais garantam o p\u00e3o cotidiano, aquele p\u00e3o que une e constr\u00f3i seguran\u00e7a e sustentabilidade para toda a comunidade, humanidade, sobretudo aos pobres, abandonados, os sofridos de nossas cidades e metr\u00f3poles\u201d.<\/p>\n<p>Dom Severino finaliza invocando o Esp\u00edrito Santo que ilumine a todos para que a 56\u00aa AG confirme o princ\u00edpio da unidade, caridade, ternura. \u201cN\u00e3o nos deixemos desanimar pelos que que tentam destruir a alegria de sermos irm\u00e3os e de que nos queremos bem\u201d, concluiu.<\/p>\n<p>&nbsp;<\/p>\n<p>Fonte: CNBB<\/p>\n","protected":false},"excerpt":{"rendered":"<p>O sexto dia de trabalhos da 56\u00aa Assembleia Geral da Confer\u00eancia Nacional dos Bispos do Brasil (CNBB) come\u00e7ou com a Santa Missa celebrada no altar central do Santu\u00e1rio Nacional de Nossa Senhora Aparecida, na manh\u00e3 desta segunda-feira, 16. A celebra\u00e7\u00e3o foi presidida pelo bispo de Ca\u00e7ador (SC) e presidente da Comiss\u00e3o Episcopal Pastoral para o [&hellip;]<\/p>\n","protected":false},"author":1,"featured_media":39998,"comment_status":"open","ping_status":"closed","sticky":false,"template":"","format":"standard","meta":{"footnotes":""},"categories":[7],"tags":[],"class_list":["post-39997","post","type-post","status-publish","format-standard","has-post-thumbnail","hentry","category-cnbb"],"_links":{"self":[{"href":"https:\/\/catolicanet.net\/wp-cnet\/wp-json\/wp\/v2\/posts\/39997","targetHints":{"allow":["GET"]}}],"collection":[{"href":"https:\/\/catolicanet.net\/wp-cnet\/wp-json\/wp\/v2\/posts"}],"about":[{"href":"https:\/\/catolicanet.net\/wp-cnet\/wp-json\/wp\/v2\/types\/post"}],"author":[{"embeddable":true,"href":"https:\/\/catolicanet.net\/wp-cnet\/wp-json\/wp\/v2\/users\/1"}],"replies":[{"embeddable":true,"href":"https:\/\/catolicanet.net\/wp-cnet\/wp-json\/wp\/v2\/comments?post=39997"}],"version-history":[{"count":1,"href":"https:\/\/catolicanet.net\/wp-cnet\/wp-json\/wp\/v2\/posts\/39997\/revisions"}],"predecessor-version":[{"id":39999,"href":"https:\/\/catolicanet.net\/wp-cnet\/wp-json\/wp\/v2\/posts\/39997\/revisions\/39999"}],"wp:featuredmedia":[{"embeddable":true,"href":"https:\/\/catolicanet.net\/wp-cnet\/wp-json\/wp\/v2\/media\/39998"}],"wp:attachment":[{"href":"https:\/\/catolicanet.net\/wp-cnet\/wp-json\/wp\/v2\/media?parent=39997"}],"wp:term":[{"taxonomy":"category","embeddable":true,"href":"https:\/\/catolicanet.net\/wp-cnet\/wp-json\/wp\/v2\/categories?post=39997"},{"taxonomy":"post_tag","embeddable":true,"href":"https:\/\/catolicanet.net\/wp-cnet\/wp-json\/wp\/v2\/tags?post=39997"}],"curies":[{"name":"wp","href":"https:\/\/api.w.org\/{rel}","templated":true}]}}