{"id":39992,"date":"2018-04-16T11:36:54","date_gmt":"2018-04-16T14:36:54","guid":{"rendered":"http:\/\/catolicanet.net\/wp-cnet\/?p=39992"},"modified":"2018-04-16T11:41:36","modified_gmt":"2018-04-16T14:41:36","slug":"dia-mundial-contra-a-escravidao-infantil-o-pensamento-do-papa","status":"publish","type":"post","link":"https:\/\/catolicanet.net\/wp-cnet\/dia-mundial-contra-a-escravidao-infantil-o-pensamento-do-papa\/","title":{"rendered":"Dia Mundial contra a escravid\u00e3o infantil, o pensamento do Papa"},"content":{"rendered":"<div>\n<p><iframe loading=\"lazy\" width=\"696\" height=\"392\" src=\"https:\/\/www.youtube.com\/embed\/RGDfP9v5ZZQ?feature=oembed\" frameborder=\"0\" allow=\"autoplay; encrypted-media\" allowfullscreen><\/iframe><\/p>\n<\/div>\n<div><\/div>\n<div class=\"article__subTitle\">Encorajar os que ajudam as crian\u00e7as a sair da escravid\u00e3o e advert\u00eancias aos governos e institui\u00e7\u00f5es para que acabem com um crime t\u00e3o vergonhoso: desde o in\u00edcio do seu pontificado, o Papa Francisco fez v\u00e1rios apelos sobre o tema, sempre usando palavras fortes.<\/div>\n<div class=\"title__separator\"><\/div>\n<div class=\"article__text\">\n<p><b>Cidade do Vaticano<\/b><\/p>\n<p>Um \u201cflagelo\u201d, um \u201cfen\u00f4meno deplor\u00e1vel\u201d, que fere a dignidade dos menores, que os priva do direito de uma inf\u00e2ncia tranquila, com educa\u00e7\u00e3o, amor familiar e escolariza\u00e7\u00e3o.<\/p>\n<p>S\u00e3o palavras usadas pelo Papa Francisco em v\u00e1rias ocasi\u00f5es, ao condenar o trabalho infantil que leva \u00e0 escravid\u00e3o de crian\u00e7as.<\/p>\n<h2>A coragem de di Iqbal Masih<\/h2>\n<p>Hoje, 16 de abril, recordamos deste menino, com a celebra\u00e7\u00e3o do Dia Mundial contra a Escravid\u00e3o Infantil, pois Iqbal Masih foi assassinado aos 12 anos ao se tornar uma pessoa \u201cinc\u00f4moda\u201d, por denunciar as m\u00e1fias nas f\u00e1bricas t\u00eaxteis do Paquist\u00e3o.<\/p>\n<p>Aos cinco anos foi cedido pela fam\u00edlia a um fabricante de tapetes, onde come\u00e7ou a trabalhar com outras crian\u00e7as na f\u00e1brica, sem nenhuma liberdade, explorado, punido severamente por qualquer erro e maltratado nas tentativas de rebeli\u00e3o.<\/p>\n<h2>Quem vive do trabalho escravo, n\u00e3o t\u00eam o amor de Deus no cora\u00e7\u00e3o<\/h2>\n<p><i>Voc\u00eas pensam que as pessoas que vivem do trabalho escravo, que exploram os outros, t\u00eam o amor de Deus no cora\u00e7\u00e3o?&#8221;<\/i>, dizia Francisco na Audi\u00eancia Geral de 11 junho de 2014, ao falar do temor de Deus. <i>N\u00e3o, eles n\u00e3o t\u00eam temor de Deus e n\u00e3o s\u00e3o felizes. N\u00e3o o s\u00e3o. Que o temor de Deus os leve a compreender que um dia tudo acaba e que dever\u00e3o prestar contas a Deus.<\/i><\/p>\n<h2>N\u00e3o a modelos econ\u00f4micos que levam \u00e0 explora\u00e7\u00e3o de menores<\/h2>\n<p>Falando ao Corpo Diplom\u00e1tico acreditado junto \u00e0 Santa S\u00e9 para as felicita\u00e7\u00f5es de in\u00edcio de ano, em janeiro passado, Francisco, falou sobre o flagelo da explora\u00e7\u00e3o de menores por modelos econ\u00f4micos equivocados, chamando a aten\u00e7\u00e3o dos governos, como j\u00e1 fizera v\u00e1rias vezes, para que encontrem estrat\u00e9gias pol\u00edticas adequadas.<\/p>\n<p><i>N\u00e3o se pode pensar em projetar um futuro melhor <\/i>\u2013 dizia<i> \u2013 nem esperar construir sociedades mais inclusivas, se se continua a manter modelos econ\u00f4micos orientados para o lucro e a explora\u00e7\u00e3o dos mais fracos, como as crian\u00e7as.<\/i><\/p>\n<h2>Jamais sufocar nas crian\u00e7as o impulso da esperan\u00e7a!<\/h2>\n<p>Na Audi\u00eancia de 12 de junho de 2013, Papa Francisco recordava com firmeza o direito das crian\u00e7as e o dever dos adultos, ou seja, o direito \u00e0 serenidade e \u00e0 inf\u00e2ncia:<\/p>\n<p><i>Todas as crian\u00e7as<\/i> \u2013 dizia na ocasi\u00e3o &#8211; <i>devem poder brincar, estudar, rezar e crescer, no seio das respectivas fam\u00edlias, e isto num contexto harmonioso, de amor e de tranquilidade. Trata-se de um seu direito e de um nosso dever. No entanto, em vez de as fazer brincar, muitas pessoas transformam-nas em escravos: este \u00e9 um flagelo! Uma inf\u00e2ncia tranquila permite \u00e0s crian\u00e7as olhar com confian\u00e7a para a vida e para o futuro. Ai de quantos sufocam nelas o impulso alegre da esperan\u00e7a!<\/i><\/p>\n<\/div>\n<p>Fonte: R\u00e1dio Vaticano<\/p>\n","protected":false},"excerpt":{"rendered":"<p>Encorajar os que ajudam as crian\u00e7as a sair da escravid\u00e3o e advert\u00eancias aos governos e institui\u00e7\u00f5es para que acabem com um crime t\u00e3o vergonhoso: desde o in\u00edcio do seu pontificado, o Papa Francisco fez v\u00e1rios apelos sobre o tema, sempre usando palavras fortes. Cidade do Vaticano Um \u201cflagelo\u201d, um \u201cfen\u00f4meno deplor\u00e1vel\u201d, que fere a dignidade [&hellip;]<\/p>\n","protected":false},"author":1,"featured_media":39994,"comment_status":"open","ping_status":"closed","sticky":false,"template":"","format":"standard","meta":{"footnotes":""},"categories":[13],"tags":[],"class_list":["post-39992","post","type-post","status-publish","format-standard","has-post-thumbnail","hentry","category-featured"],"_links":{"self":[{"href":"https:\/\/catolicanet.net\/wp-cnet\/wp-json\/wp\/v2\/posts\/39992","targetHints":{"allow":["GET"]}}],"collection":[{"href":"https:\/\/catolicanet.net\/wp-cnet\/wp-json\/wp\/v2\/posts"}],"about":[{"href":"https:\/\/catolicanet.net\/wp-cnet\/wp-json\/wp\/v2\/types\/post"}],"author":[{"embeddable":true,"href":"https:\/\/catolicanet.net\/wp-cnet\/wp-json\/wp\/v2\/users\/1"}],"replies":[{"embeddable":true,"href":"https:\/\/catolicanet.net\/wp-cnet\/wp-json\/wp\/v2\/comments?post=39992"}],"version-history":[{"count":3,"href":"https:\/\/catolicanet.net\/wp-cnet\/wp-json\/wp\/v2\/posts\/39992\/revisions"}],"predecessor-version":[{"id":39996,"href":"https:\/\/catolicanet.net\/wp-cnet\/wp-json\/wp\/v2\/posts\/39992\/revisions\/39996"}],"wp:featuredmedia":[{"embeddable":true,"href":"https:\/\/catolicanet.net\/wp-cnet\/wp-json\/wp\/v2\/media\/39994"}],"wp:attachment":[{"href":"https:\/\/catolicanet.net\/wp-cnet\/wp-json\/wp\/v2\/media?parent=39992"}],"wp:term":[{"taxonomy":"category","embeddable":true,"href":"https:\/\/catolicanet.net\/wp-cnet\/wp-json\/wp\/v2\/categories?post=39992"},{"taxonomy":"post_tag","embeddable":true,"href":"https:\/\/catolicanet.net\/wp-cnet\/wp-json\/wp\/v2\/tags?post=39992"}],"curies":[{"name":"wp","href":"https:\/\/api.w.org\/{rel}","templated":true}]}}