{"id":39974,"date":"2018-04-16T10:26:12","date_gmt":"2018-04-16T13:26:12","guid":{"rendered":"http:\/\/catolicanet.net\/wp-cnet\/?p=39974"},"modified":"2018-04-16T10:26:12","modified_gmt":"2018-04-16T13:26:12","slug":"nao-ao-irracional","status":"publish","type":"post","link":"https:\/\/catolicanet.net\/wp-cnet\/nao-ao-irracional\/","title":{"rendered":"N\u00e3o ao irracional"},"content":{"rendered":"<p>O mundo como obra da cria\u00e7\u00e3o de Deus deveria sempre mais favorecer a vida e a prosperidade como um todo, e nele a criatura humana como sua imagem e semelhan\u00e7a. Sendo assim, todos somos convidados a refletir e a gritar em alto e bom tom sobre o nefasto risco da irracionalidade dos que governam, quando vemos sempre mais comprometidos a vida e o direito de povos e na\u00e7\u00f5es. Vimos como Donald Trump agradece e comemora a coopera\u00e7\u00e3o da Fran\u00e7a e do Reino Unido, no ataque na madrugada de 15 de abril de 2018 contra a S\u00edria: &#8220;miss\u00e3o cumprida&#8221;. Sobre a ofensiva \u00e0quela popula\u00e7\u00e3o, Irm\u00e3 Laudis, mission\u00e1ria brasileira da comunidade do Verbo Encarnado, que reside em Aleppo, no seu dadivoso testemunho do mist\u00e9rio da cruz Cristo disse: &#8220;a verdade \u00e9 que n\u00e3o quer\u00edamos acreditar que algo fosse acontecer&#8221;.<\/p>\n<p>Que a a\u00e7\u00e3o de Trump n\u00e3o seja uma ruptura com a racionalidade, embara\u00e7ando ainda mais a vida no planeta. Que tal a\u00e7\u00e3o n\u00e3o desestimule a meta e o sonho das pessoas de boa vontade, na luta por um mundo solid\u00e1rio e de paz, no sentido de bem se interpretar os sinais de Deus a nos indicar os rumos de uma nova civiliza\u00e7\u00e3o, na firme convic\u00e7\u00e3o de que a criatura humana deve estar no centro de todo e qualquer planejamento econ\u00f4mico, social e cultural, de acordo com o projeto de Deus, na persegui\u00e7\u00e3o dos sinais de fraterna esperan\u00e7a e conviv\u00eancia harm\u00f4nica, civilizada e pac\u00edfica.<\/p>\n<p>No anivers\u00e1rio dos 292 anos da cidade de Fortaleza (13\/04\/2018), a quinta maior popula\u00e7\u00e3o brasileira, reflitamos e pensemos em uma civiliza\u00e7\u00e3o s\u00f3lida e inclusiva, baseada nos princ\u00edpios crist\u00e3os, ao contr\u00e1rio da hist\u00f3ria da Torre de Babel. Que fique bem clara a pretens\u00e3o dos homens daquele tempo, que queriam construir uma cidade e uma torre, cujo \u00e1pice penetrasse nos c\u00e9us. Os homens queriam mostrar que eles eram capazes de conseguir tudo sem Deus. Queriam mostrar que eles eram poderosos, capazes de superar Deus; isso acabou n\u00e3o dando em nada.<\/p>\n<p>Jamais se pode pensar em construir ou sonhar com um povo forte, grande e civilizado sem Deus, como nos assegura o Salmo 127, 1s: &#8220;Se Deus n\u00e3o constr\u00f3i a casa, em v\u00e3o trabalham os seus construtores; se Deus n\u00e3o cuida da cidade, em v\u00e3o vigiam as sentinelas&#8221;. Deus quer, pela presen\u00e7a viva de Jesus, animar a vida de seu povo. A ressurrei\u00e7\u00e3o de Jesus nos indica que, apesar de nossas limita\u00e7\u00f5es, medo e d\u00favida, sua tarefa da cruz prolonga-se atrav\u00e9s da generosa a\u00e7\u00e3o humana, sustentada pela for\u00e7a vivificadora do seu Esp\u00edrito. Am\u00e9m!<\/p>\n","protected":false},"excerpt":{"rendered":"<p>O mundo como obra da cria\u00e7\u00e3o de Deus deveria sempre mais favorecer a vida e a prosperidade como um todo, e nele a criatura humana como sua imagem e semelhan\u00e7a. Sendo assim, todos somos convidados a refletir e a gritar em alto e bom tom sobre o nefasto risco da irracionalidade dos que governam, quando [&hellip;]<\/p>\n","protected":false},"author":6,"featured_media":32779,"comment_status":"open","ping_status":"closed","sticky":false,"template":"","format":"standard","meta":{"footnotes":""},"categories":[9],"tags":[],"class_list":["post-39974","post","type-post","status-publish","format-standard","has-post-thumbnail","hentry","category-artigos"],"_links":{"self":[{"href":"https:\/\/catolicanet.net\/wp-cnet\/wp-json\/wp\/v2\/posts\/39974","targetHints":{"allow":["GET"]}}],"collection":[{"href":"https:\/\/catolicanet.net\/wp-cnet\/wp-json\/wp\/v2\/posts"}],"about":[{"href":"https:\/\/catolicanet.net\/wp-cnet\/wp-json\/wp\/v2\/types\/post"}],"author":[{"embeddable":true,"href":"https:\/\/catolicanet.net\/wp-cnet\/wp-json\/wp\/v2\/users\/6"}],"replies":[{"embeddable":true,"href":"https:\/\/catolicanet.net\/wp-cnet\/wp-json\/wp\/v2\/comments?post=39974"}],"version-history":[{"count":1,"href":"https:\/\/catolicanet.net\/wp-cnet\/wp-json\/wp\/v2\/posts\/39974\/revisions"}],"predecessor-version":[{"id":39975,"href":"https:\/\/catolicanet.net\/wp-cnet\/wp-json\/wp\/v2\/posts\/39974\/revisions\/39975"}],"wp:featuredmedia":[{"embeddable":true,"href":"https:\/\/catolicanet.net\/wp-cnet\/wp-json\/wp\/v2\/media\/32779"}],"wp:attachment":[{"href":"https:\/\/catolicanet.net\/wp-cnet\/wp-json\/wp\/v2\/media?parent=39974"}],"wp:term":[{"taxonomy":"category","embeddable":true,"href":"https:\/\/catolicanet.net\/wp-cnet\/wp-json\/wp\/v2\/categories?post=39974"},{"taxonomy":"post_tag","embeddable":true,"href":"https:\/\/catolicanet.net\/wp-cnet\/wp-json\/wp\/v2\/tags?post=39974"}],"curies":[{"name":"wp","href":"https:\/\/api.w.org\/{rel}","templated":true}]}}