{"id":39970,"date":"2018-04-16T10:22:25","date_gmt":"2018-04-16T13:22:25","guid":{"rendered":"http:\/\/catolicanet.net\/wp-cnet\/?p=39970"},"modified":"2018-04-16T10:22:25","modified_gmt":"2018-04-16T13:22:25","slug":"o-encontro-do-papa-com-as-criancas-da-paroquia-sao-paulo-da-cruz","status":"publish","type":"post","link":"https:\/\/catolicanet.net\/wp-cnet\/o-encontro-do-papa-com-as-criancas-da-paroquia-sao-paulo-da-cruz\/","title":{"rendered":"O encontro do Papa com as crian\u00e7as da Par\u00f3quia S\u00e3o Paulo da Cruz"},"content":{"rendered":"<div class=\"article__subTitle\">Na tarde deste domingo, o Bispo de Roma realizou sua 16\u00aa visita pastoral a uma Par\u00f3quia romana, visitando a Par\u00f3quia S\u00e3o Paulo da Cruz, no Bairro Corviale.<\/div>\n<div class=\"title__separator\"><\/div>\n<div class=\"article__text\">\n<p><b>Cidade do Vaticano<\/b><\/p>\n<p>Na tarde deste domingo, o Papa Francisco saiu do Vaticano e foi at\u00e9 o bairro Corviale, sul de Roma, para visitar a Par\u00f3quia de S\u00e3o Paulo da Cruz.<\/p>\n<p>Antes de celebrar a Missa com os paroquianos, Francisco respondeu \u00e0s perguntas de algumas crian\u00e7as e encontrou os idosos. Sua homilia n\u00e3o foi preparada, mas proferida de forma improvisada.<\/p>\n<p>Esta que foi sua d\u00e9cima sexta visita a uma par\u00f3quia romana, terminou h\u00e1 poucos instantes.<\/p>\n<p>Eis a transcri\u00e7\u00e3o do di\u00e1logo fo Papa com as crian\u00e7as:<\/p>\n<p><b>Leonardo:<\/b><\/p>\n<p><i>Oi Papa Francisco!<\/i><\/p>\n<p><i>Eu queria saber uma coisa: qual \u00e9 a sua passagem favorita do Evangelho? E por qu\u00ea?<\/i><\/p>\n<p><b>Papa Francisco:<\/b><\/p>\n<p><i>Qual o seu nome<\/i><\/p>\n<p><b>Leonardo:<\/b><\/p>\n<p><i>Leonardo<\/i><\/p>\n<p><b>Papa Francisco:<\/b><\/p>\n<p><i>Leonardo. Bom Leonardo. O Evangelho est\u00e1 cheio de belas e belas passagens, n\u00e3o \u00e9? Mas voc\u00ea me perguntou qual \u00e9 a favorita. Eu responderei com a condi\u00e7\u00e3o de que voc\u00eas voltarem para casa, voc\u00eas ir\u00e3o procurar no Evangelho a passagem e ir\u00e3o l\u00ea-la. Prometem?<\/i><\/p>\n<p><b>Crian\u00e7as:<\/b><\/p>\n<p><i>Sim !!!!<\/i><\/p>\n<p><b>Papa Francisco:<\/b><\/p>\n<p><i>Todos?<\/i><\/p>\n<p><b>Crian\u00e7as:<\/b><\/p>\n<p><i>Sim !!!!<\/i><\/p>\n<p><b>Papa Francisco:<\/b><\/p>\n<p><i>Uma passagem que eu realmente gosto \u00e9 aquela do Evangelho de Mateus, quando Jesus conhece aquele homem de neg\u00f3cios, aquele traidor da p\u00e1tria que se chamava Mateus. Ele estava no port\u00e3o da cidade, apegado ao dinheiro, e cobrava os impostos dos turistas. Voc\u00eas pagaram impostos para entrar aqui?<\/i><\/p>\n<p><b>Crian\u00e7as:<\/b><\/p>\n<p><i>N\u00e3o!<\/i><\/p>\n<p><b>Papa Francisco:<\/b><\/p>\n<p><i>N\u00e3o! Mas vemos que n\u00e3o h\u00e1 algum Mateus aqui, gra\u00e7as a Deus! N\u00e3o fazem voc\u00eas pagarem a entrada. Est\u00e1 bem. E aquele homem era um traidor da p\u00e1tria porque pagava impostos e dava para o ex\u00e9rcito que ocupava a Palestina naquela \u00e9poca &#8211; era o ex\u00e9rcito romano -; ele deu aos romanos. E esse \u00e9 um pecado feio, n\u00e3o \u00e9? Que coisa feia! Uma pessoa apegada ao dinheiro \u00e9 uma pessoa feia! Mas este mais ainda, porque ele havia esquecido sua perten\u00e7a a sua p\u00e1tria; ele vendia sua p\u00e1tria toda vez que cobrava os impostos todo mundo. E Jesus passa &#8211; essas pessoas eram desprezadas por todos &#8211; Jesus passa, olha para ele e diz: &#8220;Levante-se, venha&#8221;. E esse homem n\u00e3o podia acreditar. Um homem desprezado, traidor, pecador &#8230; E aquele homem se levantou e seguiu a Jesus E por que eu gosto dele? &#8211; a segunda pergunta &#8211; porque ali vemos a for\u00e7a que Jesus tem para mudar um cora\u00e7\u00e3o. Ele era dos piores, eh! E Jesus conseguiu transform\u00e1-lo. Talvez voc\u00eas conhe\u00e7am pessoas que dizem: &#8220;Mas eu nunca poderei ser bom, porque tenho muitas coisas atr\u00e1s de mim, nunca poderei mudar &#8230;&#8221;. E Jesus \u00e9 capaz de mudar o pior e faz\u00ea-lo um evangelista, um ap\u00f3stolo e um santo. \u00c9 por isso que gosto tanto desta passagem do Evangelho, porque vemos o poder de Jesus para mudar nossos cora\u00e7\u00f5es, para torn\u00e1-los bons. N\u00e3o esque\u00e7am a promessa: qual foi a promessa?<\/i><\/p>\n<p><b>Crian\u00e7as:<\/b><\/p>\n<p><i>Leia o Evangelho &#8230;<\/i><\/p>\n<p><b>Papa Francisco:<\/b><\/p>\n<p><i>Mas n\u00e3o todo: leia essa passagem, hein! Procurem por ela. Este Mateus, ele foi chamado Mateus, mas seu nome era Levi na \u00e9poca. Levi, Matteo. Procurem por ele, leiam em casa e digam: &#8220;Mas veja isto, veja isto, hein?&#8221; \u00c9 lindo. Obrigado Leonardo, obrigado!<\/i><\/p>\n<p><b><u>Segunda pergunta<\/u><\/b><\/p>\n<p><b>Carlotta:<\/b><\/p>\n<p><i>Oi Papa Francisco! Quando recebemos o batismo, nos tornamos filhos de Deus e as pessoas que n\u00e3o s\u00e3o batizadas n\u00e3o s\u00e3o filhos de Deus?<\/i><\/p>\n<p><b>Papa Francisco:<\/b><\/p>\n<p><i>Fique a\u00ed. Qual o seu nome<\/i><\/p>\n<p><b>Carlotta:<\/b><\/p>\n<p><i>Carlotta.<\/i><\/p>\n<p><b>Papa Francisco:<\/b><\/p>\n<p><i>Carlotta. Diga-me Carlotta, eu fa\u00e7o a pergunta para voc\u00ea: o que voc\u00ea acha? A pessoa que n\u00e3o \u00e9 batizada, \u00e9 filha de Deus ou n\u00e3o \u00e9 \u00a0filha de Deus? O que seu cora\u00e7\u00e3o lhe diz?<\/i><\/p>\n<p><b>Carlotta:<\/b><\/p>\n<p><i>Sim.<\/i><\/p>\n<p><b>Papa Francisco:<\/b><\/p>\n<p><i>Sim. Aqui, agora explique.\u00a0 Respondeu bem! eh? Ela tem um faro crist\u00e3o! Somos todos filhos de Deus. Todos. Todos. \u00a0At\u00e9 os n\u00e3o batizados? Sim. Mesmo aqueles que acreditam em outras religi\u00f5es, afastados, que t\u00eam \u00eddolos? Sim, eles s\u00e3o filhos de Deus. Tamb\u00e9m os mafiosos s\u00e3o filhos de Deus? E voc\u00eas n\u00e3o est\u00e3o\u00a0 seguros &#8230; sim! Mesmo os mafiosos s\u00e3o filhos de Deus. Mas, eles preferem se comportar como filhos do diabo, mas eles s\u00e3o filhos de Deus. Todos. Todos s\u00e3o filhos de Deus. Mas qual \u00e9 a diferen\u00e7a? Deus criou todos, amou a todos e colocou a consci\u00eancia no cora\u00e7\u00e3o de todos para reconhecer o bem e distingui-lo do mal. Todos os homens t\u00eam isso, sabem, percebem o que \u00e9 bom e o que \u00e9 saud\u00e1vel; mesmo as pessoas que n\u00e3o conhecem Jesus, que n\u00e3o conhecem o cristianismo, todos t\u00eam este alma, porque isto semeou Deus. Mas quando voc\u00ea foi batizada, na consci\u00eancia entrou o Esp\u00edrito Santo e fortaleceu a sua perten\u00e7a a Deus e, nesse sentido, voc\u00ea se tornou mais filha de Deus, porque voc\u00ea \u00e9 filha de Deus como todos os outros, mas tamb\u00e9m com a for\u00e7a do Esp\u00edrito Santo que entrou. Voc\u00ea entendeu, Carlotta? Eu pergunto &#8211; todos respondem -: todos os homens s\u00e3o filhos de Deus?<\/i><\/p>\n<p><b>Crian\u00e7as:<\/b><\/p>\n<p><i>Sim!<\/i><\/p>\n<p><b>Papa Francisco:<\/b><\/p>\n<p><i>As pessoas boas s\u00e3o filhas de Deus?<\/i><\/p>\n<p><b>Crian\u00e7as:<\/b><\/p>\n<p><i>Sim!<\/i><\/p>\n<p><b>Papa Francisco:<\/b><\/p>\n<p><i>As pessoas m\u00e1s s\u00e3o filhas de Deus?<\/i><\/p>\n<p><b>Crian\u00e7as:<\/b><\/p>\n<p><i>Sim!<\/i><\/p>\n<p><b>Papa Francisco:<\/b><\/p>\n<p><i>Sim! As pessoas que n\u00e3o conhecem Jesus e outras religi\u00f5es distantes, t\u00eam \u00eddolos, s\u00e3o filhas de Deus?<\/i><\/p>\n<p><b>Crian\u00e7as:<\/b><\/p>\n<p><i>Sim!<\/i><\/p>\n<p><b>Papa Francisco:<\/b><\/p>\n<p><i>Os mafiosos s\u00e3o filhos de Deus?<\/i><\/p>\n<p><b>Crian\u00e7as:<\/b><\/p>\n<p><i>Sim!<\/i><\/p>\n<p><b>Papa Francisco:<\/b><\/p>\n<p><i>E devemos rezar para que eles voltem e reconhe\u00e7am a Deus, realmente, eh! Ningu\u00e9m responde agora, mas responde no cora\u00e7\u00e3o: quem de voc\u00eas reza pelos mafiosos, para que eles se convertem? Cada um responde em seu cora\u00e7\u00e3o. Ent\u00e3o, quando somos batizados, quem entra no nosso cora\u00e7\u00e3o? Mais forte!<\/i><\/p>\n<p><b>Crian\u00e7as:<\/b><\/p>\n<p><i>O Esp\u00edrito Santo!<\/i><\/p>\n<p><b>Papa Francisco:<\/b><\/p>\n<p><i>Bravo! Voc\u00ea \u00e9 bom! Qual \u00e9 o seu nome.<\/i><\/p>\n<p><b>Lorenzo:<\/b><\/p>\n<p><i>Lorenzo!<\/i><\/p>\n<p><b>Papa Francisco:<\/b><\/p>\n<p><i>Bom Lorenzo! O Esp\u00edrito Santo entra e este Esp\u00edrito Santo nos torna mais filhos de Deus, mas nos d\u00e1 mais for\u00e7a para nos comportar como filhos de Deus, e \u00e9 por isso que S\u00e3o Paulo tem uma frase. Eu gostaria que voc\u00ea a \u00a0dissesse isso como eu. Ele diz: &#8220;N\u00e3o entriste\u00e7ais o Esp\u00edrito Santo dentro de voc\u00ea&#8221;. Por diz essa frase? Porque um crist\u00e3o, uma pessoa batizada que se comporta mal, entristece o Esp\u00edrito Santo que est\u00e1 em n\u00f3s. A frase \u00e9 esta: &#8220;N\u00e3o entriste\u00e7a o Esp\u00edrito Santo que est\u00e1 em voc\u00eas. N\u00e3o entriste\u00e7a o Esp\u00edrito Santo que est\u00e1 em ti&#8221;. N\u00f3s dizemos isso?<\/i><\/p>\n<p><b>Papa Francisco com as crian\u00e7as:<\/b><\/p>\n<p><i>N\u00e3o entriste\u00e7a o Esp\u00edrito Santo dentro de voc\u00ea.<\/i><\/p>\n<p><b>Papa Francisco:<\/b><\/p>\n<p><i>Outra vez!<\/i><\/p>\n<p><b>Papa Francisco com as crian\u00e7as:<\/b><\/p>\n<p><i>N\u00e3o aflija o Esp\u00edrito Santo dentro de voc\u00ea.<\/i><\/p>\n<p><b>Papa Francisco:<\/b><\/p>\n<p><i>E n\u00f3s, filhos de Deus, que atrav\u00e9s do batismo temos o Esp\u00edrito Santo dentro, quando nos comportamos mal, quando pecamos, entristecemos o Esp\u00edrito Santo que est\u00e1 em n\u00f3s. obrigado Carlotta!<\/i><\/p>\n<p><b><u>Terceira pergunta<\/u><\/b><\/p>\n<p><b>Edoardo:<\/b><\/p>\n<p><i>Querido Papa Francisco, como voc\u00ea se sentiu quando o elegeram Papa?<\/i><\/p>\n<p><b>Papa Francisco:<\/b><\/p>\n<p><i>Qual o seu nome<\/i><\/p>\n<p><b>Edoardo:<\/b><\/p>\n<p><i>Edoardo.<\/i><\/p>\n<p><b>Papa Francisco:<\/b><\/p>\n<p><i>Edoardo, bem. S\u00f3 senti que Deus queria isso, levantei-me e fui em frente. N\u00e3o senti nada de espetacular, mas talvez, essa resposta pare\u00e7a um pouco chata, mas n\u00e3o senti medo, n\u00e3o senti uma alegria especial &#8230; senti que o Senhor queria isso e seguir em frente, Edoardo. Mas o Senhor tantas vezes nos chama. Eu saudei um de voc\u00eas que est\u00e1 em busca vocacional porque \u00a0sente que o Senhor lhe diz algo por dentro. Mas quando o Senhor chama ele diz a voc\u00ea: &#8220;Agora voc\u00ea vai por esse caminho&#8221;, ele\u00a0 lhe d\u00e1 paz. \u00c9 o que se sente quando existe um verdadeiro chamado do Senhor: paz. Eu senti paz. Obrigado, Edoardo.<\/i><\/p>\n<p><b><u>Quarta pergunta<\/u><\/b><\/p>\n<p><b>\u00a0Papa Francisco:<\/b><\/p>\n<p><i>Venha, venha, venha &#8230;<\/i><\/p>\n<p><b>Emanuele:<\/b><\/p>\n<p><i>Eu n\u00e3o consigo!<\/i><\/p>\n<p><b>Papa Francisco:<\/b><\/p>\n<p><i>Venha, venha para mim Emanuele! Venha at\u00e9 mim e me diga no ouvido. Diga no ouvido. Vem,<\/i><u> <\/u>vem, vem at\u00e9 mim.<\/p>\n<p>Emanuele vai ao Papa Francisco e faz sua pergunta em seu ouvido.<\/p>\n<p><b>Papa Francisco:<\/b><\/p>\n<p><i>Quem dera todos n\u00f3s, pud\u00e9ssemos chorar como Emanuele quando temos uma dor como ele tem em seu cora\u00e7\u00e3o. Ele chorou por seu pai e teve a coragem de fazer isso na nossa frente, porque em seu cora\u00e7\u00e3o h\u00e1 amor por seu pai. Pedi permiss\u00e3o a Emanuele para dizer a pergunta em p\u00fablico e ele disse que sim. \u00c9 por isso que eu a direi a voc\u00eas: &#8220;Pouco tempo atr\u00e1s, meu pai morreu. Ele era ateu, mas teve todos os quatro filhos batizados. Ele era um bom homem. Est\u00e1 no c\u00e9u, papai?&#8221;. Que bom que um filho diz de seu pai: &#8220;Ele era bom&#8221;. Para que seus filhos pudessem dizer: &#8220;Ele era um bom homem&#8221;, ele deve ter dado um belo testemunho a seus filhos. \u00c9 um belo testemunho do filho que herdou a for\u00e7a de seu pai e, tamb\u00e9m, teve a coragem de chorar diante de todos n\u00f3s. Se aquele homem era capaz de criar filhos assim, \u00e9 verdade, ele era um bom homem. Ele era um bom homem. Aquele homem n\u00e3o tinha o dom da f\u00e9, ele n\u00e3o era crente, mas ele tinha seus filhos batizados. Ele tinha um bom cora\u00e7\u00e3o. E ele tem a d\u00favida se seu pai, por n\u00e3o ser crente, est\u00e1 no c\u00e9u. Quem diz que vai para o c\u00e9u \u00e9 Deus, mas como est\u00e1 o cora\u00e7\u00e3o de Deus diante de um pai assim? Como \u00e9 isso? Como parece a voc\u00eas? Um cora\u00e7\u00e3o de papai. Deus tem o cora\u00e7\u00e3o de um pai. E diante de um pai, n\u00e3o crente, que foi capaz de batizar seus filhos e dar essa bravura aos seus filhos, voc\u00eas acham que Deus seria capaz de deix\u00e1-lo longe? Voc\u00eas acham isso? Mas forte, com coragem!<\/i><\/p>\n<p><b>Fi\u00e9is:<\/b><\/p>\n<p><i>N\u00e3o!<\/i><\/p>\n<p><b>Papa Francisco:<\/b><\/p>\n<p><i>Deus abandona seus filhos?<\/i><\/p>\n<p><b>Fi\u00e9is:<\/b><\/p>\n<p>N\u00e3o!<\/p>\n<p><b>Papa Francisco:<\/b><\/p>\n<p><i>Deus abandona seus filhos quando eles s\u00e3o bons?<\/i><\/p>\n<p><b>Fi\u00e9is:<\/b><\/p>\n<p>N\u00e3o!<\/p>\n<p><b>Papa Francisco:<br \/>\n<\/b><br \/>\n<i>Aqui, Emanuele, esta \u00e9 a resposta. Deus certamente estava orgulhoso de seu pai, porque \u00e9 mais f\u00e1cil ser um crente, batizar crian\u00e7as, que batiz\u00e1-las sendo incr\u00e9dulo. Certamente isso agradou\u00a0 muito a Deus. Fale com seu pai, reze seu pai. Obrigado Emanuele por sua coragem.<\/p>\n<p>N\u00f3s falamos sobre o pai e o nosso pai \u00e9 Deus. Todos n\u00f3s rezemos ao nosso pai, Deus.<\/i><\/p>\n<p>R\u00e9cita do Pai Nosso<\/p>\n<p><i>E agora vou dar a b\u00ean\u00e7\u00e3o a voc\u00eas. Cada um de voc\u00eas pensa naquelas pessoas que ama, aqueles que amam voc\u00ea, aquelas pessoas que os amam e tamb\u00e9m aqueles que n\u00e3o amam ou que s\u00e3o um pouco &#8216;inimigos&#8217;. Tamb\u00e9m, vamos rezar por eles, para que o Senhor tamb\u00e9m os aben\u00e7oe. Que ele nos aben\u00e7oe a todos e ilumine o cora\u00e7\u00e3o.<\/i><\/p>\n<p>b\u00ean\u00e7\u00e3o<\/p>\n<div>\n<div class=\"article__embed article__embed--unwrap article__embed--dark\">\n<div class=\"article__innerTitle\">A resposta do Papa a Emanuele!<\/div>\n<div>\n<!--[if lt IE 9]><script>document.createElement('audio');<\/script><![endif]-->\n<audio class=\"wp-audio-shortcode\" id=\"audio-39970-1\" preload=\"none\" style=\"width: 100%;\" controls=\"controls\"><source type=\"audio\/mpeg\" src=\"https:\/\/media.vaticannews.va\/media\/audio\/s1\/2018\/4\/16\/11\/134384818_F134384818.mp3?_=1\" \/><a href=\"https:\/\/media.vaticannews.va\/media\/audio\/s1\/2018\/4\/16\/11\/134384818_F134384818.mp3\">https:\/\/media.vaticannews.va\/media\/audio\/s1\/2018\/4\/16\/11\/134384818_F134384818.mp3<\/a><\/audio>\n<p>Fonte: R\u00e1dio Vaticano<\/p>\n<\/div>\n<\/div>\n<\/div>\n<\/div>\n","protected":false},"excerpt":{"rendered":"<p>Na tarde deste domingo, o Bispo de Roma realizou sua 16\u00aa visita pastoral a uma Par\u00f3quia romana, visitando a Par\u00f3quia S\u00e3o Paulo da Cruz, no Bairro Corviale. Cidade do Vaticano Na tarde deste domingo, o Papa Francisco saiu do Vaticano e foi at\u00e9 o bairro Corviale, sul de Roma, para visitar a Par\u00f3quia de S\u00e3o [&hellip;]<\/p>\n","protected":false},"author":1,"featured_media":39972,"comment_status":"open","ping_status":"closed","sticky":false,"template":"","format":"standard","meta":{"footnotes":""},"categories":[3],"tags":[],"class_list":["post-39970","post","type-post","status-publish","format-standard","has-post-thumbnail","hentry","category-vaticano"],"_links":{"self":[{"href":"https:\/\/catolicanet.net\/wp-cnet\/wp-json\/wp\/v2\/posts\/39970","targetHints":{"allow":["GET"]}}],"collection":[{"href":"https:\/\/catolicanet.net\/wp-cnet\/wp-json\/wp\/v2\/posts"}],"about":[{"href":"https:\/\/catolicanet.net\/wp-cnet\/wp-json\/wp\/v2\/types\/post"}],"author":[{"embeddable":true,"href":"https:\/\/catolicanet.net\/wp-cnet\/wp-json\/wp\/v2\/users\/1"}],"replies":[{"embeddable":true,"href":"https:\/\/catolicanet.net\/wp-cnet\/wp-json\/wp\/v2\/comments?post=39970"}],"version-history":[{"count":1,"href":"https:\/\/catolicanet.net\/wp-cnet\/wp-json\/wp\/v2\/posts\/39970\/revisions"}],"predecessor-version":[{"id":39973,"href":"https:\/\/catolicanet.net\/wp-cnet\/wp-json\/wp\/v2\/posts\/39970\/revisions\/39973"}],"wp:featuredmedia":[{"embeddable":true,"href":"https:\/\/catolicanet.net\/wp-cnet\/wp-json\/wp\/v2\/media\/39972"}],"wp:attachment":[{"href":"https:\/\/catolicanet.net\/wp-cnet\/wp-json\/wp\/v2\/media?parent=39970"}],"wp:term":[{"taxonomy":"category","embeddable":true,"href":"https:\/\/catolicanet.net\/wp-cnet\/wp-json\/wp\/v2\/categories?post=39970"},{"taxonomy":"post_tag","embeddable":true,"href":"https:\/\/catolicanet.net\/wp-cnet\/wp-json\/wp\/v2\/tags?post=39970"}],"curies":[{"name":"wp","href":"https:\/\/api.w.org\/{rel}","templated":true}]}}