{"id":39968,"date":"2018-04-16T09:33:48","date_gmt":"2018-04-16T12:33:48","guid":{"rendered":"http:\/\/catolicanet.net\/wp-cnet\/?p=39968"},"modified":"2018-04-16T09:33:48","modified_gmt":"2018-04-16T12:33:48","slug":"eu-vim-para-que-tenham-a-vida","status":"publish","type":"post","link":"https:\/\/catolicanet.net\/wp-cnet\/eu-vim-para-que-tenham-a-vida\/","title":{"rendered":"Eu vim para que tenham a vida"},"content":{"rendered":"<p>Jesus, o Bom Pastor, veio ao mundo oferecer \u00e0 humanidade a salva\u00e7\u00e3o e isto em plenitude. Afirmou categoricamente: \u201cEu vim para que todos tenham a vida e a tenham em abund\u00e2ncia\u201d (Jo,10,11-18). \u00a0Exerceu o m\u00fanus de um Pastor desvelado que se faz conhecido e reconhecido por todos que pertencem ao seu redil. Mostrou nitidamente que a l\u00f3gica do dom de si mesmo ao pr\u00f3ximo e a Deus n\u00e3o se manifesta teoricamente, mas na execu\u00e7\u00e3o de uma sublime miss\u00e3o. O servi\u00e7o numa obla\u00e7\u00e3o constante caracterizou a passagem de Jesus nesta terra. Ele ensinou a seus seguidores a se imolarem pelos outros, recebendo em compensa\u00e7\u00e3o not\u00e1vel recompensa de Deus. Eis por que S\u00e3o Jo\u00e3o Paulo II mostrou que o crist\u00e3o \u201cn\u00e3o pode plenamente se encontrar sen\u00e3o na entrega desinteressada de si mesmo\u201d. Dado que se imolou pela humanidade, Cristo, o bom Pastor, p\u00f4de ofertar a suas ovelhas todas as benesses divinas. Unido a seu amor o fiel aprende a amar os irm\u00e3os com a\u00e7\u00f5es concretas, fazendo outros participantes das gra\u00e7as da Reden\u00e7\u00e3o. Jesus \u00a0empregou uma met\u00e1fora expressiva: \u201cEu sou a porta. Se algu\u00e9m entrar por mim, ser\u00e1 salvo; entrar\u00e1 e encontrar\u00e1 pastagem\u201d. Assim ser necess\u00e1rio a cada uma de suas ovelhas serem elas tamb\u00e9m uma porta e n\u00e3o um muro para aquelas que se acham longe do Bom Pastor por causa do pecado, da falta de f\u00e9 ou de seu endurecimento nos erros. Eis\u00a0 porque S\u00e3o Paulo advertiu: \u201cQue ningu\u00e9m procure o seu pr\u00f3prio interesse, mas o bem dos outros\u201d (Cor 10,24). Para isto \u00e9 necess\u00e1ria a coer\u00eancia mais efetiva de cada dia entre o que se cr\u00ea e o que se vive para atrair e n\u00e3o afastar os outros do aprisco de Jesus. Este p\u00f4de declarar: \u201cEu vim para servir e n\u00e3o ser servido\u201d.\u00a0 Tornou-se ent\u00e3o at\u00e9 o Cordeiro imolado para salvar todas as ovelhas. Fez-se um Pastor universal. A\u00ed a raz\u00e3o pela qual um apostolado efetivo das ovelhas que se acham junto dele garante inclusive a credibilidade da sua Igreja na sua voca\u00e7\u00e3o de transfigurar toda a humanidade. Fora do redil do Bom Pastor n\u00e3o se tem a vida em abund\u00e2ncia. \u00c9 a\u00ed que se encontra a liberdade e o verdadeiro amor. Atrav\u00e9s de suas ovelhas fi\u00e9is o Bom Pastor v\u00ea ao longe outras ovelhas que Ele quer conduzir para a mesma felicidade. Para isto \u00e9 preciso o apostolado do bom exemplo atrav\u00e9s da\u00a0 corre\u00e7\u00e3o de vida, do perd\u00e3o cordial, sendo cada um o reflexo do Bom Pastor neste mundo t\u00e3o dissociado da virtude. Trata-se de uma grande tarefa que requer sabedoria e coragem para afastar os lobos vorazes que atacam o aprisco de Jesus.\u00a0 S\u00e3o feras que, segundo S\u00e3o Paulo \u201cprocuram os pr\u00f3prios interesses e n\u00e3o os de Jesus Cristo\u201d (Fil 2,21).\u00a0 Donde ser preciso uma identidade com o Bom Pastor para que haja a reta inten\u00e7\u00e3o de trabalhar afim de que haja um s\u00f3 rebanho e um s\u00f3 Pastor. Cumpre ouvir a voz do pastor verdadeiro e fazer com que outros tamb\u00e9m a escutem e ajam em consequ\u00eancia. Cada ovelha fiel a Jesus deve ser\u00a0 o princ\u00edpio e o liame desta realidade sublime. Entretanto, cada crist\u00e3o \u00e9 livre para generosamente contribuir para que ovelhas\u00a0 tresmalhadas venham para o verdadeiro redil do \u00fanico aut\u00eantico Pastor. Este livremente se sacrificou e se entregou \u00e0 morte por todos, mas quer a coopera\u00e7\u00e3o das ovelhas fi\u00e9is a fim de trazer as afastadas para junto dele. Pela ora\u00e7\u00e3o e pela a\u00e7\u00e3o o bom crist\u00e3o pode fazer com que a voz do Bom Pastor se estenda por toda a parte. Esta \u00e9 a voca\u00e7\u00e3o do seguidor de Cristo: trabalhar para a gl\u00f3ria de Deus e o crescimento do rebanho de Jesus. Trata-se de obter os bens eternos para si e para o pr\u00f3ximo. \u00c9 preciso cultivar sempre a pedagogia e a espiritualidade pr\u00f3prias das ovelhas de Cristo. \u00c9 necess\u00e1rio, portanto, imitar o Bom Pastor, ajudando-o a salvar as ovelhas perdidas atrav\u00e9s das \u00a0preces e do testemunho de vida. Unido a seu Pastor divino, quem assim a seu rebanho pertence cresce dia a dia na uni\u00e3o com Deus e na pr\u00e1tica efetiva de todas as virtudes. Est\u00e1 sempre atento \u00e0 sua voz, jamais se desvia do caminho por Ele tra\u00e7ado, evita tudo que possa desagrad\u00e1-lo. Da\u00ed uma fuga constante de todas as mensagens delet\u00e9rias lan\u00e7adas pelos seus inimigos nos meios de comunica\u00e7\u00e3o social. Uma ovelha de Jesus nunca acessa sites pornogr\u00e1ficos, mas foge de tudo que possa macular sua uni\u00e3o com Ele, impedindo o acatamento a tudo que Ele preceituou.<\/p>\n","protected":false},"excerpt":{"rendered":"<p>Jesus, o Bom Pastor, veio ao mundo oferecer \u00e0 humanidade a salva\u00e7\u00e3o e isto em plenitude. Afirmou categoricamente: \u201cEu vim para que todos tenham a vida e a tenham em abund\u00e2ncia\u201d (Jo,10,11-18). \u00a0Exerceu o m\u00fanus de um Pastor desvelado que se faz conhecido e reconhecido por todos que pertencem ao seu redil. Mostrou nitidamente que [&hellip;]<\/p>\n","protected":false},"author":7,"featured_media":32782,"comment_status":"open","ping_status":"closed","sticky":false,"template":"","format":"standard","meta":{"footnotes":""},"categories":[9],"tags":[],"class_list":["post-39968","post","type-post","status-publish","format-standard","has-post-thumbnail","hentry","category-artigos"],"_links":{"self":[{"href":"https:\/\/catolicanet.net\/wp-cnet\/wp-json\/wp\/v2\/posts\/39968","targetHints":{"allow":["GET"]}}],"collection":[{"href":"https:\/\/catolicanet.net\/wp-cnet\/wp-json\/wp\/v2\/posts"}],"about":[{"href":"https:\/\/catolicanet.net\/wp-cnet\/wp-json\/wp\/v2\/types\/post"}],"author":[{"embeddable":true,"href":"https:\/\/catolicanet.net\/wp-cnet\/wp-json\/wp\/v2\/users\/7"}],"replies":[{"embeddable":true,"href":"https:\/\/catolicanet.net\/wp-cnet\/wp-json\/wp\/v2\/comments?post=39968"}],"version-history":[{"count":1,"href":"https:\/\/catolicanet.net\/wp-cnet\/wp-json\/wp\/v2\/posts\/39968\/revisions"}],"predecessor-version":[{"id":39969,"href":"https:\/\/catolicanet.net\/wp-cnet\/wp-json\/wp\/v2\/posts\/39968\/revisions\/39969"}],"wp:featuredmedia":[{"embeddable":true,"href":"https:\/\/catolicanet.net\/wp-cnet\/wp-json\/wp\/v2\/media\/32782"}],"wp:attachment":[{"href":"https:\/\/catolicanet.net\/wp-cnet\/wp-json\/wp\/v2\/media?parent=39968"}],"wp:term":[{"taxonomy":"category","embeddable":true,"href":"https:\/\/catolicanet.net\/wp-cnet\/wp-json\/wp\/v2\/categories?post=39968"},{"taxonomy":"post_tag","embeddable":true,"href":"https:\/\/catolicanet.net\/wp-cnet\/wp-json\/wp\/v2\/tags?post=39968"}],"curies":[{"name":"wp","href":"https:\/\/api.w.org\/{rel}","templated":true}]}}