{"id":3996,"date":"2014-01-20T13:28:11","date_gmt":"2014-01-20T15:28:11","guid":{"rendered":"http:\/\/catolicanet.net\/wp-cnet\/sceam-debate-com-a-missio-estrategias-para-enfrentar-desafios-da-igreja-em-africa\/"},"modified":"2017-04-04T11:36:23","modified_gmt":"2017-04-04T14:36:23","slug":"sceam-debate-com-a-missio-estrategias-para-enfrentar-desafios-da-igreja-em-africa","status":"publish","type":"post","link":"https:\/\/catolicanet.net\/wp-cnet\/sceam-debate-com-a-missio-estrategias-para-enfrentar-desafios-da-igreja-em-africa\/","title":{"rendered":"SCEAM debate com a MISSIO estrat\u00e9gias para enfrentar desafios da Igreja em \u00c1frica"},"content":{"rendered":"<p style=\"text-align: justify;\"><img decoding=\"async\" src=\"http:\/\/www.catolicanet.com.br\/images\/stories\/sceam.jpg\" border=\"0\" align=\"left\" \/>Uma Delega\u00e7\u00e3o do SCEAM, Simp\u00f3sio das Confer\u00eancias Episcopais da \u00c1frica encontra-se a partir deste dia 20 numa visita de tr\u00eas dias \u00e0 Alemanha . Objectivo: debater com a organiza\u00e7\u00e3o eclesial MISSIO sobre a forma de os dois organismos colaborarem de forma mais positiva na procura de solu\u00e7\u00f5es para os desafios da Igreja em \u00c1frica.<br \/>O encontro debru\u00e7ar-se-\u00e1 tamb\u00e9m sobre a elabora\u00e7\u00e3o de um plano estrat\u00e9gico quinquenal sobre a forma de p\u00f4r em acto as recomenda\u00e7\u00f5es das Exorta\u00e7\u00f5es Apost\u00f3licas p\u00f3s-sinodais Africae Munus e Ecclesia in \u00c1frica.<br \/>A delega\u00e7\u00e3o \u00e9 chefiada pelo Presidente do SCEAM, D. Gabriel Mbilingi, angolano, e inclui D. Lu\u00eds Portela, do Congo Brazzaville, e D. Anokye, do Gana, respectivamente primeiro e segundo vice-presdientes do SCEAM. Fazem ainda parte da delega\u00e7\u00e3o o secret\u00e1rio geral do SCEAM e outros seis membros do secretariado.<br \/>Os tr\u00eas bispos tra\u00e7ar\u00e3o \u00e0 MISSIO uma panor\u00e2mica geral do continente africano do ponto de vista religioso, pol\u00edtico e s\u00f3cio-econ\u00f3mico, e da situa\u00e7\u00e3o particular dos seus respectivos pa\u00edses.<br \/>A visita prev\u00ea tamb\u00e9m uma s\u00e9rie de encontros com a MISERIOR e com representantes do Secretariado da Confer\u00eancia Episcopal Alem\u00e3 em Bona.<br \/>Alguns membros de delega\u00e7\u00e3o ir\u00e3o depois a Luxemburgo para um encontro com os dirigentes da CIDSE, a Confedera\u00e7\u00e3o de 16 organiza\u00e7\u00f5es cat\u00f3licas da Europa e Am\u00e9rica do Norte, activa em 120 pa\u00edses do mundo.<\/p>\n<p style=\"text-align: justify;\">\u00a0<\/p>\n<p style=\"text-align: justify;\"><strong>Local: Cidade do Vaticano<br \/>Fonte: R\u00e1dio Vaticano<\/strong><\/p>\n","protected":false},"excerpt":{"rendered":"<p>Uma Delega\u00e7\u00e3o do SCEAM, Simp\u00f3sio das Confer\u00eancias Episcopais da \u00c1frica encontra-se a partir deste dia 20 numa visita de tr\u00eas dias \u00e0 Alemanha . Objectivo: debater com a organiza\u00e7\u00e3o eclesial MISSIO sobre a forma de os dois organismos colaborarem de forma mais positiva na procura de solu\u00e7\u00f5es para os desafios da Igreja em \u00c1frica.O encontro [&hellip;]<\/p>\n","protected":false},"author":1,"featured_media":3995,"comment_status":"closed","ping_status":"closed","sticky":false,"template":"","format":"standard","meta":{"footnotes":""},"categories":[3],"tags":[],"class_list":["post-3996","post","type-post","status-publish","format-standard","has-post-thumbnail","hentry","category-vaticano"],"_links":{"self":[{"href":"https:\/\/catolicanet.net\/wp-cnet\/wp-json\/wp\/v2\/posts\/3996","targetHints":{"allow":["GET"]}}],"collection":[{"href":"https:\/\/catolicanet.net\/wp-cnet\/wp-json\/wp\/v2\/posts"}],"about":[{"href":"https:\/\/catolicanet.net\/wp-cnet\/wp-json\/wp\/v2\/types\/post"}],"author":[{"embeddable":true,"href":"https:\/\/catolicanet.net\/wp-cnet\/wp-json\/wp\/v2\/users\/1"}],"replies":[{"embeddable":true,"href":"https:\/\/catolicanet.net\/wp-cnet\/wp-json\/wp\/v2\/comments?post=3996"}],"version-history":[{"count":1,"href":"https:\/\/catolicanet.net\/wp-cnet\/wp-json\/wp\/v2\/posts\/3996\/revisions"}],"predecessor-version":[{"id":9008,"href":"https:\/\/catolicanet.net\/wp-cnet\/wp-json\/wp\/v2\/posts\/3996\/revisions\/9008"}],"wp:featuredmedia":[{"embeddable":true,"href":"https:\/\/catolicanet.net\/wp-cnet\/wp-json\/wp\/v2\/media\/3995"}],"wp:attachment":[{"href":"https:\/\/catolicanet.net\/wp-cnet\/wp-json\/wp\/v2\/media?parent=3996"}],"wp:term":[{"taxonomy":"category","embeddable":true,"href":"https:\/\/catolicanet.net\/wp-cnet\/wp-json\/wp\/v2\/categories?post=3996"},{"taxonomy":"post_tag","embeddable":true,"href":"https:\/\/catolicanet.net\/wp-cnet\/wp-json\/wp\/v2\/tags?post=3996"}],"curies":[{"name":"wp","href":"https:\/\/api.w.org\/{rel}","templated":true}]}}