{"id":39879,"date":"2018-04-12T15:04:55","date_gmt":"2018-04-12T18:04:55","guid":{"rendered":"http:\/\/catolicanet.net\/wp-cnet\/?p=39879"},"modified":"2018-04-12T15:04:55","modified_gmt":"2018-04-12T18:04:55","slug":"dia-oracional-contempla-a-ressurreicao-de-cristo-e-pede-pela-saude-dos-brasileiros","status":"publish","type":"post","link":"https:\/\/catolicanet.net\/wp-cnet\/dia-oracional-contempla-a-ressurreicao-de-cristo-e-pede-pela-saude-dos-brasileiros\/","title":{"rendered":"Dia Oracional contempla a Ressurrei\u00e7\u00e3o de Cristo e pede pela sa\u00fade dos brasileiros"},"content":{"rendered":"<p style=\"text-align: justify;\">A celebra\u00e7\u00e3o meditou a Ressurrei\u00e7\u00e3o de Cristo, sinal de vida nova, colocando como\u00a0<b>inten\u00e7\u00e3o principal a sa\u00fade de todo o povo brasileiro<\/b>.<\/p>\n<p style=\"text-align: justify;\">\u201cSa\u00fade \u00e9 um direito de todos, sa\u00fade \u00e9 compromisso de f\u00e9, sa\u00fade \u00e9 dever do Estado\u201d, ressaltou padre Jo\u00e3o Batista de Almeida, reitor do Santu\u00e1rio de Aparecida.<\/p>\n<p style=\"text-align: justify;\"><b>Padre Jo\u00e3o Batista tamb\u00e9m lembrou a import\u00e2ncia do trabalho da Pastoral da Sa\u00fade<\/b>, que tem a miss\u00e3o de zelar pelos pobres e enfermos. \u201cA Pastoral da Sa\u00fade vem com o seu trabalho, atender o apelo da nossa Igreja que \u00e9 cuidar dos mais necessitados\u201d.<\/p>\n<p style=\"text-align: justify;\">Durante a exposi\u00e7\u00e3o do Sant\u00edssimo Sacramento os devotos adoraram a Cristo, rezando pelo Seu consolo nos momentos de dor e dificuldade.<\/p>\n<p style=\"text-align: justify;\">Rogando pela\u00a0<b>intercess\u00e3o de Nossa Senhora Aparecida os devotos rezaram pelo comprometimento de trabalhar para que as realidades terrenas sejam transformadas\u00a0<\/b>pela gra\u00e7a divina, e que cada crist\u00e3o ou\u00e7a o principal pedido da M\u00e3e de Deus: \u201cFazei tudo o que ele vos disser\u201d\u00a0Jo 2, 5.<\/p>\n<div class=\"image\" style=\"text-align: justify;\" contenteditable=\"false\">\n<img decoding=\"async\" title=\"Thiago Leon\" src=\"http:\/\/www.a12.com\/source\/files\/originals\/Dia_Oracional_-_Abril_2018_18.jpg\" alt=\"Thiago Leon\" \/><br \/>\n<span class=\"image__subtitle\">Dia Oracional reza pelos estados de Rond\u00f4nia, Par\u00e1 e Para\u00edba nesse m\u00eas de abril.<\/span><\/div>\n<p>&nbsp;<\/p>\n<p style=\"text-align: justify;\">Nesse Dia Oracional os estados de\u00a0<b>Rond\u00f4nia, Par\u00e1 e Para\u00edba, foram colocados aos p\u00e9s da M\u00e3e Aparecida<\/b>, representados por suas bandeiras, como um pedido especial de ora\u00e7\u00e3o a cada um.<\/p>\n<p style=\"text-align: justify;\">Ao final da celebra\u00e7\u00e3o, acompanhando o\u00a0<a href=\"http:\/\/www.a12.com\/santuario\/campanha-dos-devotos\/noticias\/como-usar-seu-guia-oracional-caminho-do-rosario-08-01-2018-06-00-02\" target=\"_blank\" rel=\"noopener\">Guia Oracional Caminho do Ros\u00e1rio<\/a>\u00a0os fi\u00e9is confiaram as necessidades do Brasil \u00e0 intercess\u00e3o de Nossa Senhora Aparecida, rezando a\u00a0ora\u00e7\u00e3o feita em 1931, durante a proclama\u00e7\u00e3o do t\u00edtulo de Padroeira do Brasil.<\/p>\n<p style=\"text-align: justify;\">Envie suas inten\u00e7\u00f5es para o Dia Oracional\u00a0e reserve o dia 12 de cada m\u00eas para rezar pelo Brasil e o povo brasileiro.<\/p>\n","protected":false},"excerpt":{"rendered":"<p>A celebra\u00e7\u00e3o meditou a Ressurrei\u00e7\u00e3o de Cristo, sinal de vida nova, colocando como\u00a0inten\u00e7\u00e3o principal a sa\u00fade de todo o povo brasileiro. \u201cSa\u00fade \u00e9 um direito de todos, sa\u00fade \u00e9 compromisso de f\u00e9, sa\u00fade \u00e9 dever do Estado\u201d, ressaltou padre Jo\u00e3o Batista de Almeida, reitor do Santu\u00e1rio de Aparecida. Padre Jo\u00e3o Batista tamb\u00e9m lembrou a import\u00e2ncia [&hellip;]<\/p>\n","protected":false},"author":1,"featured_media":39880,"comment_status":"open","ping_status":"closed","sticky":false,"template":"","format":"standard","meta":{"footnotes":""},"categories":[4,13],"tags":[],"class_list":["post-39879","post","type-post","status-publish","format-standard","has-post-thumbnail","hentry","category-cotidiano","category-featured"],"_links":{"self":[{"href":"https:\/\/catolicanet.net\/wp-cnet\/wp-json\/wp\/v2\/posts\/39879","targetHints":{"allow":["GET"]}}],"collection":[{"href":"https:\/\/catolicanet.net\/wp-cnet\/wp-json\/wp\/v2\/posts"}],"about":[{"href":"https:\/\/catolicanet.net\/wp-cnet\/wp-json\/wp\/v2\/types\/post"}],"author":[{"embeddable":true,"href":"https:\/\/catolicanet.net\/wp-cnet\/wp-json\/wp\/v2\/users\/1"}],"replies":[{"embeddable":true,"href":"https:\/\/catolicanet.net\/wp-cnet\/wp-json\/wp\/v2\/comments?post=39879"}],"version-history":[{"count":1,"href":"https:\/\/catolicanet.net\/wp-cnet\/wp-json\/wp\/v2\/posts\/39879\/revisions"}],"predecessor-version":[{"id":39881,"href":"https:\/\/catolicanet.net\/wp-cnet\/wp-json\/wp\/v2\/posts\/39879\/revisions\/39881"}],"wp:featuredmedia":[{"embeddable":true,"href":"https:\/\/catolicanet.net\/wp-cnet\/wp-json\/wp\/v2\/media\/39880"}],"wp:attachment":[{"href":"https:\/\/catolicanet.net\/wp-cnet\/wp-json\/wp\/v2\/media?parent=39879"}],"wp:term":[{"taxonomy":"category","embeddable":true,"href":"https:\/\/catolicanet.net\/wp-cnet\/wp-json\/wp\/v2\/categories?post=39879"},{"taxonomy":"post_tag","embeddable":true,"href":"https:\/\/catolicanet.net\/wp-cnet\/wp-json\/wp\/v2\/tags?post=39879"}],"curies":[{"name":"wp","href":"https:\/\/api.w.org\/{rel}","templated":true}]}}