{"id":39873,"date":"2018-04-12T14:52:13","date_gmt":"2018-04-12T17:52:13","guid":{"rendered":"http:\/\/catolicanet.net\/wp-cnet\/?p=39873"},"modified":"2018-04-12T14:52:13","modified_gmt":"2018-04-12T17:52:13","slug":"nao-ser-cristaos-aguados-que-esquecem-a-alegria-do-testemunho-exorta-o-papa","status":"publish","type":"post","link":"https:\/\/catolicanet.net\/wp-cnet\/nao-ser-cristaos-aguados-que-esquecem-a-alegria-do-testemunho-exorta-o-papa\/","title":{"rendered":"N\u00e3o ser crist\u00e3os aguados que esquecem a alegria do testemunho, exorta o Papa"},"content":{"rendered":"<p style=\"text-align: justify;\">Na\u00a0Missa\u00a0presida na capela de Santa Marta na manh\u00e3 de hoje, o Papa Francisco falou contra os crist\u00e3os aguados que mal se lembram da obra de Deus na\u00a0vida\u00a0deles.<\/p>\n<p style=\"text-align: justify;\">\u201cAcontece que muitas vezes os pecados, os comprometimentos, o medo, nos fazem esquecer este primeiro encontro, do encontro que nos mudou a vida. E nos remete a uma lembran\u00e7a, mas a uma lembran\u00e7a aguada; nos faz crist\u00e3os mas como \u2018col\u00f4nia de rosas\u2019. Aguados, superficiais\u201d.<\/p>\n<p style=\"text-align: justify;\">Francisco pediu para recordar o primeiro encontro com Jesus que &#8220;mudou sua vida&#8221; e explicou que uma boa ocasi\u00e3o s\u00e3o os 50 dias do tempo pascal, que foram para os ap\u00f3stolos um &#8220;tempo de alegria&#8221;.<\/p>\n<p style=\"text-align: justify;\">O Santo Padre destacou que \u201cuma vida de obedi\u00eancia\u201d \u00e9 aquela que caracteriza os ap\u00f3stolos que receberam o Esp\u00edrito Santo para continuar sua miss\u00e3o. \u00c9 por isso que os crist\u00e3os s\u00e3o &#8220;aqueles que obedecem a Deus&#8221;.<\/p>\n<div class=\"ad_inline\" style=\"text-align: justify;\">\n<div id=\"div-gpt-ad-1472661422739-0\" data-google-query-id=\"CLeGv4WmtdoCFSLJ4QodQnIF9g\">\n<div id=\"google_ads_iframe_\/4493921\/ACI_D_Article_1_0__container__\">Comentando as leituras do dia, recordou que as coisas mundanas eram &#8220;o dinheiro&#8221; e lembrou como o pr\u00f3prio Jesus disse que n\u00e3o se podia servir o Senhor e o dinheiro.<\/div>\n<\/div>\n<\/div>\n<p style=\"text-align: justify;\">Mas os ap\u00f3stolos tamb\u00e9m d\u00e3o \u201ctestemunho\u201d: \u201co testemunho crist\u00e3o incomoda. O testemunho crist\u00e3o n\u00e3o conhece o \u2018meio-termo\u2019 e conhece a paci\u00eancia de acompanhar as pessoas que n\u00e3o compartilham o nosso modo de pensar, a nossa f\u00e9, de tolerar, mas jamais de vender a verdade\u201d.<\/p>\n<p style=\"text-align: justify;\">\u201cPrimeiro, obedi\u00eancia. Segundo, testemunho, que incomoda tanto. E todas as persegui\u00e7\u00f5es que existem, daquela \u00e9poca at\u00e9 hoje&#8230; Pensem nos crist\u00e3os perseguidos na \u00c1frica, no Oriente M\u00e9dio\u2026 Mas existem mais do que nos primeiros tempos, na pris\u00e3o, degolados, enforcados por confessar Jesus. Testemunho at\u00e9 o fim\u201d.<\/p>\n<p style=\"text-align: justify;\">O Papa tamb\u00e9m destacou que os ap\u00f3stolos falavam de coisas concretas e &#8220;n\u00e3o de f\u00e1bulas&#8221;.<\/p>\n<p style=\"text-align: justify;\">\u201cDevemos pedir sempre a gra\u00e7a ao Esp\u00edrito Santo da concretude. Jesus passou pela minha vida, pelo meu cora\u00e7\u00e3o. O Esp\u00edrito entrou em mim. Talvez, depois, tenha esquecido, mas a gra\u00e7a da mem\u00f3ria do primeiro encontro\u201d.<\/p>\n<p style=\"text-align: justify;\">Portanto, \u201c\u00e9 tempo de pedir a alegria pascal\u201d. \u201cPe\u00e7amos\u00a0<em>uns aos outros, mas aquela verdadeira alegria que vem do Esp\u00edrito Santo, que d\u00e1 o Esp\u00edrito Santo: a alegria da obedi\u00eancia pascal, a alegria do testemunho pascal e a alegria da concretude pascal\u201d.<\/em><\/p>\n","protected":false},"excerpt":{"rendered":"<p>Na\u00a0Missa\u00a0presida na capela de Santa Marta na manh\u00e3 de hoje, o Papa Francisco falou contra os crist\u00e3os aguados que mal se lembram da obra de Deus na\u00a0vida\u00a0deles. \u201cAcontece que muitas vezes os pecados, os comprometimentos, o medo, nos fazem esquecer este primeiro encontro, do encontro que nos mudou a vida. E nos remete a uma [&hellip;]<\/p>\n","protected":false},"author":1,"featured_media":39874,"comment_status":"open","ping_status":"closed","sticky":false,"template":"","format":"standard","meta":{"footnotes":""},"categories":[3],"tags":[],"class_list":["post-39873","post","type-post","status-publish","format-standard","has-post-thumbnail","hentry","category-vaticano"],"_links":{"self":[{"href":"https:\/\/catolicanet.net\/wp-cnet\/wp-json\/wp\/v2\/posts\/39873","targetHints":{"allow":["GET"]}}],"collection":[{"href":"https:\/\/catolicanet.net\/wp-cnet\/wp-json\/wp\/v2\/posts"}],"about":[{"href":"https:\/\/catolicanet.net\/wp-cnet\/wp-json\/wp\/v2\/types\/post"}],"author":[{"embeddable":true,"href":"https:\/\/catolicanet.net\/wp-cnet\/wp-json\/wp\/v2\/users\/1"}],"replies":[{"embeddable":true,"href":"https:\/\/catolicanet.net\/wp-cnet\/wp-json\/wp\/v2\/comments?post=39873"}],"version-history":[{"count":1,"href":"https:\/\/catolicanet.net\/wp-cnet\/wp-json\/wp\/v2\/posts\/39873\/revisions"}],"predecessor-version":[{"id":39875,"href":"https:\/\/catolicanet.net\/wp-cnet\/wp-json\/wp\/v2\/posts\/39873\/revisions\/39875"}],"wp:featuredmedia":[{"embeddable":true,"href":"https:\/\/catolicanet.net\/wp-cnet\/wp-json\/wp\/v2\/media\/39874"}],"wp:attachment":[{"href":"https:\/\/catolicanet.net\/wp-cnet\/wp-json\/wp\/v2\/media?parent=39873"}],"wp:term":[{"taxonomy":"category","embeddable":true,"href":"https:\/\/catolicanet.net\/wp-cnet\/wp-json\/wp\/v2\/categories?post=39873"},{"taxonomy":"post_tag","embeddable":true,"href":"https:\/\/catolicanet.net\/wp-cnet\/wp-json\/wp\/v2\/tags?post=39873"}],"curies":[{"name":"wp","href":"https:\/\/api.w.org\/{rel}","templated":true}]}}