{"id":39863,"date":"2018-04-11T14:00:44","date_gmt":"2018-04-11T17:00:44","guid":{"rendered":"http:\/\/catolicanet.net\/wp-cnet\/?p=39863"},"modified":"2018-04-12T15:32:42","modified_gmt":"2018-04-12T18:32:42","slug":"56a-assembleia-geral-da-cnbb-comeca-hoje-e-refletira-sobre-a-formacao-de-presbiteros","status":"publish","type":"post","link":"https:\/\/catolicanet.net\/wp-cnet\/56a-assembleia-geral-da-cnbb-comeca-hoje-e-refletira-sobre-a-formacao-de-presbiteros\/","title":{"rendered":"56\u00aa Assembleia Geral da CNBB come\u00e7a hoje e refletir\u00e1 sobre a Forma\u00e7\u00e3o de Presb\u00edteros"},"content":{"rendered":"<p style=\"text-align: justify;\">Nesta quarta-feira, 11, teve in\u00edcio a 56\u00aa Assembleia Geral dos\u00a0Bispos\u00a0com o tema \u201cDiretrizes para a Forma\u00e7\u00e3o de Presb\u00edteros\u201d. Cerca de 477 bispos cat\u00f3licos do Brasil est\u00e3o reunidos em Aparecida (SP) de 11 a 20 de abril deste ano para tratar o tema da forma\u00e7\u00e3o sacerdotal no Brasil, al\u00e9m de outros temas pertinentes aos atuais desafios da\u00a0Igreja\u00a0no contexto da Nova Evangeliza\u00e7\u00e3o.<\/p>\n<p style=\"text-align: justify;\">Segundo o site oficial da CNBB, \u201co Bispo Auxiliar de Bras\u00edlia (DF) e Secret\u00e1rio-Geral da CNBB, Dom Leonardo Ulrich Steiner\u201d, ser\u00e1 substitu\u00eddo na Assembleia Geral deste ano \u201cpor um secret\u00e1rio ad hoc\u201d. \u201cO objetivo dos bispos ser\u00e1 o de atualizar as diretrizes em vigor, aprovadas em 2010, por ocasi\u00e3o da 48\u00aa Assembleia Geral da CNBB. \u201cEssa atualiza\u00e7\u00e3o \u00e9 motivada especialmente pelo magist\u00e9rio do Papa Francisco e pela publica\u00e7\u00e3o pela Congrega\u00e7\u00e3o para o Clero do documento, \u2018O dom da voca\u00e7\u00e3o presbiteral\u2019, que constitui a chamada Ratio Fundamentalis Institutionis Sacerdotalis\u201d\u201d.<\/p>\n<p style=\"text-align: justify;\">Segundo o Portal A12, o site oficial de not\u00edcias do Santu\u00e1rio Nacional de Aparecida, durante a\u00a0missa\u00a0de abertura da Assembleia, \u201cDom S\u00e9rgio enfatizou a import\u00e2ncia de iniciar o encontro dos Bispos na Casa da M\u00e3e Aparecida com a\u00a0Eucaristia, que \u00e9 sustento da\u00a0vida\u00a0de todo o crist\u00e3o\u201d. \u201cEssa celebra\u00e7\u00e3o eucar\u00edstica \u00e9 o primeiro ato da Assembleia Geral e assinala a recorda\u00e7\u00e3o que a Eucaristia \u00e9 o sustento da nossa vida e a fonte da comunh\u00e3o desses dias da Assembleia e de toda a nossa vida, afim de que nossas a\u00e7\u00f5es sejam realizadas em Deus\u201d, assinalou.<\/p>\n<p style=\"text-align: justify;\">\u201cO presidente da CNBB tamb\u00e9m lembra que \u00e9 por meio da ora\u00e7\u00e3o que os desafios para a realiza\u00e7\u00e3o da miss\u00e3o da Igreja nos dias de hoje ser\u00e3o superados, enfatizando que \u201cN\u00e3o podemos desanimar&#8230; as dificuldades n\u00e3o devem impedir o an\u00fancio da Palavra de Deus\u201d, reporta o A12.<\/p>\n<p style=\"text-align: justify;\">\u201cO encontro vai tratar ainda de outras tem\u00e1ticas e de problemas emergentes da vida das pessoas e da sociedade sempre na perspectiva da evangeliza\u00e7\u00e3o\u201d, afirmou anteriormente o site da entidade.<\/p>\n<div class=\"ad_inline\" style=\"text-align: justify;\">\n<div id=\"div-gpt-ad-1472661422739-0\" data-google-query-id=\"CKrGsLzqtNoCFYQXhgod-EAIjQ\">\n<div id=\"google_ads_iframe_\/4493921\/ACI_D_Article_1_0__container__\">Ainda segundo o Potal A12, ap\u00f3s &#8220;a conclus\u00e3o das discuss\u00f5es da 56\u00aa Assembleia Geral a expectativa \u00e9 que as percep\u00e7\u00f5es integrem um texto base que ser\u00e1 apresentado \u00e0 Congrega\u00e7\u00e3o para o Clero do Vaticano, onde deve ser referendado, e se tornar\u00e1 um documento da CNBB que orientar\u00e1 a forma\u00e7\u00e3o dos novos presb\u00edteros&#8221;.<\/div>\n<\/div>\n<\/div>\n<p style=\"text-align: justify;\">Nas redes sociais, cat\u00f3licos brasileiros v\u00eam manifestando o desejo que a CNBB aproveite a ocasi\u00e3o para trazer mais respostas \u00e0s den\u00fancias recentes envolvendo a entidade. \u00c9 o caso das not\u00edcias sobre o \u00a0repasse de dinheiro do Fundo Nacional de Solidariedade \u00e0 ABONG, uma associa\u00e7\u00e3o de ONGs que abriga entidades amplamente contr\u00e1rias \u00e0 doutrina da Igreja e preste maiores esclarecimentos sobre os fatos que levaram \u00e0 pris\u00e3o o bispo de Formosa (GO), Dom Jos\u00e9 Ronaldo Ribeiro, acusado pelo Minist\u00e9rio P\u00fablico do Estado de desviar anualmente R$1 milh\u00e3o de sua diocese e usar dinheiro das par\u00f3quias para compra de uma fazenda de gado e uma casa lot\u00e9rica.<\/p>\n<p style=\"text-align: justify;\">Por parte da imprensa, o site O Antagonista, especializado em temas de pol\u00edtica e an\u00e1lises de conjuntura, afirmou que \u201centre os assuntos sobre os quais se exige um posicionamento da c\u00fapula da Igreja, est\u00e3o a instrumentaliza\u00e7\u00e3o pol\u00edtica da Confer\u00eancia (escancarada em recente encontro das chamadas Comunidades Eclesiais de Base em Londrina e na presen\u00e7a de um bispo em\u00e9rito na presepada de Lula no Sindicato dos Metal\u00fargicos do ABC) e a falta de transpar\u00eancia dos recursos doados pelos fi\u00e9is (que tem como exemplo o esc\u00e2ndalo de roubo de ofertas que levou para a cadeia o bispo de Formosa, em Goi\u00e1s)\u201d.<\/p>\n<p style=\"text-align: justify;\">Os cat\u00f3licos brasileiros poder\u00e3o acompanhar a 56\u00aa Assembleia da CNBB atrav\u00e9s das redes sociais:<\/p>\n<p style=\"text-align: justify;\">Instagram:\u00a0<a href=\"https:\/\/www.instagram.com\/cnbbnacional\/\">@cnbbnacional<\/a><\/p>\n<p style=\"text-align: justify;\">Facebook:<a href=\"https:\/\/www.facebook.com\/cnbbnacional\">\u00a0https:\/\/www.facebook.com\/cnbbnacional<\/a><\/p>\n<p style=\"text-align: justify;\">Flickr:\u00a0<a href=\"https:\/\/www.flickr.com\/photos\/cnbbnacional\">https:\/\/www.flickr.com\/photos\/cnbbnacional<\/a><\/p>\n<p style=\"text-align: justify;\">Twitter:\u00a0<a href=\"https:\/\/twitter.com\/cnbbnacional?lang=pt\">https:\/\/twitter.com\/cnbbnacional?lang=pt<\/a><\/p>\n<p style=\"text-align: justify;\">Os usu\u00e1rios tamb\u00e9m poder\u00e3o mandar aos bispos reunidos em Aparecida os seus recados em imagem, som ou voz, utilizando a hashtag: #56AGCNBB.<\/p>\n","protected":false},"excerpt":{"rendered":"<p>Nesta quarta-feira, 11, teve in\u00edcio a 56\u00aa Assembleia Geral dos\u00a0Bispos\u00a0com o tema \u201cDiretrizes para a Forma\u00e7\u00e3o de Presb\u00edteros\u201d. Cerca de 477 bispos cat\u00f3licos do Brasil est\u00e3o reunidos em Aparecida (SP) de 11 a 20 de abril deste ano para tratar o tema da forma\u00e7\u00e3o sacerdotal no Brasil, al\u00e9m de outros temas pertinentes aos atuais desafios [&hellip;]<\/p>\n","protected":false},"author":1,"featured_media":15524,"comment_status":"open","ping_status":"closed","sticky":false,"template":"","format":"standard","meta":{"footnotes":""},"categories":[13],"tags":[],"class_list":["post-39863","post","type-post","status-publish","format-standard","has-post-thumbnail","hentry","category-featured"],"_links":{"self":[{"href":"https:\/\/catolicanet.net\/wp-cnet\/wp-json\/wp\/v2\/posts\/39863","targetHints":{"allow":["GET"]}}],"collection":[{"href":"https:\/\/catolicanet.net\/wp-cnet\/wp-json\/wp\/v2\/posts"}],"about":[{"href":"https:\/\/catolicanet.net\/wp-cnet\/wp-json\/wp\/v2\/types\/post"}],"author":[{"embeddable":true,"href":"https:\/\/catolicanet.net\/wp-cnet\/wp-json\/wp\/v2\/users\/1"}],"replies":[{"embeddable":true,"href":"https:\/\/catolicanet.net\/wp-cnet\/wp-json\/wp\/v2\/comments?post=39863"}],"version-history":[{"count":3,"href":"https:\/\/catolicanet.net\/wp-cnet\/wp-json\/wp\/v2\/posts\/39863\/revisions"}],"predecessor-version":[{"id":39894,"href":"https:\/\/catolicanet.net\/wp-cnet\/wp-json\/wp\/v2\/posts\/39863\/revisions\/39894"}],"wp:featuredmedia":[{"embeddable":true,"href":"https:\/\/catolicanet.net\/wp-cnet\/wp-json\/wp\/v2\/media\/15524"}],"wp:attachment":[{"href":"https:\/\/catolicanet.net\/wp-cnet\/wp-json\/wp\/v2\/media?parent=39863"}],"wp:term":[{"taxonomy":"category","embeddable":true,"href":"https:\/\/catolicanet.net\/wp-cnet\/wp-json\/wp\/v2\/categories?post=39863"},{"taxonomy":"post_tag","embeddable":true,"href":"https:\/\/catolicanet.net\/wp-cnet\/wp-json\/wp\/v2\/tags?post=39863"}],"curies":[{"name":"wp","href":"https:\/\/api.w.org\/{rel}","templated":true}]}}