{"id":39860,"date":"2018-04-12T10:23:42","date_gmt":"2018-04-12T13:23:42","guid":{"rendered":"http:\/\/catolicanet.net\/wp-cnet\/?p=39860"},"modified":"2018-04-12T10:23:42","modified_gmt":"2018-04-12T13:23:42","slug":"padre-diretor-do-pateo-do-collegio-apos-pichacao-a-recuperacao-nao-sera-facil","status":"publish","type":"post","link":"https:\/\/catolicanet.net\/wp-cnet\/padre-diretor-do-pateo-do-collegio-apos-pichacao-a-recuperacao-nao-sera-facil\/","title":{"rendered":"Padre diretor do Pateo do Collegio ap\u00f3s picha\u00e7\u00e3o: a recupera\u00e7\u00e3o n\u00e3o ser\u00e1 f\u00e1cil"},"content":{"rendered":"<p style=\"text-align: justify;\">Nesta ter\u00e7a-feira, 10, a fachada do Pateo do Collegio, a escola fundada por S\u00e3o Jos\u00e9 de Anchieta e onde est\u00e1 o marco zero da cidade de S\u00e3o Paulo, amanheceu pichada em letras vermelhas com a frase: \u201colhai por nois\u201d e, segundo o sacerdote diretor do Patteo, Pe. Carlos Alberto Contieri, a restaura\u00e7\u00e3o n\u00e3o ser\u00e1 f\u00e1cil e ainda se estima quanto custar\u00e1.<\/p>\n<div class=\"SandboxRoot env-bp-350\" style=\"text-align: justify;\" data-twitter-event-id=\"0\">\n<div id=\"twitter-widget-0\" class=\"EmbeddedTweet EmbeddedTweet--edge EmbeddedTweet--mediaForward media-forward js-clickToOpenTarget js-tweetIdInfo tweet-InformationCircle-widgetParent\" lang=\"pt\" data-click-to-open-target=\"https:\/\/twitter.com\/g1\/status\/984023177163628551\" data-iframe-title=\"Tweet do Twitter\" data-dt-full=\"%{hours24}: %{minutes} - %{day} %{month} %{year} \" data-dt-explicit-timestamp=\"07:59 - 11 de abr de 2018\" data-dt-months=\"jan|fev|mar|abr|maio|jun|jul|ago|set|out|nov|dez\" data-dt-am=\"AM\" data-dt-pm=\"PM\" data-dt-now=\"agora\" data-dt-s=\"s\" data-dt-m=\"m\" data-dt-h=\"h\" data-dt-second=\"segundo\" data-dt-seconds=\"segundos\" data-dt-minute=\"minuto\" data-dt-minutes=\"minutos\" data-dt-hour=\"hora\" data-dt-hours=\"horas\" data-dt-abbr=\"%{number}%{symbol}\" data-dt-short=\"%{day} %{month}\" data-dt-long=\"%{day} %{month} %{year}\" data-scribe=\"page:tweet\" data-tweet-id=\"984023177163628551\" data-twitter-event-id=\"3\">\n<article class=\"MediaCard\n           MediaCard--mediaForward\n\n           customisable-border\" dir=\"ltr\" data-scribe=\"component:card\"><\/p>\n<div class=\"MediaCard-media\"><a class=\"MediaCard-borderOverlay\" tabindex=\"-1\" title=\"Ver imagem no Twitter\" role=\"presentation\" href=\"https:\/\/twitter.com\/g1\/status\/984023177163628551\/photo\/1\"><span class=\"u-hiddenVisually\">Ver imagem no Twitter<\/span><\/a><\/p>\n<div class=\"MediaCard-widthConstraint js-cspForcedStyle\" data-style=\"max-width: 1200px\">\n<div class=\"MediaCard-mediaContainer js-cspForcedStyle\" data-style=\"padding-bottom: 45.8333%\"><a class=\"MediaCard-mediaAsset NaturalImage\" href=\"https:\/\/twitter.com\/g1\/status\/984023177163628551\/photo\/1\" data-scribe=\"element:photo\"><img loading=\"lazy\" decoding=\"async\" class=\"NaturalImage-image\" title=\"Ver imagem no Twitter\" src=\"https:\/\/pbs.twimg.com\/media\/Dafz22bWkAI5Vgw?format=jpg&amp;name=small\" alt=\"Ver imagem no Twitter\" width=\"1200\" height=\"550\" data-image=\"https:\/\/pbs.twimg.com\/media\/Dafz22bWkAI5Vgw\" \/><\/a><\/div>\n<\/div>\n<\/div>\n<\/article>\n<div class=\"EmbeddedTweet-tweet\"><\/div>\n<div class=\"tweet-InformationCircle--top tweet-InformationCircle--topEdge tweet-InformationCircle\" data-scribe=\"element:notice\">\u201cOs danos s\u00e3o grandes, vai precisar recuperar toda a fachada, em toda a sua extens\u00e3o, de alto a baixo. N\u00e3o \u00e9 uma recupera\u00e7\u00e3o f\u00e1cil, porque atingiu n\u00e3o s\u00f3 a tinta, mas os azulejos, os vidros e as esquadrias de madeira das janelas\u201d, detalhou Padre Contieri ao portal de not\u00edcias da Ag\u00eancia Brasil.<\/div>\n<\/div>\n<\/div>\n<p style=\"text-align: justify;\">O sacerdote expressou tamb\u00e9m surpresa diante do fato, pois foi a primeira vez que a institui\u00e7\u00e3o se tornou alvo desse tipo de vandalismo. Entretanto, o religioso j\u00e1 vinha pedindo por mais vigil\u00e2ncia na \u00e1rea. Ao Portal G1, o sacerdote disse que h\u00e1 dois anos pede por mais seguran\u00e7a no local.<\/p>\n<div class=\"ad_inline\" style=\"text-align: justify;\">\n<div id=\"div-gpt-ad-1472661422739-0\" data-google-query-id=\"CMPd457ptNoCFYsrHwod6REO4g\">\n<div id=\"google_ads_iframe_\/4493921\/ACI_D_Article_1_0__container__\">&#8220;N\u00f3s estamos reclamando tanto com o governo do estado como com o governo municipal que \u00e9 necess\u00e1rio manter uma seguran\u00e7a permanente aqui, de 24 horas nessa pra\u00e7a. Recebemos aqui diversas escolas e turistas todos os dias\u201d, afirmou.<\/div>\n<\/div>\n<\/div>\n<p style=\"text-align: justify;\">Pe. Carlos Alberto Contieri, disse que o custo de recupera\u00e7\u00e3o da fachada ainda n\u00e3o foi estimado.<\/p>\n<p style=\"text-align: justify;\">Por sua parte, a Secretaria de Seguran\u00e7a P\u00fablica (SSP) informou \u00e0 Ag\u00eancia Brasil \u201cque existem bases comunit\u00e1rias da Pol\u00edcia Militar que circulam pela regi\u00e3o do patrim\u00f4nio hist\u00f3rico e que a PM est\u00e1 em contato com a comunidade para reavaliar a opera\u00e7\u00e3o de combate ao vandalismo. A Prefeitura afirmou que a GCM faz rondas di\u00e1rias na regi\u00e3o\u201d.<\/p>\n<p style=\"text-align: justify;\">Ainda segundo a Ag\u00eancia Brasil, o prefeito regional da S\u00e9, Eduardo Odloak, afirmou que a picha\u00e7\u00e3o foi feita durante a madrugada, por duas pessoas, exatamente \u00e0 1h24, conforme registrado pelas c\u00e2meras de seguran\u00e7a. Os pichadores levaram apenas um minuto e meio, de acordo com Odloak para concluir a interven\u00e7\u00e3o, provavelmente com o uso de extintores ou um compressor. \u201cUma a\u00e7\u00e3o rel\u00e2mpago\u201d, enfatizou.<\/p>\n<p style=\"text-align: justify;\">\u201cA parede provavelmente vai ter que ser lixada\u201d, acrescentou \u00e0 EBC o prefeito regional, ao falar sobre as provid\u00eancias que ter\u00e3o de ser tomadas para recuperar a fachada.<\/p>\n<p style=\"text-align: justify;\">O pr\u00e9dio foi constru\u00eddo em 1554, por ordem de S\u00e3o Jos\u00e9 de Anchieta, que decidiu erguer um lugar que servisse de alojamento para os jesu\u00edtas e um col\u00e9gio voltado para a evangeliza\u00e7\u00e3o dos \u00edndios. A constru\u00e7\u00e3o do Pateo do Collegio foi considerado o ato fundacional da cidade de S\u00e3o Paulo e desde 1975 \u00e9 considerado patrim\u00f4nio hist\u00f3rico e s\u00edtio arqueol\u00f3gico da capital paulista. A constru\u00e7\u00e3o hoje abriga o Museu de Anchieta, um dos mais visitados de S\u00e3o Paulo, e a\u00a0igreja\u00a0S\u00e3o Jos\u00e9 de Anchieta. At\u00e9 hoje, toda a propriedade est\u00e1 sob os cuidados dos jesu\u00edtas.<\/p>\n","protected":false},"excerpt":{"rendered":"<p>Nesta ter\u00e7a-feira, 10, a fachada do Pateo do Collegio, a escola fundada por S\u00e3o Jos\u00e9 de Anchieta e onde est\u00e1 o marco zero da cidade de S\u00e3o Paulo, amanheceu pichada em letras vermelhas com a frase: \u201colhai por nois\u201d e, segundo o sacerdote diretor do Patteo, Pe. Carlos Alberto Contieri, a restaura\u00e7\u00e3o n\u00e3o ser\u00e1 f\u00e1cil [&hellip;]<\/p>\n","protected":false},"author":1,"featured_media":39861,"comment_status":"open","ping_status":"closed","sticky":false,"template":"","format":"standard","meta":{"footnotes":""},"categories":[4],"tags":[],"class_list":["post-39860","post","type-post","status-publish","format-standard","has-post-thumbnail","hentry","category-cotidiano"],"_links":{"self":[{"href":"https:\/\/catolicanet.net\/wp-cnet\/wp-json\/wp\/v2\/posts\/39860","targetHints":{"allow":["GET"]}}],"collection":[{"href":"https:\/\/catolicanet.net\/wp-cnet\/wp-json\/wp\/v2\/posts"}],"about":[{"href":"https:\/\/catolicanet.net\/wp-cnet\/wp-json\/wp\/v2\/types\/post"}],"author":[{"embeddable":true,"href":"https:\/\/catolicanet.net\/wp-cnet\/wp-json\/wp\/v2\/users\/1"}],"replies":[{"embeddable":true,"href":"https:\/\/catolicanet.net\/wp-cnet\/wp-json\/wp\/v2\/comments?post=39860"}],"version-history":[{"count":1,"href":"https:\/\/catolicanet.net\/wp-cnet\/wp-json\/wp\/v2\/posts\/39860\/revisions"}],"predecessor-version":[{"id":39862,"href":"https:\/\/catolicanet.net\/wp-cnet\/wp-json\/wp\/v2\/posts\/39860\/revisions\/39862"}],"wp:featuredmedia":[{"embeddable":true,"href":"https:\/\/catolicanet.net\/wp-cnet\/wp-json\/wp\/v2\/media\/39861"}],"wp:attachment":[{"href":"https:\/\/catolicanet.net\/wp-cnet\/wp-json\/wp\/v2\/media?parent=39860"}],"wp:term":[{"taxonomy":"category","embeddable":true,"href":"https:\/\/catolicanet.net\/wp-cnet\/wp-json\/wp\/v2\/categories?post=39860"},{"taxonomy":"post_tag","embeddable":true,"href":"https:\/\/catolicanet.net\/wp-cnet\/wp-json\/wp\/v2\/tags?post=39860"}],"curies":[{"name":"wp","href":"https:\/\/api.w.org\/{rel}","templated":true}]}}