{"id":39848,"date":"2018-04-11T11:25:10","date_gmt":"2018-04-11T14:25:10","guid":{"rendered":"http:\/\/catolicanet.net\/wp-cnet\/?p=39848"},"modified":"2018-04-11T11:25:10","modified_gmt":"2018-04-11T14:25:10","slug":"outro-sacerdote-morre-devido-a-escassez-de-remedios-na-venezuela","status":"publish","type":"post","link":"https:\/\/catolicanet.net\/wp-cnet\/outro-sacerdote-morre-devido-a-escassez-de-remedios-na-venezuela\/","title":{"rendered":"Outro sacerdote morre devido \u00e0 escassez de rem\u00e9dios na Venezuela"},"content":{"rendered":"<p>O Bispo de San Crist\u00f3bal (Venezuela), Dom Mario Maronta lamentou a morte do Pe. Jos\u00e9 Luis Jaimes Gonz\u00e1lez, no dia 5 de abril, devido \u00e0 escassez de medicamentos que afeta o pa\u00eds.<\/p>\n<p>&#8220;Se a Venezuela estivesse vivendo esta crise, o Pe. Jos\u00e9 Luis n\u00e3o estaria morto neste momento. Ele sofreu a mesma situa\u00e7\u00e3o que muitas pessoas do povo venezuelano est\u00e3o vivendo. Alguns querem esconder a realidade, mas voc\u00eas percebem como um sacerdote \u00e9 v\u00edtima de um mau sistema de governo&#8221;, disse o Bispo durante a Missa celebrada na Bas\u00edlica de San Antonio del T\u00e1chira, no s\u00e1bado.<\/p>\n<p>&#8220;N\u00f3s, sacerdotes, somos o povo e sofremos as mesmas dores do povo&#8221;, disse Dom Moronta, e relatou que devido \u00e0 doen\u00e7a cr\u00f4nica do Pe. Jaimes, teve que ir at\u00e9 um hospital na cidade de C\u00facuta (Col\u00f4mbia), porque n\u00e3o havia os rem\u00e9dios que necessitava na Venezuela.<\/p>\n<p>O Prelado agradeceu as palavras e os gestos de solidariedade dos fi\u00e9is e pediu a &#8220;Deus que toque o cora\u00e7\u00e3o das pessoas que devem tomar decis\u00f5es pelo bem do povo venezuelano&#8221;.<\/p>\n<p>O Pe. Jos\u00e9 Luis Jaimes nasceu em San Antonio, Municipio Bol\u00edvar, em 21 de maio de 1971. Foi ordenado sacerdote em 15 de mar\u00e7o de 1997.<\/p>\n<p>Foi vig\u00e1rio da par\u00f3quia Nossa Senhora de Los \u00c1ngeles em La Grita, vig\u00e1rio da par\u00f3quia de San Antonio de Tachira, formador do Semin\u00e1rio Santo Tom\u00e1s de Aquino, e p\u00e1roco das par\u00f3quias Sant\u00edssimo Sacramento de Rubio e Nossa Senhora da Luz, em San Antonio de T\u00e1chira.<\/p>\n<p>O Pe. Jos\u00e9 Luis Jaimes n\u00e3o \u00e9 o primeiro sacerdote a morrer devido \u00e0 escassez de rem\u00e9dios no pa\u00eds. Em abril de 2017, o Pe. Jos\u00e9 Luis Arismendi, de 35 anos, morreu no Hospital Universit\u00e1rio de Los Andes, pois n\u00e3o chegou a receber os rem\u00e9dios que necessitava.<\/p>\n<p>Em fevereiro deste ano, o Pe. Nemis Bola\u00f1os, p\u00e1roco da Igreja de San Jos\u00e9 em Barquisimeto, tamb\u00e9m morreu devido \u00e0 falta de medicamentos para insufici\u00eancia renal.<\/p>\n<p>A falta de medicamentos tamb\u00e9m causou o ressurgimento da difteria e o aumento dos casos de sarampo e mal\u00e1ria, doen\u00e7as que praticamente haviam sido erradicadas na Venezuela.<\/p>\n<p>&#8220;Os casos de difteria na Venezuela n\u00e3o se apresentavam desde 1992&#8221;, disse \u00e0 EFE a especialista em doen\u00e7as infecciosas Ana Carvajal, membro da Rede Defendamos a Epidemiologia, uma ONG que informou acerca do reaparecimento desta doen\u00e7a em 2016. Calcula-se que existem aproximadamente 450 casos.<\/p>\n<p>A mal\u00e1ria, que n\u00e3o ultrapassou os 23 mil casos, atualmente afeta cerca de 320 mil pessoas em pelo menos nove regi\u00f5es da Venezuela; enquanto o sarampo j\u00e1 causou a morte de 26 crian\u00e7as, apenas na zona do Delta do Orinoco.<\/p>\n<p>Em nota publicada em 7 de abril, o jornal colombiano \u2018El Tiempo\u2019 assinalou que &#8220;a principal causa da volta destas doen\u00e7as, al\u00e9m da pobreza, \u00e9 a dr\u00e1stica diminui\u00e7\u00e3o na importa\u00e7\u00e3o de vacinas para que possam preveni-las&#8221;.<\/p>\n<p>&#8220;Tem sido um processo gradual; identificamos uma grande fraqueza no sistema de sa\u00fade venezuelano e o informamos desde 2013&#8221;, afirmou o ex-ministro da sa\u00fade, F\u00e9lix Oletta, que tamb\u00e9m \u00e9 membro da Alian\u00e7a Venezuelana pela Sa\u00fade.<\/p>\n<p>&#8220;O pa\u00eds est\u00e1 em um estado de emerg\u00eancia complexo h\u00e1 quatro anos. H\u00e1 um crise de escassez e ao mesmo tempo uma crise de empobrecimento, de fome e de desnutri\u00e7\u00e3o, de servi\u00e7os p\u00fablicos ca\u00f3ticos e, uma di\u00e1spora. As epidemias s\u00e3o consequ\u00eancia de tudo isto&#8221;, denuncia Oletta, cuja organiza\u00e7\u00e3o j\u00e1 emitiu v\u00e1rios alertas sobre a crise de sa\u00fade no pa\u00eds.<\/p>\n<p>&nbsp;<\/p>\n<p>Fonte: Acidigital<\/p>\n","protected":false},"excerpt":{"rendered":"<p>O Bispo de San Crist\u00f3bal (Venezuela), Dom Mario Maronta lamentou a morte do Pe. Jos\u00e9 Luis Jaimes Gonz\u00e1lez, no dia 5 de abril, devido \u00e0 escassez de medicamentos que afeta o pa\u00eds. &#8220;Se a Venezuela estivesse vivendo esta crise, o Pe. Jos\u00e9 Luis n\u00e3o estaria morto neste momento. Ele sofreu a mesma situa\u00e7\u00e3o que muitas [&hellip;]<\/p>\n","protected":false},"author":1,"featured_media":39849,"comment_status":"open","ping_status":"closed","sticky":false,"template":"","format":"standard","meta":{"footnotes":""},"categories":[13],"tags":[],"class_list":["post-39848","post","type-post","status-publish","format-standard","has-post-thumbnail","hentry","category-featured"],"_links":{"self":[{"href":"https:\/\/catolicanet.net\/wp-cnet\/wp-json\/wp\/v2\/posts\/39848","targetHints":{"allow":["GET"]}}],"collection":[{"href":"https:\/\/catolicanet.net\/wp-cnet\/wp-json\/wp\/v2\/posts"}],"about":[{"href":"https:\/\/catolicanet.net\/wp-cnet\/wp-json\/wp\/v2\/types\/post"}],"author":[{"embeddable":true,"href":"https:\/\/catolicanet.net\/wp-cnet\/wp-json\/wp\/v2\/users\/1"}],"replies":[{"embeddable":true,"href":"https:\/\/catolicanet.net\/wp-cnet\/wp-json\/wp\/v2\/comments?post=39848"}],"version-history":[{"count":1,"href":"https:\/\/catolicanet.net\/wp-cnet\/wp-json\/wp\/v2\/posts\/39848\/revisions"}],"predecessor-version":[{"id":39850,"href":"https:\/\/catolicanet.net\/wp-cnet\/wp-json\/wp\/v2\/posts\/39848\/revisions\/39850"}],"wp:featuredmedia":[{"embeddable":true,"href":"https:\/\/catolicanet.net\/wp-cnet\/wp-json\/wp\/v2\/media\/39849"}],"wp:attachment":[{"href":"https:\/\/catolicanet.net\/wp-cnet\/wp-json\/wp\/v2\/media?parent=39848"}],"wp:term":[{"taxonomy":"category","embeddable":true,"href":"https:\/\/catolicanet.net\/wp-cnet\/wp-json\/wp\/v2\/categories?post=39848"},{"taxonomy":"post_tag","embeddable":true,"href":"https:\/\/catolicanet.net\/wp-cnet\/wp-json\/wp\/v2\/tags?post=39848"}],"curies":[{"name":"wp","href":"https:\/\/api.w.org\/{rel}","templated":true}]}}