{"id":39839,"date":"2018-04-11T10:56:57","date_gmt":"2018-04-11T13:56:57","guid":{"rendered":"http:\/\/catolicanet.net\/wp-cnet\/?p=39839"},"modified":"2018-04-11T10:56:57","modified_gmt":"2018-04-11T13:56:57","slug":"dom-rino-fisichella-missionarios-da-misericordia-sinal-da-proximidade-de-deus","status":"publish","type":"post","link":"https:\/\/catolicanet.net\/wp-cnet\/dom-rino-fisichella-missionarios-da-misericordia-sinal-da-proximidade-de-deus\/","title":{"rendered":"Dom Rino Fisichella: Mission\u00e1rios da Miseric\u00f3rdia, sinal da proximidade de Deus"},"content":{"rendered":"<div class=\"article__subTitle\">Dom Rino Fisichella,presidente do Pontif\u00edcio Conselho para a Nova Evangeliza\u00e7\u00e3o, fala em entrevista a Antonella Palermo do Vatican News sobre o encontro de Papa Francisco com os Mission\u00e1rios da Miseric\u00f3rdia.<\/div>\n<div class=\"title__separator\"><\/div>\n<div class=\"article__text\">\n<p><b>Antonella Palermo<\/b> &#8211; Cidade do Vaticano<\/p>\n<p>No proximo dia 10 de abril, o <b>Papa Francisco<\/b> se encontrar\u00e1 com os Mission\u00e1rios da Miseric\u00f3rdia. Estes s\u00e3o padres que no Jubileu extraordin\u00e1rio da Miseric\u00f3rdia \u2013 abertura da porta santa &#8211; receberam do Papa a faculdade de perdoar os pecados, inclusive os reservados a S\u00e9 Apost\u00f3lica. <b>Dom Rino Fisichella<\/b> d\u00e1 uma entrevista ao Vatican News, para falar deste encontro com estes mission\u00e1rios.<\/p>\n<p>R\u2013 N\u00e3o poder\u00edamos que continuar a espiritualidade da miseric\u00f3rdia que foi vivida em toda a Igreja por milh\u00f5es e milh\u00f5es de fieis durante o Jubileu da Miseric\u00f3rdia. Recordemos que o Papa de surpresa, na sua carta no final do Jubileu, havia estabelecido que os Mission\u00e1rios da Miseric\u00f3rdia n\u00e3o terminaram seu minist\u00e9rio, mas continuaram por outro tempo. \u00c9 por isso que pensamos nestes dias, durante os quais a reflex\u00e3o, a ora\u00e7\u00e3o, o encontro com o Papa Francisco se tornam um sinal. Eles ser\u00e3o uma oportunidade para fazer um balan\u00e7o da situa\u00e7\u00e3o, como o minist\u00e9rio que est\u00e1 sendo realizado por eles &#8211; ser\u00e3o apresentados muitos testemunhos preciosos &#8211; e para verificar o caminho que deve ser levado adiante.<\/p>\n<p><b>A \u2013 Mas em que ponto estamos Dom Rino?<\/b><\/p>\n<p>R. &#8211; \u00c9 uma coisa muito interessante, porque este \u00e9 um servi\u00e7o que \u00e9 realizado na maior reserva &#8211; se voc\u00ea quiser &#8211; mas eles s\u00e3o uma presen\u00e7a muito importante para a vida da Igreja, porque os Mission\u00e1rios da Miseric\u00f3rdia s\u00e3o o sinal de que ningu\u00e9m pode encontrar dificuldades, obst\u00e1culos, para encontrar a miseric\u00f3rdia de Deus. Os mission\u00e1rios est\u00e3o l\u00e1 s\u00f3 para testemunhar isso. \u00c9 o que o Papa, em sua homilia da Quinta-Feira Santa na Missa Crismal, disse que queria oferecer aos sacerdotes, e vale ainda mais forte para os Mission\u00e1rios da Miseric\u00f3rdia. Eles s\u00e3o o sinal da proximidade de Deus. Diante de tantas situa\u00e7\u00f5es dif\u00edceis, onde existem muitos pecados graves &#8211; e \u00e9 por isso que eles s\u00e3o reservados apenas ao Papa &#8211; os mission\u00e1rios s\u00e3o este sinal da proximidade de Deus para com todos.<\/p>\n<p><b>A \u2013 Segunda-feira, 9 de abril, ser\u00e1 apresentada a Exorta\u00e7\u00e3o Apost\u00f3lica do Papa sobre a santidade. Miseric\u00f3rdia e Santidade: em que modo podem relacionar-se?<\/b><\/p>\n<p>R &#8211; Santidade e miseric\u00f3rdia s\u00e3o a voca\u00e7\u00e3o do crist\u00e3o, porque s\u00e3o a pr\u00f3pria vida de Deus. Deus \u00e9 chamado &#8220;tr\u00eas vezes Santo&#8221;; a santidade &#8211; poder\u00edamos dizer exemplificando &#8211; \u00e9 o caminho e o testemunho da miseric\u00f3rdia. Miseric\u00f3rdia e santidade n\u00e3o s\u00e3o apenas um ideal de vida, mas s\u00e3o um compromisso de vida que somos chamados a percorrer diariamente.<\/p>\n<p><b>A \u2013 E quem rejeita a miseric\u00f3rdia, n\u00e3o a procura?<\/b><\/p>\n<p>D \u2013 Corre o risco de n\u00e3o dar sentido pleno a pr\u00f3pria vida, ou seja, de viver fechado em si mesmo, naquele individualismo desesperado que no fim leva a uma asfixia e a n\u00e3o conseguir mais gozar da beleza da vida.<\/p>\n<p><b>A \u2013 Nos \u00faltimos dias vimos nascer tanta pol\u00eamica depois da publica\u00e7\u00e3o do col\u00f3quio entre o jornalista Scalfari e Papa Francisco, onde se falava sobre o inferno, pondo em duvida a sua exist\u00eancia. Em realidade, o inferno existe ou n\u00e3o? E como foi a sua rea\u00e7\u00e3o diante deste debate?<\/b><\/p>\n<p>D \u2013 Infelizmente o Inferno existe \u2013 e ressalto o infelizmente \u2013 mas n\u00e3o porque Deus na sua miseric\u00f3rdia quer o Inferno, mas porque \u2013 mais \u2013 a teimosia do homem de iludir-se de querer utilizar a liberdade somente como ele a entende, e n\u00e3o de maneira ampla. Isto o leva a degradar-se a si mesmo. Estamos falando acima de tudo do mist\u00e9rio depois da morte. E quando se fala disto n\u00e3o \u00e9 que se pode resolver com piadas. Eu sou de uma escola de que pensa que o Inferno existe, mas espero \u2013 espero mesmo\u2013 que esteja vazio. Eu acrescentaria, que a Igreja pode dizer com certeza que uma pessoa \u00e9 santa, isto \u00e9, ela est\u00e1 contemplando Deus, mas a Igreja nunca poder\u00e1 dizer que uma pessoa est\u00e1 no inferno. N\u00e3o se espera dela essa resposta, porque o ju\u00edzo final pertence apenas \u00e0 pessoa \u00fanica que estar\u00e1 diante de Deus, esse espa\u00e7o \u00e9 inviol\u00e1vel e indel\u00e9vel do qual ningu\u00e9m pode ser juiz.<\/p>\n<p>Fonte: R\u00e1dio Vaticano<\/p>\n<\/div>\n","protected":false},"excerpt":{"rendered":"<p>Dom Rino Fisichella,presidente do Pontif\u00edcio Conselho para a Nova Evangeliza\u00e7\u00e3o, fala em entrevista a Antonella Palermo do Vatican News sobre o encontro de Papa Francisco com os Mission\u00e1rios da Miseric\u00f3rdia. Antonella Palermo &#8211; Cidade do Vaticano No proximo dia 10 de abril, o Papa Francisco se encontrar\u00e1 com os Mission\u00e1rios da Miseric\u00f3rdia. Estes s\u00e3o padres [&hellip;]<\/p>\n","protected":false},"author":1,"featured_media":39840,"comment_status":"open","ping_status":"closed","sticky":false,"template":"","format":"standard","meta":{"footnotes":""},"categories":[3],"tags":[],"class_list":["post-39839","post","type-post","status-publish","format-standard","has-post-thumbnail","hentry","category-vaticano"],"_links":{"self":[{"href":"https:\/\/catolicanet.net\/wp-cnet\/wp-json\/wp\/v2\/posts\/39839","targetHints":{"allow":["GET"]}}],"collection":[{"href":"https:\/\/catolicanet.net\/wp-cnet\/wp-json\/wp\/v2\/posts"}],"about":[{"href":"https:\/\/catolicanet.net\/wp-cnet\/wp-json\/wp\/v2\/types\/post"}],"author":[{"embeddable":true,"href":"https:\/\/catolicanet.net\/wp-cnet\/wp-json\/wp\/v2\/users\/1"}],"replies":[{"embeddable":true,"href":"https:\/\/catolicanet.net\/wp-cnet\/wp-json\/wp\/v2\/comments?post=39839"}],"version-history":[{"count":1,"href":"https:\/\/catolicanet.net\/wp-cnet\/wp-json\/wp\/v2\/posts\/39839\/revisions"}],"predecessor-version":[{"id":39841,"href":"https:\/\/catolicanet.net\/wp-cnet\/wp-json\/wp\/v2\/posts\/39839\/revisions\/39841"}],"wp:featuredmedia":[{"embeddable":true,"href":"https:\/\/catolicanet.net\/wp-cnet\/wp-json\/wp\/v2\/media\/39840"}],"wp:attachment":[{"href":"https:\/\/catolicanet.net\/wp-cnet\/wp-json\/wp\/v2\/media?parent=39839"}],"wp:term":[{"taxonomy":"category","embeddable":true,"href":"https:\/\/catolicanet.net\/wp-cnet\/wp-json\/wp\/v2\/categories?post=39839"},{"taxonomy":"post_tag","embeddable":true,"href":"https:\/\/catolicanet.net\/wp-cnet\/wp-json\/wp\/v2\/tags?post=39839"}],"curies":[{"name":"wp","href":"https:\/\/api.w.org\/{rel}","templated":true}]}}