{"id":3980,"date":"2014-01-17T12:20:34","date_gmt":"2014-01-17T14:20:34","guid":{"rendered":"http:\/\/catolicanet.net\/wp-cnet\/missa-do-papa-nao-acreditar-nas-novelas-mas-na-palavra-de-deus\/"},"modified":"2017-04-04T11:48:16","modified_gmt":"2017-04-04T14:48:16","slug":"missa-do-papa-nao-acreditar-nas-novelas-mas-na-palavra-de-deus","status":"publish","type":"post","link":"https:\/\/catolicanet.net\/wp-cnet\/missa-do-papa-nao-acreditar-nas-novelas-mas-na-palavra-de-deus\/","title":{"rendered":"Missa do Papa: n\u00e3o acreditar nas novelas, mas na Palavra de Deus"},"content":{"rendered":"<p style=\"text-align: center;\"><img decoding=\"async\" src=\"http:\/\/catolicanet.com.br\/images\/stories\/papamissa.jpg\" border=\"0\" \/><\/p>\n<p style=\"text-align: justify;\"><span style=\"line-height: 1.3em; text-align: center;\">Como todas as manh\u00e3s, o Santo Padre celebrou Missa, na Capela da Casa Santa Marta, no Vaticano.<\/span><\/p>\n<p style=\"text-align: justify;\"><span style=\"line-height: 1.3em;\">Em sua breve reflex\u00e3o, o Papa meditou sobre \u201ca tenta\u00e7\u00e3o\u201d do povo hebreu, no Antigo Testamento, que n\u00e3o s\u00f3 rejeita a Palavra de Deus, mas rejeita o pr\u00f3prio Deus. O homem de hoje, por sua vez, quer fazer a mesma coisa: pretende ser normal, quando, ao inv\u00e9s, ignora a Palavra de Deus e segue o instinto dos pr\u00f3prios desejos.<\/span><\/p>\n<p style=\"text-align: justify;\"><span style=\"line-height: 1.3em;\">A normalidade da vida, afirmou o Pont\u00edfice, exige do crist\u00e3o a fidelidade \u00e0 sua elei\u00e7\u00e3o e n\u00e3o rejeit\u00e1-la para ir ao encontro de uma uniformidade mundana. Eis a tenta\u00e7\u00e3o do povo de Deus e nossa:<\/span><\/p>\n<p style=\"text-align: justify;\"><span style=\"line-height: 1.3em;\">\u201cQuantas vezes esquecemos a Palavra de Deus, aquilo que o Senhor nos diz, e levamos mais a s\u00e9rio o que diz a moda, as telenovelas, que s\u00e3o mais divertidas. Nota-se claramente a apostasia pr\u00f3pria do pecado de ruptura com o Senhor. Eis o perigo da mundanidade!\u201d<\/span><\/p>\n<p style=\"text-align: justify;\"><span style=\"line-height: 1.3em;\">\u00c9 verdade que o crist\u00e3o deve ser normal, diz o Papa, mas existem valores dos quais n\u00e3o se pode prescindir como filhos de Deus. Por isso, devemos pedir a Deus a gra\u00e7a da docilidade espiritual, de poder superar os nossos ego\u00edsmos e de abrir o nosso cora\u00e7\u00e3o \u00e0 sua Palavra de vida que salva.<\/span><\/p>\n<p style=\"text-align: justify;\">\u00a0<\/p>\n<p style=\"text-align: justify;\"><strong>Fonte: R\u00e1dio Vaticano<\/strong><\/p>\n<p style=\"text-align: justify;\"><strong>Local: Cidade do Vaticano<\/strong><\/p>\n<p>\u00a0<\/p>\n<p>\u00a0<\/p>\n","protected":false},"excerpt":{"rendered":"<p>Como todas as manh\u00e3s, o Santo Padre celebrou Missa, na Capela da Casa Santa Marta, no Vaticano. Em sua breve reflex\u00e3o, o Papa meditou sobre \u201ca tenta\u00e7\u00e3o\u201d do povo hebreu, no Antigo Testamento, que n\u00e3o s\u00f3 rejeita a Palavra de Deus, mas rejeita o pr\u00f3prio Deus. O homem de hoje, por sua vez, quer fazer [&hellip;]<\/p>\n","protected":false},"author":1,"featured_media":0,"comment_status":"closed","ping_status":"closed","sticky":false,"template":"","format":"standard","meta":{"footnotes":""},"categories":[3],"tags":[],"class_list":["post-3980","post","type-post","status-publish","format-standard","hentry","category-vaticano"],"_links":{"self":[{"href":"https:\/\/catolicanet.net\/wp-cnet\/wp-json\/wp\/v2\/posts\/3980","targetHints":{"allow":["GET"]}}],"collection":[{"href":"https:\/\/catolicanet.net\/wp-cnet\/wp-json\/wp\/v2\/posts"}],"about":[{"href":"https:\/\/catolicanet.net\/wp-cnet\/wp-json\/wp\/v2\/types\/post"}],"author":[{"embeddable":true,"href":"https:\/\/catolicanet.net\/wp-cnet\/wp-json\/wp\/v2\/users\/1"}],"replies":[{"embeddable":true,"href":"https:\/\/catolicanet.net\/wp-cnet\/wp-json\/wp\/v2\/comments?post=3980"}],"version-history":[{"count":1,"href":"https:\/\/catolicanet.net\/wp-cnet\/wp-json\/wp\/v2\/posts\/3980\/revisions"}],"predecessor-version":[{"id":9022,"href":"https:\/\/catolicanet.net\/wp-cnet\/wp-json\/wp\/v2\/posts\/3980\/revisions\/9022"}],"wp:attachment":[{"href":"https:\/\/catolicanet.net\/wp-cnet\/wp-json\/wp\/v2\/media?parent=3980"}],"wp:term":[{"taxonomy":"category","embeddable":true,"href":"https:\/\/catolicanet.net\/wp-cnet\/wp-json\/wp\/v2\/categories?post=3980"},{"taxonomy":"post_tag","embeddable":true,"href":"https:\/\/catolicanet.net\/wp-cnet\/wp-json\/wp\/v2\/tags?post=3980"}],"curies":[{"name":"wp","href":"https:\/\/api.w.org\/{rel}","templated":true}]}}