{"id":39796,"date":"2018-04-09T15:37:18","date_gmt":"2018-04-09T18:37:18","guid":{"rendered":"http:\/\/catolicanet.net\/wp-cnet\/?p=39796"},"modified":"2018-04-09T15:37:18","modified_gmt":"2018-04-09T18:37:18","slug":"igrejas-orientais-ciganos-e-povos-que-vivem-situacoes-dificeis-no-coracao-do-papa","status":"publish","type":"post","link":"https:\/\/catolicanet.net\/wp-cnet\/igrejas-orientais-ciganos-e-povos-que-vivem-situacoes-dificeis-no-coracao-do-papa\/","title":{"rendered":"Igrejas orientais, ciganos e povos que vivem situa\u00e7\u00f5es dif\u00edceis no cora\u00e7\u00e3o do Papa"},"content":{"rendered":"<p>VATICANO, 09 Abr. 18 \/ 02:30 pm (<a href=\"http:\/\/www.acidigital.com\" target=\"_self\">ACI<\/a>).- Antes de rezar o <em>Regina Colei<\/em> na Pra\u00e7a de S\u00e3o Pedro ontem, no Domingo da Divina Miseric\u00f3rdia, o Papa Francisco desejou que \u201co Senhor Ressuscitado os preencha de luz e de paz, e conforte as comunidades que vivem em situa\u00e7\u00f5es particularmente dif\u00edceis\u201d.<\/p>\n<p>O Pont\u00edfice tamb\u00e9m agradeceu a presen\u00e7a dos Mission\u00e1rios da Miseric\u00f3rdia, que entre os dias 08 e 11 abril participam de um encontro organizado pelo Conselho Pontif\u00edcio para a Promo\u00e7\u00e3o da Nova Evangeliza\u00e7\u00e3o.<\/p>\n<p>Francisco tamb\u00e9m saudou \u201cos ossos irm\u00e3os e irm\u00e3s das Igrejas Orientais que hoje, segundo o Calend\u00e1rio Juliano celebram a Solenidade da P\u00e1scoa, ofere\u00e7o minhas mais cordiais felicita\u00e7\u00f5es. Que o Senhor os preencha de luz e de paz, e conforte as comunidades que vivem em situa\u00e7\u00f5es particularmente dif\u00edceis\u201d.<\/p>\n<p>Por outro lado, saudou de maneira especial os ciganos presentes na Pra\u00e7a de S\u00e3o Pedro, por ocasi\u00e3o do Dia Internacional &#8220;Roman\u00f2 Dives&#8221;.<\/p>\n<p>&#8220;Desejo paz e fraternidade aos membros destes povos antigos e fa\u00e7o votos de que o dia de hoje favore\u00e7a a cultura do encontro, com a boa vontade de conhecer-se e respeitar-se reciprocamente. \u00c9 este \u00e9 o caminho que leva a uma verdadeira integra\u00e7\u00e3o&#8221;.<\/p>\n<p>&#8220;Rezem por mim e rezemos juntos pelos vossos irm\u00e3os refugiados s\u00edrios&#8221;, concluiu.<\/p>\n<p>&nbsp;<\/p>\n<p>Fonte: Acidigital<\/p>\n","protected":false},"excerpt":{"rendered":"<p>VATICANO, 09 Abr. 18 \/ 02:30 pm (ACI).- Antes de rezar o Regina Colei na Pra\u00e7a de S\u00e3o Pedro ontem, no Domingo da Divina Miseric\u00f3rdia, o Papa Francisco desejou que \u201co Senhor Ressuscitado os preencha de luz e de paz, e conforte as comunidades que vivem em situa\u00e7\u00f5es particularmente dif\u00edceis\u201d. O Pont\u00edfice tamb\u00e9m agradeceu a [&hellip;]<\/p>\n","protected":false},"author":1,"featured_media":39797,"comment_status":"open","ping_status":"closed","sticky":false,"template":"","format":"standard","meta":{"footnotes":""},"categories":[4],"tags":[],"class_list":["post-39796","post","type-post","status-publish","format-standard","has-post-thumbnail","hentry","category-cotidiano"],"_links":{"self":[{"href":"https:\/\/catolicanet.net\/wp-cnet\/wp-json\/wp\/v2\/posts\/39796","targetHints":{"allow":["GET"]}}],"collection":[{"href":"https:\/\/catolicanet.net\/wp-cnet\/wp-json\/wp\/v2\/posts"}],"about":[{"href":"https:\/\/catolicanet.net\/wp-cnet\/wp-json\/wp\/v2\/types\/post"}],"author":[{"embeddable":true,"href":"https:\/\/catolicanet.net\/wp-cnet\/wp-json\/wp\/v2\/users\/1"}],"replies":[{"embeddable":true,"href":"https:\/\/catolicanet.net\/wp-cnet\/wp-json\/wp\/v2\/comments?post=39796"}],"version-history":[{"count":1,"href":"https:\/\/catolicanet.net\/wp-cnet\/wp-json\/wp\/v2\/posts\/39796\/revisions"}],"predecessor-version":[{"id":39798,"href":"https:\/\/catolicanet.net\/wp-cnet\/wp-json\/wp\/v2\/posts\/39796\/revisions\/39798"}],"wp:featuredmedia":[{"embeddable":true,"href":"https:\/\/catolicanet.net\/wp-cnet\/wp-json\/wp\/v2\/media\/39797"}],"wp:attachment":[{"href":"https:\/\/catolicanet.net\/wp-cnet\/wp-json\/wp\/v2\/media?parent=39796"}],"wp:term":[{"taxonomy":"category","embeddable":true,"href":"https:\/\/catolicanet.net\/wp-cnet\/wp-json\/wp\/v2\/categories?post=39796"},{"taxonomy":"post_tag","embeddable":true,"href":"https:\/\/catolicanet.net\/wp-cnet\/wp-json\/wp\/v2\/tags?post=39796"}],"curies":[{"name":"wp","href":"https:\/\/api.w.org\/{rel}","templated":true}]}}