{"id":3977,"date":"2014-01-17T11:59:12","date_gmt":"2014-01-17T13:59:12","guid":{"rendered":"http:\/\/catolicanet.net\/wp-cnet\/crianca-evangelizando-crianca-proposta-da-infancia-missionaria\/"},"modified":"2017-04-04T11:50:21","modified_gmt":"2017-04-04T14:50:21","slug":"crianca-evangelizando-crianca-proposta-da-infancia-missionaria","status":"publish","type":"post","link":"https:\/\/catolicanet.net\/wp-cnet\/crianca-evangelizando-crianca-proposta-da-infancia-missionaria\/","title":{"rendered":"Crian\u00e7a evangelizando crian\u00e7a: proposta da Inf\u00e2ncia Mission\u00e1ria"},"content":{"rendered":"<p style=\"text-align: center;\"><img decoding=\"async\" src=\"http:\/\/catolicanet.com.br\/images\/stories\/crianacasevangelizacao.jpg\" border=\"0\" \/><\/p>\n<p style=\"text-align: center;\">\u00a0<\/p>\n<p style=\"text-align: justify;\"><span style=\"line-height: 1.3em;\">Uma obra mission\u00e1ria pontif\u00edcia, ou seja, vinculada ao Papa e aprovada pela Igreja. \u00c9 com essa defini\u00e7\u00e3o que a Inf\u00e2ncia e Adolesc\u00eancia Mission\u00e1ria (IAM) realiza seu trabalho de evangeliza\u00e7\u00e3o das crian\u00e7as e adolescentes em mais de 130 pa\u00edses.<\/span><\/p>\n<p style=\"text-align: justify;\"><span style=\"line-height: 1.3em;\">A obra foi fundada por Dom Carlos Forbin-Janson, Bispo de Nancy, na Fran\u00e7a, em 19 de maio de 1843. E nasceu a partir de um gesto solid\u00e1rio de algumas crian\u00e7as francesas em favor de outras que sofriam com doen\u00e7as e fome na China.<\/span><\/p>\n<p style=\"text-align: justify;\"><span style=\"line-height: 1.3em;\">Preocupado com a situa\u00e7\u00e3o, Dom Carlos prop\u00f4s \u00e0s crian\u00e7as da Fran\u00e7a que ajudassem as outras, recitando uma Ave Maria por dia e doando um dinheiro por m\u00eas. Dessa forma, deu in\u00edcio a uma das maiores obras de evangeliza\u00e7\u00e3o infanto-juvenil presentes na Igreja.<\/span><\/p>\n<p style=\"text-align: justify;\"><span style=\"line-height: 1.3em;\"><strong><span style=\"color: #ff0000;\">Crian\u00e7as que evangelizam crian\u00e7as<\/span><\/strong><\/span><\/p>\n<p style=\"text-align: justify;\">O secret\u00e1rio da Inf\u00e2ncia e Adolesc\u00eancia Mission\u00e1ria no Brasil, padre Andr\u00e9 Luiz de Negreiros, falou ao <a href=\"http:\/\/noticias.cancaonova.com\/\">noticias.cancaonova.com<\/a> sobre a efic\u00e1cia da miss\u00e3o da IAM. Um trabalho que, segundo ele, envolve o compromisso de crian\u00e7a para crian\u00e7a, que passa a ser sujeito e n\u00e3o apenas um receptor dentro da evangeliza\u00e7\u00e3o.<\/p>\n<p style=\"text-align: justify;\"><span style=\"line-height: 1.3em;\">&#8220;A d\u00e1diva \u00e9 que a crian\u00e7a assume seu protagonismo, com a sua linguagem, sua caracter\u00edstica, sua experi\u00eancia. Ela tamb\u00e9m \u00e9 capaz de evangelizar outra crian\u00e7a, dando testemunho, fazendo sacrif\u00edcio daquilo que ela tem, para ajudar aos menos favorecidos. Com isso, tornam-se seus amigos por meio da ora\u00e7\u00e3o, do sacrif\u00edcio e da pr\u00f3pria solidariedade\u201d, disse.\u00a0<img decoding=\"async\" src=\"http:\/\/catolicanet.com.br\/images\/stories\/padreandreluisdenegreirosiam.jpg\" border=\"0\" align=\"right\" \/><\/span><\/p>\n<p style=\"text-align: justify;\"><span style=\"line-height: 1.3em;\">Estas crian\u00e7as evangelizadoras, segundo o sacerdote, podem ser sinais para outras, em meio \u00e0 globaliza\u00e7\u00e3o mundial. \u201cPor exemplo, quando for comprar um produto ela vai optar pelo mais simples e nem sempre pelo mais caro; elas aprendem a conviver tamb\u00e9m com e sem determinados bens materiais e n\u00e3o se tornam escravas, \u00e0 merc\u00ea destas situa\u00e7\u00f5es que o mundo capitalista as coloca\u201d.<\/span><\/p>\n<p style=\"text-align: justify;\"><span style=\"line-height: 1.3em;\">Neste contexto de globaliza\u00e7\u00e3o, padre Andr\u00e9 lembra que os pequenos s\u00e3o alvos do sistema capitalista, investidor da publicidade infantil, que pretende chegar \u00e0 fam\u00edlia por meio da influ\u00eancia que a crian\u00e7a exerce no consumo familiar. Diante desse cen\u00e1rio, o secret\u00e1rio da AIM afirma que a crian\u00e7a, assumindo o ideal da evangeliza\u00e7\u00e3o de outra crian\u00e7a, acaba se &#8220;vacinando&#8221; contra as &#8220;artimanhas&#8221; que o mundo coloca para seduzi-la.<\/span><\/p>\n<p style=\"text-align: justify;\"><span style=\"line-height: 1.3em;\">Nesta perspectiva, segundo o padre, os desafios para o trabalho mission\u00e1rio infantil s\u00e3o muitos, considerando que as crian\u00e7as est\u00e3o introduzidas em ambientes virtuais, com aparatos tecnol\u00f3gicos, em meio \u00e0 globaliza\u00e7\u00e3o.<\/span><\/p>\n<p style=\"text-align: justify;\"><span style=\"line-height: 1.3em;\">No entanto, padre Andr\u00e9 ressalta que o principal desafio enfrentado no momento \u00e9 fazer com que as crian\u00e7as inseridas neste mundo eletr\u00f4nico\/digital tamb\u00e9m evangelizem dentro deste universo; que n\u00e3o se tornem v\u00edtimas do consumo, muitas vezes voltado para a pr\u00f3pria crian\u00e7a.<\/span><\/p>\n<p style=\"text-align: justify;\"><span style=\"line-height: 1.3em;\"><strong><span style=\"color: #ff0000;\">O papel dos pais<\/span><\/strong><\/span><\/p>\n<p style=\"text-align: justify;\">Os pais das crian\u00e7as evangelizadoras tamb\u00e9m t\u00eam um papel fundamental no trabalho da Inf\u00e2ncia e Adolesc\u00eancia Mission\u00e1ria, afirma padre Andr\u00e9. Eles assumem a miss\u00e3o de catequistas e educadores na f\u00e9 dos filhos, mas tamb\u00e9m s\u00e3o evangelizados por eles. \u201cN\u00f3s temos relatos de muitas crian\u00e7as da Inf\u00e2ncia Mission\u00e1ria que acabaram trazendo os pais novamente para a Igreja ou que tornaram os pais assessores da IAM\u201d.<\/p>\n<p style=\"text-align: justify;\"><span style=\"line-height: 1.3em;\">\u201cDe uma forma ou de outra, os pais acabam se envolvendo. Desde um simples acompanhamento da crian\u00e7a que vai se apresentar na Igreja ou vai fazer um trabalho, at\u00e9 mesmo nas experi\u00eancias mais significativas de porta em porta\u201d, explica.<\/span><\/p>\n<p style=\"text-align: justify;\"><span style=\"line-height: 1.3em;\"><strong><span style=\"color: #ff0000;\">O Papa e a miss\u00e3o da crian\u00e7a na Igreja<\/span><\/strong><\/span><\/p>\n<p style=\"text-align: justify;\">O Pontificado do Papa Francisco \u00e9 marcado pela sua proximidade \u00e0s crian\u00e7as e pela import\u00e2ncia que d\u00e1 \u00e0 presen\u00e7a e \u00e0 a\u00e7\u00e3o dos pequeninos na Igreja. Na opini\u00e3o de padre Andr\u00e9, Francisco tem apresentado a crian\u00e7a n\u00e3o como o futuro da Igreja, mas como um presente que pode evangelizar e transformar o mundo.<\/p>\n<p style=\"text-align: justify;\"><span style=\"line-height: 1.3em;\">Segundo o padre, para se pensar no amanh\u00e3 \u00e9 preciso valorizar a capacidade das crian\u00e7as junto \u00e0 miss\u00e3o eclesial. \u201cSe n\u00f3s olharmos para a Igreja pelo aspecto das lideran\u00e7as do futuro, s\u00f3 teremos essas lideran\u00e7as se acreditarmos no potencial de nossas crian\u00e7as\u201d.<\/span><\/p>\n<p style=\"text-align: justify;\">\u00a0<\/p>\n<p style=\"text-align: justify;\"><strong>Fonte: Garotada Mission\u00e1ria<\/strong><\/p>\n<p style=\"text-align: justify;\"><strong>Local: S\u00e3o Paulo<\/strong><\/p>\n<p>\u00a0<\/p>\n<p>\u00a0<\/p>\n","protected":false},"excerpt":{"rendered":"<p>\u00a0 Uma obra mission\u00e1ria pontif\u00edcia, ou seja, vinculada ao Papa e aprovada pela Igreja. \u00c9 com essa defini\u00e7\u00e3o que a Inf\u00e2ncia e Adolesc\u00eancia Mission\u00e1ria (IAM) realiza seu trabalho de evangeliza\u00e7\u00e3o das crian\u00e7as e adolescentes em mais de 130 pa\u00edses. A obra foi fundada por Dom Carlos Forbin-Janson, Bispo de Nancy, na Fran\u00e7a, em 19 de [&hellip;]<\/p>\n","protected":false},"author":1,"featured_media":0,"comment_status":"closed","ping_status":"closed","sticky":false,"template":"","format":"standard","meta":{"footnotes":""},"categories":[7],"tags":[],"class_list":["post-3977","post","type-post","status-publish","format-standard","hentry","category-cnbb"],"_links":{"self":[{"href":"https:\/\/catolicanet.net\/wp-cnet\/wp-json\/wp\/v2\/posts\/3977","targetHints":{"allow":["GET"]}}],"collection":[{"href":"https:\/\/catolicanet.net\/wp-cnet\/wp-json\/wp\/v2\/posts"}],"about":[{"href":"https:\/\/catolicanet.net\/wp-cnet\/wp-json\/wp\/v2\/types\/post"}],"author":[{"embeddable":true,"href":"https:\/\/catolicanet.net\/wp-cnet\/wp-json\/wp\/v2\/users\/1"}],"replies":[{"embeddable":true,"href":"https:\/\/catolicanet.net\/wp-cnet\/wp-json\/wp\/v2\/comments?post=3977"}],"version-history":[{"count":1,"href":"https:\/\/catolicanet.net\/wp-cnet\/wp-json\/wp\/v2\/posts\/3977\/revisions"}],"predecessor-version":[{"id":9025,"href":"https:\/\/catolicanet.net\/wp-cnet\/wp-json\/wp\/v2\/posts\/3977\/revisions\/9025"}],"wp:attachment":[{"href":"https:\/\/catolicanet.net\/wp-cnet\/wp-json\/wp\/v2\/media?parent=3977"}],"wp:term":[{"taxonomy":"category","embeddable":true,"href":"https:\/\/catolicanet.net\/wp-cnet\/wp-json\/wp\/v2\/categories?post=3977"},{"taxonomy":"post_tag","embeddable":true,"href":"https:\/\/catolicanet.net\/wp-cnet\/wp-json\/wp\/v2\/tags?post=3977"}],"curies":[{"name":"wp","href":"https:\/\/api.w.org\/{rel}","templated":true}]}}